{"id":436428,"date":"2025-12-09T10:50:44","date_gmt":"2025-12-09T13:50:44","guid":{"rendered":"https:\/\/notinor.com\/jujuy\/?p=436428"},"modified":"2025-12-09T10:50:47","modified_gmt":"2025-12-09T13:50:47","slug":"este-miercoles-ejesa-realizara-tareas-programadas-para-mejoras-en-el-servicio-electrico-en-zonas-de-perico-y-palpala","status":"publish","type":"post","link":"https:\/\/notinor.com\/jujuy\/este-miercoles-ejesa-realizara-tareas-programadas-para-mejoras-en-el-servicio-electrico-en-zonas-de-perico-y-palpala\/","title":{"rendered":"Este mi\u00e9rcoles EJESA realizar\u00e1 tareas programadas para mejoras en el servicio el\u00e9ctrico en zonas de Perico y Palpal\u00e1"},"content":{"rendered":"\n<p class=\"has-medium-font-size\"><strong><em>Les informamos que, con el objetivo de\u00a0elevar la calidad del servicio el\u00e9ctrico, se llevar\u00e1n adelante\u00a0tareas programadas de mantenimiento y mejoras <\/em><\/strong><em><strong>destinadas a fortalecer la calidad y confiabilidad del servicio el\u00e9ctrico.<\/strong><\/em> <strong><em>Para su correcta ejecuci\u00f3n, ser\u00e1 necesario realizar\u00a0una interrupci\u00f3n programada del suministro\u00a0en las siguientes zonas y horarios:<\/em><\/strong><\/p>\n\n\n<div class=\"wp-block-image\">\n<figure class=\"aligncenter size-large is-resized\"><img decoding=\"async\" loading=\"lazy\" src=\"https:\/\/notinor.com\/jujuy\/wp-content\/uploads\/2019\/11\/Zona-franca-perico-682x480.jpg\" alt=\"\" class=\"wp-image-225168\" width=\"773\" height=\"544\" srcset=\"https:\/\/notinor.com\/jujuy\/wp-content\/uploads\/2019\/11\/Zona-franca-perico-682x480.jpg 682w, https:\/\/notinor.com\/jujuy\/wp-content\/uploads\/2019\/11\/Zona-franca-perico-519x365.jpg 519w, https:\/\/notinor.com\/jujuy\/wp-content\/uploads\/2019\/11\/Zona-franca-perico-768x540.jpg 768w, https:\/\/notinor.com\/jujuy\/wp-content\/uploads\/2019\/11\/Zona-franca-perico-300x210.jpg 300w, https:\/\/notinor.com\/jujuy\/wp-content\/uploads\/2019\/11\/Zona-franca-perico.jpg 800w\" sizes=\"(max-width: 773px) 100vw, 773px\" \/><\/figure><\/div>\n\n\n<p>\ud83d\udcc5<strong>\u00a0MI\u00c9RCOLES 10 de diciembre de 2025<\/strong><\/p>\n\n\n\n<p>\ud83d\udccd<strong>PERICO:<\/strong> Finca Berruezo, Finca Yuponi, Finca Tejerina y zonas aleda\u00f1as.<\/p>\n\n\n\n<p>\ud83d\udd50&nbsp;Horario estimado: de 08:00 a 13:00 Hs. aproximadamente.<\/p>\n\n\n<div class=\"wp-block-image\">\n<figure class=\"aligncenter size-full\"><img decoding=\"async\" loading=\"lazy\" width=\"750\" height=\"271\" src=\"https:\/\/notinor.com\/jujuy\/wp-content\/uploads\/2024\/04\/palpala1.jpg\" alt=\"\" class=\"wp-image-406811\" srcset=\"https:\/\/notinor.com\/jujuy\/wp-content\/uploads\/2024\/04\/palpala1.jpg 750w, https:\/\/notinor.com\/jujuy\/wp-content\/uploads\/2024\/04\/palpala1-660x238.jpg 660w\" sizes=\"(max-width: 750px) 100vw, 750px\" \/><\/figure><\/div>\n\n\n<p>\ud83d\udccd<strong>PALPALA<\/strong>: Aduana Nacional Colectora Ruta 66 y zonas aleda\u00f1as.<\/p>\n\n\n\n<p>\ud83d\udd50&nbsp;Horario estimado: de 14:00 a 18:00 Hs. aproximadamente.<\/p>\n\n\n\n<p>Les agradecemos&nbsp;<strong>la difusi\u00f3n de esta informaci\u00f3n a la comunidad<\/strong>, para que los\/as usuarios\/as puedan&nbsp;<strong>tomar las precauciones necesarias<\/strong>&nbsp;durante el per\u00edodo mencionado. Ante cualquier duda o requerimiento, recordamos que la comunidad puede comunicarse a trav\u00e9s de nuestros&nbsp;<strong>canales oficiales de atenci\u00f3n disponibles las 24 horas<\/strong>:<br>&nbsp;\ud83d\udd17&nbsp;<a href=\"https:\/\/linktr.ee\/ejesaSUS\" target=\"_blank\" rel=\"noreferrer noopener\">https:\/\/linktr.ee\/ejesaSUS<\/a><\/p>\n","protected":false},"excerpt":{"rendered":"<p>Les informamos que, con el objetivo de\u00a0elevar la calidad del servicio el\u00e9ctrico, se llevar\u00e1n adelante\u00a0tareas programadas de mantenimiento y mejoras destinadas a fortalecer la calidad y confiabilidad del servicio el\u00e9ctrico. Para su correcta ejecuci\u00f3n, ser\u00e1 necesario realizar\u00a0una interrupci\u00f3n programada del suministro\u00a0en las siguientes zonas y horarios: \ud83d\udcc5\u00a0MI\u00c9RCOLES 10 de diciembre de 2025 \ud83d\udccdPERICO: Finca Berruezo, [&hellip;]<\/p>\n","protected":false},"author":5,"featured_media":433037,"comment_status":"open","ping_status":"open","sticky":false,"template":"","format":"standard","meta":{"_stopmodifiedupdate":false,"_modified_date":"","inline_featured_image":false,"spay_email":"","jetpack_publicize_message":""},"categories":[4],"tags":[],"jetpack_featured_media_url":"https:\/\/notinor.com\/jujuy\/wp-content\/uploads\/2025\/09\/CUADRILLA-EJESA-2.jpg","jetpack_publicize_connections":[],"_links":{"self":[{"href":"https:\/\/notinor.com\/jujuy\/wp-json\/wp\/v2\/posts\/436428"}],"collection":[{"href":"https:\/\/notinor.com\/jujuy\/wp-json\/wp\/v2\/posts"}],"about":[{"href":"https:\/\/notinor.com\/jujuy\/wp-json\/wp\/v2\/types\/post"}],"author":[{"embeddable":true,"href":"https:\/\/notinor.com\/jujuy\/wp-json\/wp\/v2\/users\/5"}],"replies":[{"embeddable":true,"href":"https:\/\/notinor.com\/jujuy\/wp-json\/wp\/v2\/comments?post=436428"}],"version-history":[{"count":1,"href":"https:\/\/notinor.com\/jujuy\/wp-json\/wp\/v2\/posts\/436428\/revisions"}],"predecessor-version":[{"id":436429,"href":"https:\/\/notinor.com\/jujuy\/wp-json\/wp\/v2\/posts\/436428\/revisions\/436429"}],"wp:featuredmedia":[{"embeddable":true,"href":"https:\/\/notinor.com\/jujuy\/wp-json\/wp\/v2\/media\/433037"}],"wp:attachment":[{"href":"https:\/\/notinor.com\/jujuy\/wp-json\/wp\/v2\/media?parent=436428"}],"wp:term":[{"taxonomy":"category","embeddable":true,"href":"https:\/\/notinor.com\/jujuy\/wp-json\/wp\/v2\/categories?post=436428"},{"taxonomy":"post_tag","embeddable":true,"href":"https:\/\/notinor.com\/jujuy\/wp-json\/wp\/v2\/tags?post=436428"}],"curies":[{"name":"wp","href":"https:\/\/api.w.org\/{rel}","templated":true}]}}