{"id":436260,"date":"2025-12-03T13:09:58","date_gmt":"2025-12-03T16:09:58","guid":{"rendered":"https:\/\/notinor.com\/jujuy\/?p=436260"},"modified":"2025-12-03T13:10:00","modified_gmt":"2025-12-03T16:10:00","slug":"por-que-el-estres-causa-caida-del-cabello-identifican-un-mecanismo-que-activa-la-respuesta-inmune","status":"publish","type":"post","link":"https:\/\/notinor.com\/jujuy\/por-que-el-estres-causa-caida-del-cabello-identifican-un-mecanismo-que-activa-la-respuesta-inmune\/","title":{"rendered":"Por qu\u00e9 el estr\u00e9s causa ca\u00edda del cabello: identifican un mecanismo que activa la respuesta inmune"},"content":{"rendered":"\n<p class=\"has-medium-font-size\"><strong><em>Un estudio liderado por el Instituto de C\u00e9lulas Madre de la Universidad de Harvard describi\u00f3 c\u00f3mo la liberaci\u00f3n de noradrenalina da\u00f1a los fol\u00edculos pilosos y desencadena procesos biol\u00f3gicos que afectan al pelo<\/em><\/strong>.<\/p>\n\n\n\n<p class=\"has-text-align-center has-medium-font-size\"><img decoding=\"async\" loading=\"lazy\" height=\"768\" width=\"1408\" src=\"https:\/\/www.infobae.com\/resizer\/v2\/HXK7ZV5NGBBU5M7W2T6UT6Z74E.jpg?auth=13788042788048e7c7939a5b86b31f9ead845d5fd7c43b9a21aca74161ac8e50&amp;smart=true&amp;width=350&amp;height=191&amp;quality=85\" alt=\"La investigaci\u00f3n publicada en Cell\">La investigaci\u00f3n publicada en Cell identifica un mecanismo biol\u00f3gico en dos fases que vincula el estr\u00e9s con la ca\u00edda capilar y enfermedades autoinmunes<\/p>\n\n\n\n<p>Un episodio de <strong>estr\u00e9s agudo<\/strong>\u00a0puede desencadenar\u00a0<strong>da\u00f1os biol\u00f3gicos en el pelo,<\/strong>\u00a0pues cuando el sistema nervioso activa la liberaci\u00f3n de\u00a0<strong>noradrenalina<\/strong>\u00a0ante una situaci\u00f3n estresante, lesiona las c\u00e9lulas de los\u00a0<strong>fol\u00edculos pilosos<\/strong>\u00a0y puede provocar <strong>ca\u00edda del cabello.<\/strong><\/p>\n\n\n\n<p>Aunque estas c\u00e9lulas madre suelen sobrevivir y permiten la regeneraci\u00f3n temporal del cabello, el primer da\u00f1o activa una&nbsp;<strong>respuesta autoinmune que marca al organismo; as\u00ed, nuevos episodios de estr\u00e9s pueden reactivar ese ataque&nbsp;<\/strong>y provocar reca\u00eddas en la p\u00e9rdida capilar, incluso abrir la puerta a enfermedades autoinmunes.<\/p>\n\n\n\n<figure class=\"wp-block-image\"><img decoding=\"async\" src=\"https:\/\/www.infobae.com\/resizer\/v2\/3NJFDY3ZWJGRHEU2RFK5KOCIB4.png?auth=113349aea4f5ed70fcac46c4ac94c7f1af76c925de06a3e7f2e62eea46537487&amp;smart=true&amp;width=350&amp;height=474&amp;quality=85\" alt=\"\"\/><\/figure>\n\n\n\n<p>Esta conclusi\u00f3n proviene de un estudio internacional liderado por especialistas del\u00a0<strong>Instituto de C\u00e9lulas Madre de la Universidad de Harvard<\/strong>\u00a0y publicado en la revista Cell.<\/p>\n\n\n\n<p>El equipo, dirigido por la profesora de biolog\u00eda regenerativa&nbsp;<strong>Ya-chieh Hsu<\/strong>, identific\u00f3 el&nbsp;<strong>mecanismo biol\u00f3gico de dos fases&nbsp;<\/strong>que vincula el estr\u00e9s moderno con la ca\u00edda del cabello y la aparici\u00f3n de trastornos inmunol\u00f3gicos asociados.<\/p>\n\n\n\n<h3>El mecanismo en dos fases: da\u00f1o inmediato y respuesta autoinmune<\/h3>\n\n\n\n<p>La investigaci\u00f3n, desarrollada en colaboraci\u00f3n con la&nbsp;<strong>Universidad Rockefeller<\/strong>, el&nbsp;<strong>Instituto Broad<\/strong>&nbsp;y el&nbsp;<strong>Instituto Dana Farber<\/strong>, demostr\u00f3 que el estr\u00e9s activa el sistema nervioso simp\u00e1tico, lo que provoca la liberaci\u00f3n de&nbsp;<strong>noradrenalina<\/strong>. Este neurotransmisor, en niveles elevados, resulta letal para las c\u00e9lulas altamente proliferantes del fol\u00edculo piloso.<\/p>\n\n\n\n<p>\u201c<strong>El estr\u00e9s tiene un impacto inmediato a trav\u00e9s de la activaci\u00f3n del sistema nervioso simp\u00e1tico<\/strong>\u201d, explic\u00f3 Hsu en declaraciones a\u00a0<em>Harvard Gazette<\/em>. La especialista detall\u00f3 que la respuesta natural de \u201clucha o huida\u201d libera noradrenalina, que puede destruir c\u00e9lulas clave en el fol\u00edculo piloso cuando su concentraci\u00f3n es excesiva.<\/p>\n\n\n\n<p class=\"has-text-align-center\"><img decoding=\"async\" loading=\"lazy\" height=\"768\" width=\"1408\" src=\"https:\/\/www.infobae.com\/resizer\/v2\/SAL463JS7VBHFBX6GBYFTLP4BU.jpg?auth=f4736dcbf687e25465bf01dfc88e06a4a7a4b891d310a75f9d071fdafa2a7d11&amp;smart=true&amp;width=350&amp;height=191&amp;quality=85\" alt=\"Cient\u00edficos de Harvard y otras\">Cient\u00edficos de Harvard y otras instituciones demostraron que la liberaci\u00f3n de noradrenalina durante episodios de estr\u00e9s puede destruir c\u00e9lulas clave del fol\u00edculo piloso, iniciando una respuesta inflamatoria y autoinmune que afecta la salud capilar <\/p>\n\n\n\n<p>En esta<strong>&nbsp;primera fase,<\/strong>&nbsp;la ca\u00edda del cabello suele ser temporal, ya que las c\u00e9lulas madre del fol\u00edculo piloso permanecen intactas y pueden regenerar el cabello perdido. \u201cDebido a que en este caso las c\u00e9lulas madre se conservan, se podr\u00eda regenerar el fol\u00edculo piloso, por lo que habr\u00e1 una p\u00e9rdida de cabello temporal, pero luego las c\u00e9lulas madre se activar\u00e1n para regenerar cabello nuevo\u201d, a\u00f1adi\u00f3 Hsu.<\/p>\n\n\n\n<p>La&nbsp;<strong>segunda fase del proceso<\/strong>, identificada gracias a las im\u00e1genes obtenidas por la bi\u00f3loga&nbsp;<strong>H. Amalia Pasolli<\/strong>, revel\u00f3 un da\u00f1o m\u00e1s profundo.<\/p>\n\n\n\n<p>Los fol\u00edculos pilosos afectados por la noradrenalina presentaron signos de necrosis, un tipo de muerte celular inflamatoria.\u00a0<strong>Emily Scott-Solomon<\/strong>, investigadora posdoctoral y coautora principal del estudio, describi\u00f3 que los fol\u00edculos da\u00f1ados \u201c<strong>parec\u00edan como si se les hubiera vertido \u00e1cido clorh\u00eddrico<\/strong>\u201d y hab\u00edan muerto por necrosis, seg\u00fan inform\u00f3\u00a0<em>Harvard Gazette<\/em>.<\/p>\n\n\n\n<p class=\"has-text-align-center\"><img decoding=\"async\" loading=\"lazy\" height=\"816\" width=\"1456\" src=\"https:\/\/www.infobae.com\/resizer\/v2\/MW57UIN4RFBZRMCQKFDDHAUIWA.jpg?auth=b8b47a5ff8e79b0671bb31582ffa16a313ca2ee38d91938633259de716fc62a9&amp;smart=true&amp;width=350&amp;height=196&amp;quality=85\" alt=\"La noradrenalina liberada por el\">La noradrenalina liberada por el sistema nervioso simp\u00e1tico destruye c\u00e9lulas clave del fol\u00edculo piloso y favorece la necrosis del pelo <\/p>\n\n\n\n<h3>C\u00f3mo act\u00faa la liberaci\u00f3n de noradrenalina durante un episodio de estr\u00e9s<\/h3>\n\n\n\n<p>El da\u00f1o necr\u00f3tico al fol\u00edculo piloso desencadena una reacci\u00f3n inmunitaria secundaria. El cuerpo interpreta el tejido inflamado como un invasor, lo que activa una cascada de respuestas inmunes. Hsu explic\u00f3 que este proceso activa&nbsp;<strong>c\u00e9lulas T CD8+ autorreactivas<\/strong>, que normalmente protegen las c\u00e9lulas sanas, pero que en este contexto \u201cahora ven los fol\u00edculos pilosos como un objeto extra\u00f1o que deben atacar\u201d.<\/p>\n\n\n\n<p>Este ataque inmunol\u00f3gico puede persistir en el tiempo, ya que las c\u00e9lulas T hiperactivas quedan preparadas para responder ante futuros episodios de estr\u00e9s, lo que puede provocar reca\u00eddas en la ca\u00edda del cabello.<\/p>\n\n\n\n<p>El estudio sugiere que este mecanismo podr\u00eda estar relacionado con&nbsp;<strong>enfermedades autoinmunes&nbsp;<\/strong>como la&nbsp;<strong>alopecia areata<\/strong>, el&nbsp;<strong>lupus<\/strong>&nbsp;o la&nbsp;<strong>diabetes tipo 1<\/strong>. \u201cSiempre se necesita un factor desencadenante, y este no es necesariamente gen\u00e9tico\u201d, afirm\u00f3 Hsu.<\/p>\n\n\n\n<h3>Implicaciones para enfermedades autoinmunes y reca\u00eddas<\/h3>\n\n\n\n<p class=\"has-text-align-center\"><img decoding=\"async\" loading=\"lazy\" height=\"512\" width=\"768\" src=\"https:\/\/www.infobae.com\/resizer\/v2\/4I24HKNLQ5BARCPFOGY7QPSQYI.webp?auth=0eab728329e62dd13f6fd0befd9456177579e767424e616d82cd874a2e9e3951&amp;smart=true&amp;width=350&amp;height=233&amp;quality=85\" alt=\"Ya-Chieh Hsu, profesor de c\u00e9lulas\"><\/p>\n\n\n\n<p class=\"has-text-align-center\">Ya-Chieh Hsu, profesor de c\u00e9lulas madre y biolog\u00eda regenerativa <\/p>\n\n\n\n<p>La&nbsp;<strong>activaci\u00f3n de c\u00e9lulas T autorreactivas&nbsp;<\/strong>tras el da\u00f1o inicial al fol\u00edculo piloso plantea nuevas preguntas sobre la relaci\u00f3n entre el estr\u00e9s y las enfermedades autoinmunes.<\/p>\n\n\n\n<p>El estudio destaca que&nbsp;<strong>un solo episodio de estr\u00e9s agudo puede dejar una huella duradera en el sistema inmunitario<\/strong>, predisponiendo a ataques recurrentes contra el mismo tejido. Este hallazgo abre la puerta a investigaciones sobre c\u00f3mo otros factores ambientales y de estilo de vida pueden influir en la aparici\u00f3n y recurrencia de enfermedades autoinmunes.<\/p>\n\n\n\n<p><strong>Alexander Mann<\/strong>, inmun\u00f3logo y coautor del art\u00edculo, subray\u00f3 la importancia de este avance: \u201cUn estudio como este es importante tanto por sus hallazgos como por c\u00f3mo se llev\u00f3 a cabo\u201d, declar\u00f3.<\/p>\n\n\n\n<p>Mann destac\u00f3 que la investigaci\u00f3n demuestra una de las formas en que se pueden desencadenar las enfermedades autoinmunes y plantea muchas m\u00e1s preguntas sobre las causas de la autoinmunidad.<\/p>\n\n\n\n<p class=\"has-text-align-center\"><img decoding=\"async\" loading=\"lazy\" height=\"512\" width=\"768\" src=\"https:\/\/www.infobae.com\/resizer\/v2\/W7JSPSMMZFGELIJ4A53276HRFI.webp?auth=6dc7bf758045f2358464b84360039d5e5a7fb68e719cf1400a6333fcf2c69d80&amp;smart=true&amp;width=350&amp;height=233&amp;quality=85\" alt=\"Los investigadores postdoctorales en el\"><\/p>\n\n\n\n<p>   Los investigadores postdoctorales en el laboratorio de Hsu incluyen a Emily Scott-Solomon (de   izquierda a derecha), Shlomi Brielle y Alexander Mann <\/p>\n\n\n\n<p>El trabajo publicado en&nbsp;<em>Cell<\/em>&nbsp;es resultado de una colaboraci\u00f3n interdisciplinaria que reuni\u00f3 a expertos en neurociencia, biolog\u00eda de c\u00e9lulas madre e inmunolog\u00eda. Adem\u00e1s de Hsu, Scott-Solomon y Mann, participaron&nbsp;<strong>Shlomi Brielle<\/strong>, encargado de los an\u00e1lisis bioinform\u00e1ticos;&nbsp;<strong>Judith Agudo<\/strong>, experta en ataque inmunol\u00f3gico y tolerancia del Instituto Dana Farber; y&nbsp;<strong>Ruth Franklin<\/strong>, especialista en inflamaci\u00f3n de la Facultad de Medicina de Harvard.<\/p>\n\n\n\n<p>Mann resalt\u00f3 que la combinaci\u00f3n de diferentes especialidades permiti\u00f3 descubrir nuevos mecanismos biol\u00f3gicos y comprender mejor la interacci\u00f3n entre el sistema nervioso y el sistema inmunitario. \u201cPone de relieve la cantidad de nuevos descubrimientos biol\u00f3gicos que se pueden realizar cuando investigadores con diferentes especialidades colaboran\u201d, afirm\u00f3.<\/p>\n\n\n\n<p>El v\u00ednculo entre el estr\u00e9s y la ca\u00edda del cabello ha sido observado durante d\u00e9cadas, pero este estudio aporta evidencia clara sobre c\u00f3mo el estr\u00e9s agudo puede desencadenar tanto la p\u00e9rdida inmediata de cabello como una respuesta autoinmune persistente.<\/p>\n\n\n\n<p>Hsu, quien tambi\u00e9n participa en el proyecto&nbsp;<strong>Biolog\u00eda de la Adversidad<\/strong>&nbsp;del Instituto Broad, se\u00f1al\u00f3 que&nbsp;<strong>el impacto de las experiencias adversas vividas en los tejidos corporales es tan relevante como la gen\u00e9tica<\/strong>. \u201cMe fascina ver que nuestra forma de vida tiene el mismo impacto en nuestros tejidos que muchos de nuestros genes\u201d, expres\u00f3 a la&nbsp;<em>Harvard Gazette<\/em>.<\/p>\n\n\n\n<p>La investigaci\u00f3n, financiada en parte por los&nbsp;<strong>Institutos Nacionales de Salud de Estados Unidos<\/strong>, abre nuevas l\u00edneas para el estudio de la relaci\u00f3n entre factores ambientales, estr\u00e9s y enfermedades autoinmunes. Los autores consideran que comprender estos mecanismos permitir\u00e1 desarrollar estrategias para prevenir o tratar la ca\u00edda del cabello y otras afecciones relacionadas con el sistema inmunitario.<\/p>\n\n\n\n<p><strong>C\u00f3mo prevenir la ca\u00edda del cabello<\/strong><\/p>\n\n\n\n<p>La\u00a0<strong>ca\u00edda del cabello<\/strong>\u00a0fue el eje de una reciente entrevista en el\u00a0ciclo El Puente\u00a0de Infobae, donde la\u00a0<strong>dermat\u00f3loga y tric\u00f3loga Vanina Gegdyszman<\/strong>\u00a0detall\u00f3 los factores que influyen en la p\u00e9rdida de pelo, entre ellos el estr\u00e9s, y describi\u00f3 los h\u00e1bitos esenciales para su prevenci\u00f3n. La especialista subray\u00f3 que la\u00a0<strong>alopecia<\/strong>\u00a0se define como un aumento anormal en la p\u00e9rdida capilar, diferenci\u00e1ndola de la ca\u00edda diaria considerada fisiol\u00f3gica.<\/p>\n\n\n\n<p>Entre las pr\u00e1cticas que pueden afectar la salud capilar,&nbsp;<strong>dormir con el cabello h\u00famedo<\/strong>&nbsp;fue se\u00f1alada como perjudicial, ya que puede provocar&nbsp;<strong>desequilibrios en el cuero cabelludo<\/strong>, como mayor caspa o dermatitis seborreica, adem\u00e1s de incrementar la fricci\u00f3n y el da\u00f1o en la fibra capilar. Por ello, Gegdyszman recomend\u00f3:&nbsp;<strong>\u201cSiempre dormirse con el cuero cabelludo seco\u201d<\/strong>.<\/p>\n\n\n\n<p>El\u00a0<strong>estr\u00e9s\u00a0<\/strong>puede influir en la ca\u00edda de cabello, ya que\u00a0<strong>altera los ciclos de crecimiento capilar<\/strong>, seg\u00fan explic\u00f3 el estilista argentino radicado en Miami\u00a0<strong>Leonardo Rocco.<\/strong>\u00a0Aunque la p\u00e9rdida de cabello tambi\u00e9n puede estar relacionada con factores gen\u00e9ticos, cambios hormonales o deficiencias nutricionales, el especialista destac\u00f3 que situaciones de tensi\u00f3n emocional suelen coincidir con episodios de debilitamiento o ca\u00edda.<\/p>\n\n\n\n<p>Para prevenir estos efectos, Rocco recomend\u00f3 adoptar h\u00e1bitos que favorezcan la salud integral del cabello,<strong>&nbsp;como elegir productos adecuados para cada tipo, mantener una hidrataci\u00f3n constante y evitar el uso excesivo de qu\u00edmicos agresivos<\/strong>. Adem\u00e1s, subray\u00f3 la importancia de consultar a profesionales ante cualquier cambio significativo y de priorizar el bienestar general, ya que \u201cel cabello es una ventana a la salud\u201d.<\/p>\n\n\n\n<p>En tanto, Gegdyszman desminti\u00f3 el mito de que el lavado frecuente debilita el cabello. Explic\u00f3 que la&nbsp;<strong>limpieza regular<\/strong>&nbsp;es fundamental para mantener el equilibrio del microbioma capilar y que la frecuencia debe adaptarse al tipo de cuero cabelludo:&nbsp;<strong>\u201cLo puedo lavar tranquilamente a diario. Seg\u00fan el tipo de cuero cabelludo, vamos a elegir la frecuencia, de diario a d\u00eda por medio\u201d<\/strong>, precis\u00f3.<\/p>\n","protected":false},"excerpt":{"rendered":"<p>Un estudio liderado por el Instituto de C\u00e9lulas Madre de la Universidad de Harvard describi\u00f3 c\u00f3mo la liberaci\u00f3n de noradrenalina da\u00f1a los fol\u00edculos pilosos y desencadena procesos biol\u00f3gicos que afectan al pelo. La investigaci\u00f3n publicada en Cell identifica un mecanismo biol\u00f3gico en dos fases que vincula el estr\u00e9s con la ca\u00edda capilar y enfermedades autoinmunes [&hellip;]<\/p>\n","protected":false},"author":5,"featured_media":436261,"comment_status":"open","ping_status":"open","sticky":false,"template":"","format":"standard","meta":{"_stopmodifiedupdate":false,"_modified_date":"","inline_featured_image":false,"spay_email":"","jetpack_publicize_message":""},"categories":[828],"tags":[],"jetpack_featured_media_url":"https:\/\/notinor.com\/jujuy\/wp-content\/uploads\/2025\/12\/CAIDA.jpg","jetpack_publicize_connections":[],"_links":{"self":[{"href":"https:\/\/notinor.com\/jujuy\/wp-json\/wp\/v2\/posts\/436260"}],"collection":[{"href":"https:\/\/notinor.com\/jujuy\/wp-json\/wp\/v2\/posts"}],"about":[{"href":"https:\/\/notinor.com\/jujuy\/wp-json\/wp\/v2\/types\/post"}],"author":[{"embeddable":true,"href":"https:\/\/notinor.com\/jujuy\/wp-json\/wp\/v2\/users\/5"}],"replies":[{"embeddable":true,"href":"https:\/\/notinor.com\/jujuy\/wp-json\/wp\/v2\/comments?post=436260"}],"version-history":[{"count":1,"href":"https:\/\/notinor.com\/jujuy\/wp-json\/wp\/v2\/posts\/436260\/revisions"}],"predecessor-version":[{"id":436262,"href":"https:\/\/notinor.com\/jujuy\/wp-json\/wp\/v2\/posts\/436260\/revisions\/436262"}],"wp:featuredmedia":[{"embeddable":true,"href":"https:\/\/notinor.com\/jujuy\/wp-json\/wp\/v2\/media\/436261"}],"wp:attachment":[{"href":"https:\/\/notinor.com\/jujuy\/wp-json\/wp\/v2\/media?parent=436260"}],"wp:term":[{"taxonomy":"category","embeddable":true,"href":"https:\/\/notinor.com\/jujuy\/wp-json\/wp\/v2\/categories?post=436260"},{"taxonomy":"post_tag","embeddable":true,"href":"https:\/\/notinor.com\/jujuy\/wp-json\/wp\/v2\/tags?post=436260"}],"curies":[{"name":"wp","href":"https:\/\/api.w.org\/{rel}","templated":true}]}}