{"id":436257,"date":"2025-12-03T12:49:29","date_gmt":"2025-12-03T15:49:29","guid":{"rendered":"https:\/\/notinor.com\/jujuy\/?p=436257"},"modified":"2025-12-03T12:49:31","modified_gmt":"2025-12-03T15:49:31","slug":"oficializaron-nuevas-subas-para-el-salario-minimo-vital-y-movil-de-cuanto-sera-este-mes-y-a-cuanto-llegara-en-agosto","status":"publish","type":"post","link":"https:\/\/notinor.com\/jujuy\/oficializaron-nuevas-subas-para-el-salario-minimo-vital-y-movil-de-cuanto-sera-este-mes-y-a-cuanto-llegara-en-agosto\/","title":{"rendered":"Oficializaron nuevas subas para el Salario M\u00ednimo, Vital y M\u00f3vil: de cu\u00e1nto ser\u00e1 este mes y a cu\u00e1nto llegar\u00e1 en agosto"},"content":{"rendered":"\n<p class=\"has-medium-font-size\"><strong><em>Luego de que empresarios y sindicatos no lograran llegar a un acuerdo en la \u00faltima reuni\u00f3n del Consejo del Salario M\u00ednimo, el Ejecutivo determin\u00f3 los incrementos para los pr\u00f3ximos meses a trav\u00e9s de un decreto.<\/em><\/strong><\/p>\n\n\n\n<p class=\"has-text-align-center\"><img decoding=\"async\" loading=\"lazy\" height=\"3463\" width=\"5194\" src=\"https:\/\/www.infobae.com\/resizer\/v2\/UYZKC2ZFZJBPJNSCNTAVDOLMEM.JPG?auth=cee124b48a885a44d5a2469c46dff6f084164e38923e27ce7db70df58eab0045&amp;smart=true&amp;width=350&amp;height=233&amp;quality=85\" alt=\"Desde agosto, el salario m\u00ednimo\">Desde agosto, el salario m\u00ednimo permanece fijado en $322.200 mensuales<\/p>\n\n\n\n<p>En una decisi\u00f3n que impacta de lleno en el bolsillo de millones de trabajadores, el\u00a0<strong>Consejo Nacional del Empleo, la Productividad y el Salario M\u00ednimo, Vital y M\u00f3vil<\/strong> resolvi\u00f3, mediante la\u00a0<strong>Resoluci\u00f3n 9\/2025\u00a0<\/strong>\u2014publicada este mi\u00e9rcoles en el\u00a0<strong>Bolet\u00edn Oficial<\/strong>\u2014, fijar una nueva escala de actualizaciones para todo el pa\u00eds, con\u00a0<strong>aumentos escalonados desde noviembre de 2025 hasta agosto de 2026<\/strong>.<\/p>\n\n\n\n<p>La medida, firmada por la presidente alterna del Consejo, Claudia Silvana Testa,&nbsp;<strong>se dict\u00f3 tras el fracaso de las negociaciones entre los representantes sindicales y empleadores<\/strong>, que no lograron consensuar un monto en la \u00faltima sesi\u00f3n plenaria realizada el 26 de noviembre.<\/p>\n\n\n\n<p>La sesi\u00f3n del Consejo se realiz\u00f3 de manera virtual y, al momento de tratar el segundo punto del orden del d\u00eda \u2014la actualizaci\u00f3n del salario m\u00ednimo y de las prestaciones por desempleo\u2014, se expusieron las propuestas de ambos sectores.<\/p>\n\n\n\n<p>Como no se alcanz\u00f3 un consenso, la normativa vigente habilita al\u00a0<strong>Gobierno\u00a0<\/strong>a determinar el nuevo salario m\u00ednimo a trav\u00e9s de un decreto, tal como viene sucediendo desde la llegada de\u00a0<strong>Javier Milei<\/strong>\u00a0al Ejecutivo.<\/p>\n\n\n\n<p class=\"has-text-align-center\"><img decoding=\"async\" loading=\"lazy\" height=\"1987\" width=\"2980\" src=\"https:\/\/www.infobae.com\/resizer\/v2\/WFWTA56QANEUBPFRL7LVRJLGKE.jpg?auth=792a0ba5224aa51810d81913ef6845b39f908241c697840ff0616c6a3b3bb7a6&amp;smart=true&amp;width=350&amp;height=233&amp;quality=85\" alt=\"Como no se alcanz\u00f3 un\">Como no se alcanz\u00f3 un consenso, la normativa habilita al Gobierno a determinar el nuevo salario m\u00ednimo a trav\u00e9s de un decreto, tal como viene sucediendo desde la llegada de Javier Milei al Ejecutivo. (AP)<\/p>\n\n\n\n<p>De esta manera, fijaron los nuevos valores. As\u00ed, la escala establece que, a partir del&nbsp;<strong>1\u00b0 de noviembre de 2025<\/strong>, el salario m\u00ednimo para los trabajadores mensualizados que cumplen la jornada legal completa ser\u00e1 de&nbsp;<strong>$328.400<\/strong>&nbsp;(desde agosto, permanece en $322.200), mientras que para los trabajadores jornalizados se fija en&nbsp;<strong>$1.642 el precio de la hora<\/strong>&nbsp;(hasta el momento era de $1.610).<\/p>\n\n\n\n<p>Estos montos se incrementar\u00e1n de manera progresiva mes a mes:<\/p>\n\n\n\n<ul>\n<li>En diciembre de 2025, el m\u00ednimo ser\u00e1 de&nbsp;<strong>$334.800<\/strong>;<\/li>\n\n\n\n<li>En enero de 2026,&nbsp;<strong>$341.000<\/strong>;<\/li>\n\n\n\n<li>En febrero,&nbsp;<strong>$346.800<\/strong>;<\/li>\n\n\n\n<li>En marzo,&nbsp;<strong>$352.400<\/strong>;<\/li>\n\n\n\n<li>En abril,&nbsp;<strong>$357.800<\/strong>;<\/li>\n\n\n\n<li>En mayo,&nbsp;<strong>$363.000<\/strong>;<\/li>\n\n\n\n<li>En junio,&nbsp;<strong>$367.800<\/strong>;<\/li>\n\n\n\n<li>En julio,&nbsp;<strong>$372.400<\/strong>;<\/li>\n\n\n\n<li>Y en agosto,&nbsp;<strong>$376.600<\/strong>.<\/li>\n<\/ul>\n\n\n\n<p>Los valores horarios para los trabajadores\u00a0<strong>jornalizados\u00a0<\/strong>tambi\u00e9n acompa\u00f1ar\u00e1n esta suba,<strong>\u00a0llegando a $1.883 por hora en agosto de 2026<\/strong>.<\/p>\n\n\n\n<p class=\"has-text-align-center\"><img decoding=\"async\" loading=\"lazy\" height=\"1816\" width=\"3229\" src=\"https:\/\/www.infobae.com\/resizer\/v2\/OQLFAFWYKBBUTDKMZELEC2GWVM.JPG?auth=498dd7e9baf63cfc901b22a2ecb88d810a79224b4ffdb597f1e072d2da0f786d&amp;smart=true&amp;width=350&amp;height=197&amp;quality=85\" alt=\"El salario m\u00ednimo establece el\">El salario m\u00ednimo establece el ingreso base para los trabajadores formales y se utiliza como referencia para calcular distintas prestaciones sociales y universales<\/p>\n\n\n\n<p>La decisi\u00f3n alcanza a todos los trabajadores comprendidos en el R\u00e9gimen de Contrato de Trabajo aprobado por la Ley 20.744, el R\u00e9gimen de Trabajo Agrario, la Administraci\u00f3n P\u00fablica Nacional y todas las entidades y organismos del Estado Nacional que act\u00faen como empleadores,&nbsp;<strong>\u201ccon excepci\u00f3n de las situaciones previstas en los art\u00edculos 92 ter y 198\u201d de la ley laboral, que refieren a contratos a tiempo parcial y a trabajadores menores de edad<\/strong>, quienes percibir\u00e1n el salario m\u00ednimo en proporci\u00f3n a su jornada.<\/p>\n\n\n\n<p>En cuanto a la&nbsp;<strong>prestaci\u00f3n por desempleo<\/strong>, la resoluci\u00f3n mantiene la f\u00f3rmula vigente desde septiembre de 2023, estableciendo que el monto ser\u00e1 equivalente al&nbsp;<strong>75% del importe neto de la mejor remuneraci\u00f3n mensual, normal y habitual del trabajador en los 6 meses anteriores al cese del contrato<\/strong>. Adem\u00e1s, se fija un piso y un techo: \u201cEn ning\u00fan caso la prestaci\u00f3n mensual podr\u00e1 ser inferior al 50% del Salario M\u00ednimo Vital y M\u00f3vil vigente, ni superior al 100% del Salario M\u00ednimo Vital y M\u00f3vil vigente\u201d.<\/p>\n\n\n\n<p>Desde la Uni\u00f3n de Trabajadores de la Econom\u00eda Popular (UTEP), las dos CTA, Territorios en Lucha y el Frente Barrial, entre otras organizaciones, reclamaban que Salario M\u00ednimo, Vital y M\u00f3vil se equipare al valor de la&nbsp;<strong>Canasta B\u00e1sica Total (CBT)<\/strong>, que actualmente asciende a $1.276.649 para una familia tipo. Adem\u00e1s, la&nbsp;<strong>Canasta B\u00e1sica Alimentaria (CBA)<\/strong>, que determina el umbral de la indigencia, se ubic\u00f3 en 572.488 pesos. Llegar a esa suma implicar\u00eda un incremento del&nbsp;<strong>180%<\/strong>.<\/p>\n\n\n\n<p>De acuerdo con las estimaciones del Instituto Interdisciplinario de Econom\u00eda Pol\u00edtica (UBA-CONICET), en octubre el salario m\u00ednimo experiment\u00f3 una reducci\u00f3n real del 2,3%. Esta ca\u00edda se suma a las registradas en septiembre (-2,0%), agosto (-0,5%) y julio (-0,5%), tras una leve estabilidad en junio (+0,1%).<\/p>\n\n\n\n<p>El proceso de p\u00e9rdida de valor real del salario m\u00ednimo se intensific\u00f3 a partir de diciembre de 2023, cuando se produjo una contracci\u00f3n del 15% impulsada por la aceleraci\u00f3n inflacionaria, seguida de una disminuci\u00f3n a\u00fan mayor, del 17%, en enero de 2024.<img decoding=\"async\" loading=\"lazy\" alt=\"Evoluci\u00f3n del salario m\u00ednimo (IIEP)\" height=\"1180\" src=\"https:\/\/www.infobae.com\/resizer\/v2\/OXNZIUDSQRHN3GOH425UCERRLA.jpeg?auth=50d7881313febcb754b26ddb2dcc86392b62f70f44cf64da257da99de0d34c37&amp;smart=true&amp;width=350&amp;height=215&amp;quality=85\" width=\"1920\">Evoluci\u00f3n del salario m\u00ednimo (IIEP)<\/p>\n\n\n\n<p>Si bien en algunos meses posteriores el incremento nominal logr\u00f3 acompa\u00f1ar o superar el \u00cdndice de Precios al Consumidor (IPC), la tendencia general fue descendente. Entre noviembre de 2023 y octubre pasado, el salario m\u00ednimo real acumul\u00f3 una ca\u00edda del 35%, mientras que en lo que va del a\u00f1o la reducci\u00f3n alcanza el 7,7%.<\/p>\n\n\n\n<p>Fuente Infobae<\/p>\n","protected":false},"excerpt":{"rendered":"<p>Luego de que empresarios y sindicatos no lograran llegar a un acuerdo en la \u00faltima reuni\u00f3n del Consejo del Salario M\u00ednimo, el Ejecutivo determin\u00f3 los incrementos para los pr\u00f3ximos meses a trav\u00e9s de un decreto. Desde agosto, el salario m\u00ednimo permanece fijado en $322.200 mensuales En una decisi\u00f3n que impacta de lleno en el bolsillo [&hellip;]<\/p>\n","protected":false},"author":5,"featured_media":436258,"comment_status":"open","ping_status":"open","sticky":false,"template":"","format":"standard","meta":{"_stopmodifiedupdate":false,"_modified_date":"","inline_featured_image":false,"spay_email":"","jetpack_publicize_message":""},"categories":[5],"tags":[],"jetpack_featured_media_url":"https:\/\/notinor.com\/jujuy\/wp-content\/uploads\/2025\/12\/SALARIO.jpg","jetpack_publicize_connections":[],"_links":{"self":[{"href":"https:\/\/notinor.com\/jujuy\/wp-json\/wp\/v2\/posts\/436257"}],"collection":[{"href":"https:\/\/notinor.com\/jujuy\/wp-json\/wp\/v2\/posts"}],"about":[{"href":"https:\/\/notinor.com\/jujuy\/wp-json\/wp\/v2\/types\/post"}],"author":[{"embeddable":true,"href":"https:\/\/notinor.com\/jujuy\/wp-json\/wp\/v2\/users\/5"}],"replies":[{"embeddable":true,"href":"https:\/\/notinor.com\/jujuy\/wp-json\/wp\/v2\/comments?post=436257"}],"version-history":[{"count":1,"href":"https:\/\/notinor.com\/jujuy\/wp-json\/wp\/v2\/posts\/436257\/revisions"}],"predecessor-version":[{"id":436259,"href":"https:\/\/notinor.com\/jujuy\/wp-json\/wp\/v2\/posts\/436257\/revisions\/436259"}],"wp:featuredmedia":[{"embeddable":true,"href":"https:\/\/notinor.com\/jujuy\/wp-json\/wp\/v2\/media\/436258"}],"wp:attachment":[{"href":"https:\/\/notinor.com\/jujuy\/wp-json\/wp\/v2\/media?parent=436257"}],"wp:term":[{"taxonomy":"category","embeddable":true,"href":"https:\/\/notinor.com\/jujuy\/wp-json\/wp\/v2\/categories?post=436257"},{"taxonomy":"post_tag","embeddable":true,"href":"https:\/\/notinor.com\/jujuy\/wp-json\/wp\/v2\/tags?post=436257"}],"curies":[{"name":"wp","href":"https:\/\/api.w.org\/{rel}","templated":true}]}}