{"id":436067,"date":"2025-11-30T15:29:58","date_gmt":"2025-11-30T18:29:58","guid":{"rendered":"https:\/\/notinor.com\/jujuy\/?p=436067"},"modified":"2025-11-30T19:18:41","modified_gmt":"2025-11-30T22:18:41","slug":"este-domingo-fallecio-ekel-meyer-presidente-de-la-suprema-corte-de-justicia-de-jujuy","status":"publish","type":"post","link":"https:\/\/notinor.com\/jujuy\/este-domingo-fallecio-ekel-meyer-presidente-de-la-suprema-corte-de-justicia-de-jujuy\/","title":{"rendered":"Este domingo falleci\u00f3 Ekel Meyer, presidente de la Suprema Corte de Justicia de Jujuy"},"content":{"rendered":"\n<p class=\"has-medium-font-size\"><strong><em>El jurista y funcionario p\u00fablico juje\u00f1o muri\u00f3 este domingo. Meyer ocupaba la presidencia de la Suprema Corte desde principios de 2024.<\/em><\/strong><\/p>\n\n\n\n<p><\/p>\n\n\n<div class=\"wp-block-image\">\n<figure class=\"aligncenter size-full\"><img decoding=\"async\" loading=\"lazy\" width=\"800\" height=\"450\" src=\"https:\/\/notinor.com\/jujuy\/wp-content\/uploads\/2025\/11\/ekel-meyer.jpg\" alt=\"\" class=\"wp-image-436072\" srcset=\"https:\/\/notinor.com\/jujuy\/wp-content\/uploads\/2025\/11\/ekel-meyer.jpg 800w, https:\/\/notinor.com\/jujuy\/wp-content\/uploads\/2025\/11\/ekel-meyer-649x365.jpg 649w, https:\/\/notinor.com\/jujuy\/wp-content\/uploads\/2025\/11\/ekel-meyer-500x280.jpg 500w, https:\/\/notinor.com\/jujuy\/wp-content\/uploads\/2025\/11\/ekel-meyer-768x432.jpg 768w, https:\/\/notinor.com\/jujuy\/wp-content\/uploads\/2025\/11\/ekel-meyer-750x422.jpg 750w\" sizes=\"(max-width: 800px) 100vw, 800px\" \/><\/figure><\/div>\n\n\n<p><\/p>\n\n\n\n<p>Este domingo, <strong>se confirm\u00f3 el fallecimiento del doctor Ekel Meyer<\/strong>, actual presidente de la Suprema Corte de Justicia de Jujuy y una figura de extensa trayectoria en la vida institucional de la provincia.<\/p>\n\n\n\n<p>Meyer <strong>ejerc\u00eda como presidente de la Corte desde comienzos de 2024,<\/strong> cargo para el cual hab\u00eda sido ratificado tambi\u00e9n para 2025. <\/p>\n\n\n\n<p>Antes de asumir esa funci\u00f3n, <strong>se desempe\u00f1\u00f3 como&nbsp;vocal del Superior Tribunal de Justicia<\/strong>, puesto al que ingres\u00f3 en diciembre de 2020.<\/p>\n\n\n\n<p>Su carrera p\u00fablica no se limit\u00f3 al \u00e1mbito judicial. Entre 2015 y 2020, Meyer <strong>fue&nbsp;ministro de Seguridad de la Provincia<\/strong>.<\/p>\n\n\n\n<p>Previo a ello, tambi\u00e9n <strong>ocup\u00f3 una banca como<\/strong>&nbsp;<strong>diputado provincial en la Legislatura de Jujuy<\/strong> y <strong>fue concejal de la ciudad de San Salvador de Jujuy <\/strong>en los 2000.<\/p>\n","protected":false},"excerpt":{"rendered":"<p>El jurista y funcionario p\u00fablico juje\u00f1o muri\u00f3 este domingo. Meyer ocupaba la presidencia de la Suprema Corte desde principios de 2024. Este domingo, se confirm\u00f3 el fallecimiento del doctor Ekel Meyer, actual presidente de la Suprema Corte de Justicia de Jujuy y una figura de extensa trayectoria en la vida institucional de la provincia. Meyer [&hellip;]<\/p>\n","protected":false},"author":51,"featured_media":436072,"comment_status":"open","ping_status":"open","sticky":false,"template":"","format":"standard","meta":{"_stopmodifiedupdate":false,"_modified_date":"","inline_featured_image":false,"spay_email":"","jetpack_publicize_message":""},"categories":[2,514,501],"tags":[],"jetpack_featured_media_url":"https:\/\/notinor.com\/jujuy\/wp-content\/uploads\/2025\/11\/ekel-meyer.jpg","jetpack_publicize_connections":[],"_links":{"self":[{"href":"https:\/\/notinor.com\/jujuy\/wp-json\/wp\/v2\/posts\/436067"}],"collection":[{"href":"https:\/\/notinor.com\/jujuy\/wp-json\/wp\/v2\/posts"}],"about":[{"href":"https:\/\/notinor.com\/jujuy\/wp-json\/wp\/v2\/types\/post"}],"author":[{"embeddable":true,"href":"https:\/\/notinor.com\/jujuy\/wp-json\/wp\/v2\/users\/51"}],"replies":[{"embeddable":true,"href":"https:\/\/notinor.com\/jujuy\/wp-json\/wp\/v2\/comments?post=436067"}],"version-history":[{"count":4,"href":"https:\/\/notinor.com\/jujuy\/wp-json\/wp\/v2\/posts\/436067\/revisions"}],"predecessor-version":[{"id":436075,"href":"https:\/\/notinor.com\/jujuy\/wp-json\/wp\/v2\/posts\/436067\/revisions\/436075"}],"wp:featuredmedia":[{"embeddable":true,"href":"https:\/\/notinor.com\/jujuy\/wp-json\/wp\/v2\/media\/436072"}],"wp:attachment":[{"href":"https:\/\/notinor.com\/jujuy\/wp-json\/wp\/v2\/media?parent=436067"}],"wp:term":[{"taxonomy":"category","embeddable":true,"href":"https:\/\/notinor.com\/jujuy\/wp-json\/wp\/v2\/categories?post=436067"},{"taxonomy":"post_tag","embeddable":true,"href":"https:\/\/notinor.com\/jujuy\/wp-json\/wp\/v2\/tags?post=436067"}],"curies":[{"name":"wp","href":"https:\/\/api.w.org\/{rel}","templated":true}]}}