{"id":436060,"date":"2025-11-29T00:07:55","date_gmt":"2025-11-29T03:07:55","guid":{"rendered":"https:\/\/notinor.com\/jujuy\/?p=436060"},"modified":"2025-11-29T00:07:56","modified_gmt":"2025-11-29T03:07:56","slug":"entre-el-sabado-y-el-martes-ejesa-realizara-tareas-programadas-para-mejoras-en-el-servicio-electrico-en-zonas-de-monterrico-la-quiaca-san-antonio-y-el-talar","status":"publish","type":"post","link":"https:\/\/notinor.com\/jujuy\/entre-el-sabado-y-el-martes-ejesa-realizara-tareas-programadas-para-mejoras-en-el-servicio-electrico-en-zonas-de-monterrico-la-quiaca-san-antonio-y-el-talar\/","title":{"rendered":"Entre el s\u00e1bado y el martes, EJESA realizar\u00e1 tareas programadas para mejoras en el servicio el\u00e9ctrico en zonas de Monterrico, La Quiaca, San Antonio y El Talar"},"content":{"rendered":"\n<p class=\"has-medium-font-size\"><a href=\"https:\/\/notinor.com\/jujuy\/este-sabado-ejesa-realizara-tareas-programadas-para-mejoras-en-el-servicio-electrico-en-zonas-de-monterrico\/#\"><\/a><strong><em>Les informamos que, con el objetivo de\u00a0elevar la calidad del servicio el\u00e9ctrico, se llevar\u00e1n adelante\u00a0tareas programadas de mantenimiento y mejoras destinadas a fortalecer la calidad y confiabilidad del servicio el\u00e9ctrico. \u00a0Para su correcta ejecuci\u00f3n, ser\u00e1 necesario realizar\u00a0una interrupci\u00f3n programada del suministro\u00a0en las siguientes zonas y horarios:<\/em><\/strong><\/p>\n\n\n\n<p><\/p>\n\n\n<div class=\"wp-block-image\">\n<figure class=\"aligncenter size-full\"><img decoding=\"async\" loading=\"lazy\" width=\"800\" height=\"450\" src=\"https:\/\/notinor.com\/jujuy\/wp-content\/uploads\/2023\/07\/corte-de-luz-1.jpeg\" alt=\"\" class=\"wp-image-386116\" srcset=\"https:\/\/notinor.com\/jujuy\/wp-content\/uploads\/2023\/07\/corte-de-luz-1.jpeg 800w, https:\/\/notinor.com\/jujuy\/wp-content\/uploads\/2023\/07\/corte-de-luz-1-649x365.jpeg 649w, https:\/\/notinor.com\/jujuy\/wp-content\/uploads\/2023\/07\/corte-de-luz-1-500x280.jpeg 500w, https:\/\/notinor.com\/jujuy\/wp-content\/uploads\/2023\/07\/corte-de-luz-1-768x432.jpeg 768w, https:\/\/notinor.com\/jujuy\/wp-content\/uploads\/2023\/07\/corte-de-luz-1-750x422.jpeg 750w\" sizes=\"(max-width: 800px) 100vw, 800px\" \/><\/figure><\/div>\n\n\n<p><\/p>\n\n\n<div class=\"wp-block-image\">\n<figure class=\"aligncenter size-large\"><img decoding=\"async\" loading=\"lazy\" width=\"384\" height=\"480\" src=\"https:\/\/notinor.com\/jujuy\/wp-content\/uploads\/2025\/11\/ejesa-1-384x480.jpg\" alt=\"\" class=\"wp-image-436065\" srcset=\"https:\/\/notinor.com\/jujuy\/wp-content\/uploads\/2025\/11\/ejesa-1-384x480.jpg 384w, https:\/\/notinor.com\/jujuy\/wp-content\/uploads\/2025\/11\/ejesa-1-292x365.jpg 292w, https:\/\/notinor.com\/jujuy\/wp-content\/uploads\/2025\/11\/ejesa-1-768x960.jpg 768w, https:\/\/notinor.com\/jujuy\/wp-content\/uploads\/2025\/11\/ejesa-1-750x938.jpg 750w, https:\/\/notinor.com\/jujuy\/wp-content\/uploads\/2025\/11\/ejesa-1.jpg 1080w\" sizes=\"(max-width: 384px) 100vw, 384px\" \/><\/figure><\/div>\n\n\n<p><\/p>\n\n\n<div class=\"wp-block-image\">\n<figure class=\"aligncenter size-large\"><img decoding=\"async\" loading=\"lazy\" width=\"384\" height=\"480\" src=\"https:\/\/notinor.com\/jujuy\/wp-content\/uploads\/2025\/11\/ejesa-2-1-384x480.jpg\" alt=\"\" class=\"wp-image-436064\" srcset=\"https:\/\/notinor.com\/jujuy\/wp-content\/uploads\/2025\/11\/ejesa-2-1-384x480.jpg 384w, https:\/\/notinor.com\/jujuy\/wp-content\/uploads\/2025\/11\/ejesa-2-1-292x365.jpg 292w, https:\/\/notinor.com\/jujuy\/wp-content\/uploads\/2025\/11\/ejesa-2-1-768x960.jpg 768w, https:\/\/notinor.com\/jujuy\/wp-content\/uploads\/2025\/11\/ejesa-2-1-750x938.jpg 750w, https:\/\/notinor.com\/jujuy\/wp-content\/uploads\/2025\/11\/ejesa-2-1.jpg 1080w\" sizes=\"(max-width: 384px) 100vw, 384px\" \/><\/figure><\/div>\n\n\n<p><\/p>\n\n\n<div class=\"wp-block-image\">\n<figure class=\"aligncenter size-large\"><img decoding=\"async\" loading=\"lazy\" width=\"384\" height=\"480\" src=\"https:\/\/notinor.com\/jujuy\/wp-content\/uploads\/2025\/11\/ejesa-3-1-384x480.jpg\" alt=\"\" class=\"wp-image-436063\" srcset=\"https:\/\/notinor.com\/jujuy\/wp-content\/uploads\/2025\/11\/ejesa-3-1-384x480.jpg 384w, https:\/\/notinor.com\/jujuy\/wp-content\/uploads\/2025\/11\/ejesa-3-1-292x365.jpg 292w, https:\/\/notinor.com\/jujuy\/wp-content\/uploads\/2025\/11\/ejesa-3-1-768x960.jpg 768w, https:\/\/notinor.com\/jujuy\/wp-content\/uploads\/2025\/11\/ejesa-3-1-750x938.jpg 750w, https:\/\/notinor.com\/jujuy\/wp-content\/uploads\/2025\/11\/ejesa-3-1.jpg 1080w\" sizes=\"(max-width: 384px) 100vw, 384px\" \/><\/figure><\/div>\n\n\n<p><\/p>\n\n\n<div class=\"wp-block-image\">\n<figure class=\"aligncenter size-large\"><img decoding=\"async\" loading=\"lazy\" width=\"384\" height=\"480\" src=\"https:\/\/notinor.com\/jujuy\/wp-content\/uploads\/2025\/11\/ejesa-4-1-384x480.jpg\" alt=\"\" class=\"wp-image-436062\" srcset=\"https:\/\/notinor.com\/jujuy\/wp-content\/uploads\/2025\/11\/ejesa-4-1-384x480.jpg 384w, https:\/\/notinor.com\/jujuy\/wp-content\/uploads\/2025\/11\/ejesa-4-1-292x365.jpg 292w, https:\/\/notinor.com\/jujuy\/wp-content\/uploads\/2025\/11\/ejesa-4-1-768x960.jpg 768w, https:\/\/notinor.com\/jujuy\/wp-content\/uploads\/2025\/11\/ejesa-4-1-750x938.jpg 750w, https:\/\/notinor.com\/jujuy\/wp-content\/uploads\/2025\/11\/ejesa-4-1.jpg 1080w\" sizes=\"(max-width: 384px) 100vw, 384px\" \/><\/figure><\/div>\n\n\n<p><\/p>\n\n\n<div class=\"wp-block-image\">\n<figure class=\"aligncenter size-large\"><img decoding=\"async\" loading=\"lazy\" width=\"384\" height=\"480\" src=\"https:\/\/notinor.com\/jujuy\/wp-content\/uploads\/2025\/11\/ejesa-5-1-384x480.jpg\" alt=\"\" class=\"wp-image-436061\" srcset=\"https:\/\/notinor.com\/jujuy\/wp-content\/uploads\/2025\/11\/ejesa-5-1-384x480.jpg 384w, https:\/\/notinor.com\/jujuy\/wp-content\/uploads\/2025\/11\/ejesa-5-1-292x365.jpg 292w, https:\/\/notinor.com\/jujuy\/wp-content\/uploads\/2025\/11\/ejesa-5-1-768x960.jpg 768w, https:\/\/notinor.com\/jujuy\/wp-content\/uploads\/2025\/11\/ejesa-5-1-750x938.jpg 750w, https:\/\/notinor.com\/jujuy\/wp-content\/uploads\/2025\/11\/ejesa-5-1.jpg 1080w\" sizes=\"(max-width: 384px) 100vw, 384px\" \/><\/figure><\/div>","protected":false},"excerpt":{"rendered":"<p>Les informamos que, con el objetivo de\u00a0elevar la calidad del servicio el\u00e9ctrico, se llevar\u00e1n adelante\u00a0tareas programadas de mantenimiento y mejoras destinadas a fortalecer la calidad y confiabilidad del servicio el\u00e9ctrico. \u00a0Para su correcta ejecuci\u00f3n, ser\u00e1 necesario realizar\u00a0una interrupci\u00f3n programada del suministro\u00a0en las siguientes zonas y horarios:<\/p>\n","protected":false},"author":49,"featured_media":386116,"comment_status":"open","ping_status":"open","sticky":false,"template":"","format":"standard","meta":{"_stopmodifiedupdate":false,"_modified_date":"","inline_featured_image":false,"spay_email":"","jetpack_publicize_message":""},"categories":[4],"tags":[],"jetpack_featured_media_url":"https:\/\/notinor.com\/jujuy\/wp-content\/uploads\/2023\/07\/corte-de-luz-1.jpeg","jetpack_publicize_connections":[],"_links":{"self":[{"href":"https:\/\/notinor.com\/jujuy\/wp-json\/wp\/v2\/posts\/436060"}],"collection":[{"href":"https:\/\/notinor.com\/jujuy\/wp-json\/wp\/v2\/posts"}],"about":[{"href":"https:\/\/notinor.com\/jujuy\/wp-json\/wp\/v2\/types\/post"}],"author":[{"embeddable":true,"href":"https:\/\/notinor.com\/jujuy\/wp-json\/wp\/v2\/users\/49"}],"replies":[{"embeddable":true,"href":"https:\/\/notinor.com\/jujuy\/wp-json\/wp\/v2\/comments?post=436060"}],"version-history":[{"count":1,"href":"https:\/\/notinor.com\/jujuy\/wp-json\/wp\/v2\/posts\/436060\/revisions"}],"predecessor-version":[{"id":436066,"href":"https:\/\/notinor.com\/jujuy\/wp-json\/wp\/v2\/posts\/436060\/revisions\/436066"}],"wp:featuredmedia":[{"embeddable":true,"href":"https:\/\/notinor.com\/jujuy\/wp-json\/wp\/v2\/media\/386116"}],"wp:attachment":[{"href":"https:\/\/notinor.com\/jujuy\/wp-json\/wp\/v2\/media?parent=436060"}],"wp:term":[{"taxonomy":"category","embeddable":true,"href":"https:\/\/notinor.com\/jujuy\/wp-json\/wp\/v2\/categories?post=436060"},{"taxonomy":"post_tag","embeddable":true,"href":"https:\/\/notinor.com\/jujuy\/wp-json\/wp\/v2\/tags?post=436060"}],"curies":[{"name":"wp","href":"https:\/\/api.w.org\/{rel}","templated":true}]}}