{"id":436057,"date":"2025-11-28T23:34:54","date_gmt":"2025-11-29T02:34:54","guid":{"rendered":"https:\/\/notinor.com\/jujuy\/?p=436057"},"modified":"2025-11-28T23:34:56","modified_gmt":"2025-11-29T02:34:56","slug":"jujuy-destaco-su-identidad-cultural-en-buenos-aires","status":"publish","type":"post","link":"https:\/\/notinor.com\/jujuy\/jujuy-destaco-su-identidad-cultural-en-buenos-aires\/","title":{"rendered":"Jujuy destac\u00f3 su identidad cultural en Buenos Aires"},"content":{"rendered":"\n<p class=\"has-medium-font-size\"><strong><em>La Casa de Jujuy en Buenos Aires particip\u00f3 de una nueva edici\u00f3n de la Noche de las Casas de Provincia 2025, una propuesta federal que re\u00fane a las representaciones provinciales para exhibir la riqueza cultural, art\u00edstica y gastron\u00f3mica de cada regi\u00f3n.<\/em><\/strong><\/p>\n\n\n\n<p><\/p>\n\n\n<div class=\"wp-block-image\">\n<figure class=\"aligncenter size-full\"><img decoding=\"async\" loading=\"lazy\" width=\"800\" height=\"450\" src=\"https:\/\/notinor.com\/jujuy\/wp-content\/uploads\/2025\/11\/identidad-cultural-jujuy.jpg\" alt=\"\" class=\"wp-image-436058\" srcset=\"https:\/\/notinor.com\/jujuy\/wp-content\/uploads\/2025\/11\/identidad-cultural-jujuy.jpg 800w, https:\/\/notinor.com\/jujuy\/wp-content\/uploads\/2025\/11\/identidad-cultural-jujuy-649x365.jpg 649w, https:\/\/notinor.com\/jujuy\/wp-content\/uploads\/2025\/11\/identidad-cultural-jujuy-500x280.jpg 500w, https:\/\/notinor.com\/jujuy\/wp-content\/uploads\/2025\/11\/identidad-cultural-jujuy-768x432.jpg 768w, https:\/\/notinor.com\/jujuy\/wp-content\/uploads\/2025\/11\/identidad-cultural-jujuy-750x422.jpg 750w\" sizes=\"(max-width: 800px) 100vw, 800px\" \/><\/figure><\/div>\n\n\n<p><\/p>\n\n\n\n<p><strong>El evento, abierto y gratuito para el p\u00fablico en general, se desarroll\u00f3 entre Avenida Carlos Pellegrini y Santa Fe, convocando a residentes, turistas y amantes de las tradiciones argentinas.<\/strong><\/p>\n\n\n\n<p>En esta edici\u00f3n, Jujuy present\u00f3 un variado abanico cultural y art\u00edstico, reflejo de su identidad profunda y diversa, quienes compartieron con el p\u00fablico un show musical, de danza y expresiones propias de la provincia.<\/p>\n\n\n\n<p><strong>La participaci\u00f3n de Jujuy reafirm\u00f3 su compromiso con la difusi\u00f3n de su patrimonio cultural en el \u00e1mbito nacional, fortaleciendo el v\u00ednculo con los juje\u00f1os que residen en Buenos Aires y acercando al p\u00fablico una muestra aut\u00e9ntica de sus tradiciones.<\/strong><\/p>\n","protected":false},"excerpt":{"rendered":"<p>La Casa de Jujuy en Buenos Aires particip\u00f3 de una nueva edici\u00f3n de la Noche de las Casas de Provincia 2025, una propuesta federal que re\u00fane a las representaciones provinciales para exhibir la riqueza cultural, art\u00edstica y gastron\u00f3mica de cada regi\u00f3n. El evento, abierto y gratuito para el p\u00fablico en general, se desarroll\u00f3 entre Avenida [&hellip;]<\/p>\n","protected":false},"author":49,"featured_media":436058,"comment_status":"open","ping_status":"open","sticky":false,"template":"","format":"standard","meta":{"_stopmodifiedupdate":false,"_modified_date":"","inline_featured_image":false,"spay_email":"","jetpack_publicize_message":""},"categories":[2,5,832],"tags":[],"jetpack_featured_media_url":"https:\/\/notinor.com\/jujuy\/wp-content\/uploads\/2025\/11\/identidad-cultural-jujuy.jpg","jetpack_publicize_connections":[],"_links":{"self":[{"href":"https:\/\/notinor.com\/jujuy\/wp-json\/wp\/v2\/posts\/436057"}],"collection":[{"href":"https:\/\/notinor.com\/jujuy\/wp-json\/wp\/v2\/posts"}],"about":[{"href":"https:\/\/notinor.com\/jujuy\/wp-json\/wp\/v2\/types\/post"}],"author":[{"embeddable":true,"href":"https:\/\/notinor.com\/jujuy\/wp-json\/wp\/v2\/users\/49"}],"replies":[{"embeddable":true,"href":"https:\/\/notinor.com\/jujuy\/wp-json\/wp\/v2\/comments?post=436057"}],"version-history":[{"count":1,"href":"https:\/\/notinor.com\/jujuy\/wp-json\/wp\/v2\/posts\/436057\/revisions"}],"predecessor-version":[{"id":436059,"href":"https:\/\/notinor.com\/jujuy\/wp-json\/wp\/v2\/posts\/436057\/revisions\/436059"}],"wp:featuredmedia":[{"embeddable":true,"href":"https:\/\/notinor.com\/jujuy\/wp-json\/wp\/v2\/media\/436058"}],"wp:attachment":[{"href":"https:\/\/notinor.com\/jujuy\/wp-json\/wp\/v2\/media?parent=436057"}],"wp:term":[{"taxonomy":"category","embeddable":true,"href":"https:\/\/notinor.com\/jujuy\/wp-json\/wp\/v2\/categories?post=436057"},{"taxonomy":"post_tag","embeddable":true,"href":"https:\/\/notinor.com\/jujuy\/wp-json\/wp\/v2\/tags?post=436057"}],"curies":[{"name":"wp","href":"https:\/\/api.w.org\/{rel}","templated":true}]}}