{"id":435865,"date":"2025-11-21T13:55:39","date_gmt":"2025-11-21T16:55:39","guid":{"rendered":"https:\/\/notinor.com\/jujuy\/?p=435865"},"modified":"2025-11-21T13:55:40","modified_gmt":"2025-11-21T16:55:40","slug":"juana-tinelli-se-canso-y-sorprendio-con-una-aclaracion-sobre-su-papa-marcelo","status":"publish","type":"post","link":"https:\/\/notinor.com\/jujuy\/juana-tinelli-se-canso-y-sorprendio-con-una-aclaracion-sobre-su-papa-marcelo\/","title":{"rendered":"Juana Tinelli se cans\u00f3 y sorprendi\u00f3 con una aclaraci\u00f3n sobre su pap\u00e1 Marcelo"},"content":{"rendered":"\n<p class=\"has-medium-font-size\"><strong><em>En medio de rumores sobre un quiebre irreparable del v\u00ednculo familiar, la modelo rompi\u00f3 el silencio.<\/em><\/strong><\/p>\n\n\n<div class=\"wp-block-image\">\n<figure class=\"aligncenter\"><img decoding=\"async\" src=\"https:\/\/tn.com.ar\/resizer\/v2\/entre-juana-tinelli-y-marcelo-reina-la-paz-foto-instagramjuanittinelli1-QRFQKVLX4JEJTHH67RLWE23TP4.jpg?auth=d47daad93fe4f88e3b4e384ffbc63c8163a10cebd835842bd3dc7a78e06ed2e1&amp;width=767\" alt=\"Entre Juana Tinelli y Marcelo reina la paz. (Foto: instagram\/juanittinelli1)\"\/><figcaption class=\"wp-element-caption\">Entre Juana Tinelli y Marcelo reina la paz<\/figcaption><\/figure><\/div>\n\n\n<p>Luego de que se dijera que tiene bloqueado a su pap\u00e1, <strong>Juana Tinelli hizo un contundente descargo en las redes sociales,<\/strong> donde dej\u00f3 en claro que nada podr\u00e1 romper el v\u00ednculo que tiene con \u00e9l. El mensaje lleg\u00f3 luego de que el conductor la saludara por su cumplea\u00f1os a trav\u00e9s de un posteo de Instagram.<\/p>\n\n\n\n<p>\u201cFeliz cumple hija hermosa. Felices 23. Deseo que siempre brilles con esa sonrisa que ilumina todo. Que tengas mucho amor y alegr\u00eda. No puedo todav\u00eda creer c\u00f3mo pasa el tiempo tan r\u00e1pido, mi vida. Todav\u00eda te recuerdo de muy chiquita, bailando por toda la casa con esos tacos altos.&nbsp;<strong>Quiero tenerte en mi vida por muchos a\u00f1os m\u00e1s<\/strong>, en las buenas y en las malas. Hoy le\u00eda que \u2018nunca se va del alma quien est\u00e1 en el coraz\u00f3n. No hay distancia para eso\u2019. Est\u00e1s en mi coraz\u00f3n siempre.&nbsp;<strong>Te amo con toda mi alma mi Pebe\",&nbsp;<\/strong>fueron las palabras de&nbsp;<strong>Marcelo Tinelli.<\/strong><\/p>\n\n\n\n<p>Emocionada por los sentimientos de su padre, la joven le contest\u00f3 a coraz\u00f3n abierto:&nbsp;<strong>\u201cNunca va a existir distancia.<\/strong>&nbsp;Se puede ver, pero sentir jam\u00e1s.&nbsp;<strong>Sos mi pap\u00e1 y te amo con todo lo que soy.&nbsp;<\/strong>Crec\u00ed acompa\u00f1\u00e1ndote y viendo todo lo que sos. Eso no cambia, jam\u00e1s. La Juana que soy hoy, tiene much\u00edsimo de vos, eso es lo que busco y quiero transmitir siempre. Tu historia. Mi historia. Te amo\".<\/p>\n\n\n\n<figure class=\"wp-block-image\"><img decoding=\"async\" src=\"https:\/\/tn.com.ar\/resizer\/v2\/marcelo-tinelli-le-dedico-un-posteo-a-juana-por-su-cumpleanos-y-ella-le-declaro-su-amor-te-amo-con-todo-lo-que-soy-dijo-foto-instagrammarcelotinelli-JZ3AZ33YI5GZFNVMRUYHDK425M.JPG?auth=1fee840c2611391a8d7518a95734adc768802a7cc9ce6e9778b72f18815882fc&amp;width=767\" alt=\"Marcelo Tinelli le dedic\u00f3 un posteo a Juana por su cumplea\u00f1os y ella le declar\u00f3 su amor. &quot;Te amo con todo lo que soy&quot;, dijo. (Foto: instagram\/marcelotinelli)\"\/><figcaption class=\"wp-element-caption\">Marcelo Tinelli le dedic\u00f3 un posteo a Juana por su cumplea\u00f1os y ella le declar\u00f3 su amor. \"Te amo con todo lo que soy\", dijo. (Foto: instagram\/marcelotinelli)<\/figcaption><\/figure>\n\n\n\n<p><strong>Qu\u00e9 declar\u00f3 Marcelo Tinelli en la causa por las amenazas que recibi\u00f3 su hija Juana<\/strong><\/p>\n\n\n\n<p><strong>Marcelo Tinelli <\/strong>finalmente<strong>\u00a0declar\u00f3<\/strong>\u00a0en la Fiscal\u00eda Penal, Contravencional y de Faltas N.\u00ba 6\u00a0<strong>como testigo en la causa por la denuncia de amenazas que hizo su hija<\/strong> <strong>Juana.<\/strong> All\u00ed describi\u00f3\u00a0<strong>c\u00f3mo se enter\u00f3 de la situaci\u00f3n que puso en alerta a la modelo<\/strong>. \u201cEstaba por grabar una serie en casa, me estaba maquillando. Luego veo el tel\u00e9fono, era Juana\u201d, sostuvo.<\/p>\n\n\n\n<p>Seg\u00fan su relato,&nbsp;<strong>el mensaje que le hab\u00eda enviado su hija dec\u00eda: \u201cNecesito hablar con vos porque me acaban de amenazar<\/strong>. Gustavo Scaglione me amenaz\u00f3\u201d.<\/p>\n\n\n<div class=\"wp-block-image\">\n<figure class=\"aligncenter\"><img decoding=\"async\" src=\"https:\/\/tn.com.ar\/resizer\/v2\/juana-tinelli-y-su-papa-marcelo-reconciliados-foto-instagram-marcelotinelli-6RK7X7PETZCKTGIFKGDBYLG5CM.jpg?auth=28b047fb2cd33f1adc3d3f4bd58f3fee9334cf3c9084b575faacc159a5724e69&amp;width=767\" alt=\"Juana Tinelli y su pap\u00e1 Marcelo, reconciliados. (Foto: Instagram \/marcelotinelli)\"\/><figcaption class=\"wp-element-caption\">Juana Tinelli y su pap\u00e1 Marcelo, reconciliados<\/figcaption><\/figure><\/div>\n\n\n<p>Apenas ley\u00f3 esas palabras, el conductor decidi\u00f3 comunicarse con ella para tratar de calmarla. Sin embargo, cuando le sugiri\u00f3 que se tranquilice, la respuesta que recibi\u00f3 no fue la que esperaba, ya que&nbsp;<strong>Paula Robles, mam\u00e1 de Juana, tom\u00f3 el tel\u00e9fono y le recrimin\u00f3 ese pedido.<\/strong><\/p>\n","protected":false},"excerpt":{"rendered":"<p>En medio de rumores sobre un quiebre irreparable del v\u00ednculo familiar, la modelo rompi\u00f3 el silencio. Luego de que se dijera que tiene bloqueado a su pap\u00e1, Juana Tinelli hizo un contundente descargo en las redes sociales, donde dej\u00f3 en claro que nada podr\u00e1 romper el v\u00ednculo que tiene con \u00e9l. El mensaje lleg\u00f3 luego [&hellip;]<\/p>\n","protected":false},"author":5,"featured_media":435866,"comment_status":"open","ping_status":"open","sticky":false,"template":"","format":"standard","meta":{"_stopmodifiedupdate":false,"_modified_date":"","inline_featured_image":false,"spay_email":"","jetpack_publicize_message":""},"categories":[21],"tags":[],"jetpack_featured_media_url":"https:\/\/notinor.com\/jujuy\/wp-content\/uploads\/2025\/11\/JUANA.jpg","jetpack_publicize_connections":[],"_links":{"self":[{"href":"https:\/\/notinor.com\/jujuy\/wp-json\/wp\/v2\/posts\/435865"}],"collection":[{"href":"https:\/\/notinor.com\/jujuy\/wp-json\/wp\/v2\/posts"}],"about":[{"href":"https:\/\/notinor.com\/jujuy\/wp-json\/wp\/v2\/types\/post"}],"author":[{"embeddable":true,"href":"https:\/\/notinor.com\/jujuy\/wp-json\/wp\/v2\/users\/5"}],"replies":[{"embeddable":true,"href":"https:\/\/notinor.com\/jujuy\/wp-json\/wp\/v2\/comments?post=435865"}],"version-history":[{"count":1,"href":"https:\/\/notinor.com\/jujuy\/wp-json\/wp\/v2\/posts\/435865\/revisions"}],"predecessor-version":[{"id":435867,"href":"https:\/\/notinor.com\/jujuy\/wp-json\/wp\/v2\/posts\/435865\/revisions\/435867"}],"wp:featuredmedia":[{"embeddable":true,"href":"https:\/\/notinor.com\/jujuy\/wp-json\/wp\/v2\/media\/435866"}],"wp:attachment":[{"href":"https:\/\/notinor.com\/jujuy\/wp-json\/wp\/v2\/media?parent=435865"}],"wp:term":[{"taxonomy":"category","embeddable":true,"href":"https:\/\/notinor.com\/jujuy\/wp-json\/wp\/v2\/categories?post=435865"},{"taxonomy":"post_tag","embeddable":true,"href":"https:\/\/notinor.com\/jujuy\/wp-json\/wp\/v2\/tags?post=435865"}],"curies":[{"name":"wp","href":"https:\/\/api.w.org\/{rel}","templated":true}]}}