{"id":435862,"date":"2025-11-21T13:45:33","date_gmt":"2025-11-21T16:45:33","guid":{"rendered":"https:\/\/notinor.com\/jujuy\/?p=435862"},"modified":"2025-11-21T13:45:34","modified_gmt":"2025-11-21T16:45:34","slug":"en-medio-de-la-polemica-la-afa-creo-un-nuevo-torneo-y-seran-8-los-titulos-a-partir-de-la-temporada-2026","status":"publish","type":"post","link":"https:\/\/notinor.com\/jujuy\/en-medio-de-la-polemica-la-afa-creo-un-nuevo-torneo-y-seran-8-los-titulos-a-partir-de-la-temporada-2026\/","title":{"rendered":"En medio de la pol\u00e9mica, la AFA cre\u00f3 un nuevo torneo y ser\u00e1n 8 los t\u00edtulos a partir de la temporada 2026"},"content":{"rendered":"\n<p class=\"has-medium-font-size\"><strong><em>Desde el pr\u00f3ximo a\u00f1o, la \u201cRecopa de Campeones\u201d se sumar\u00e1 al calendario de competencias oficiales de la primera divisi\u00f3n.<\/em><\/strong><\/p>\n\n\n<div class=\"wp-block-image\">\n<figure class=\"aligncenter\"><img decoding=\"async\" src=\"https:\/\/tn.com.ar\/resizer\/v2\/la-afa-pondra-ocho-titulos-en-juego-a-partir-de-2026-foto-igafaoficial-6ZDWOHVM7FAATASQV757F6UOTE.jpg?auth=b98b1c46f1c07cb8bf634ec45fae9bf22708591741fe343e0318968fc0a2f618&amp;width=767\" alt=\"La AFA pondr\u00e1 ocho t\u00edtulos en juego a partir de 2026 (Foto: IG@afa.oficial).\"\/><figcaption class=\"wp-element-caption\">La AFA pondr\u00e1 ocho t\u00edtulos en juego a partir de 2026 <\/figcaption><\/figure><\/div>\n\n\n<p>Despu\u00e9s de la pol\u00e9mica por el <strong>t\u00edtulo otorgado a Rosario Central\u00a0<\/strong>en las oficinas de la Liga Profesional, la\u00a0<strong>Asociaci\u00f3n del F\u00fatbol Argentino (AFA) confirm\u00f3 la creaci\u00f3n de la \u201cRecopa de Campeones\u201d<\/strong>, un nuevo torneo que debutar\u00e1 en 2026 y que elevar\u00e1 a\u00a0<strong>ocho la cantidad de t\u00edtulos oficiales en disputa por temporada<\/strong>.<\/p>\n\n\n\n<p>La flamante competencia, que fue oficializada mediante el Bolet\u00edn N\u00b0 6795, reunir\u00e1 a los&nbsp;<strong>ganadores de la Copa Argentina, la Supercopa Argentina y la Supercopa Internacional<\/strong>. Si alg\u00fan equipo repite t\u00edtulo, el lugar ser\u00e1 ocupado por el subcampe\u00f3n correspondiente. El torneo se jugar\u00e1 todos los a\u00f1os en estadios designados por la AFA y tendr\u00e1 un formato de tres partidos.<\/p>\n\n\n\n<p>En caso de empate, la definici\u00f3n ser\u00e1 por penales. El sistema de puntos tambi\u00e9n trae novedades:<\/p>\n\n\n\n<ul>\n<li><strong>3 puntos<\/strong>&nbsp;para el que gane en los 90 minutos<\/li>\n\n\n\n<li><strong>2 puntos<\/strong>&nbsp;para el que gane por penales<\/li>\n\n\n\n<li><strong>1 punto<\/strong>&nbsp;para el que pierda por penales<\/li>\n\n\n\n<li><strong>0 puntos<\/strong>&nbsp;para el que pierda en tiempo reglamentario<\/li>\n<\/ul>\n\n\n\n<p>Si hay igualdad en puntos, el campe\u00f3n se definir\u00e1 por diferencia de gol, goles a favor, goles en contra y, si hace falta, por el puntaje Fair Play.<\/p>\n\n\n\n<p><strong>Qu\u00e9 equipos podr\u00e1n jugar y c\u00f3mo se organizar\u00e1<\/strong><\/p>\n\n\n\n<p>Para participar, los clubes deber\u00e1n inscribir a sus jugadores en los registros de la AFA y cumplir con las sanciones del Tribunal de Disciplina Deportiva.&nbsp;<strong>La organizaci\u00f3n, los gastos y los premios econ\u00f3micos estar\u00e1n a cargo de la AFA<\/strong>, que busca darle un nuevo atractivo al calendario local.<\/p>\n\n\n\n<p><strong>Todos los t\u00edtulos que estar\u00e1n en juego desde 2026<\/strong><\/p>\n\n\n<div class=\"wp-block-image\">\n<figure class=\"aligncenter\"><img decoding=\"async\" src=\"https:\/\/tn.com.ar\/resizer\/v2\/una-comitiva-de-rosario-central-liderada-por-di-maria-recibio-el-trofeo-en-las-oficiales-de-la-liga-profesional-foto-xligaprofesional-BHJVIPAMNNDE5BSFVPMS66MF4Q.jpg?auth=0314910eb058a572723c71626a2494884ff2e1705177c228320d4bbde46e2b9c&amp;width=767\" alt=\"Una comitiva de Rosario Central, liderada por Di Mar\u00eda, recibi\u00f3 el trofeo en las oficiales de la Liga Profesional (Foto: X@LigaProfesional).\"\/><figcaption class=\"wp-element-caption\">Una comitiva de Rosario Central, liderada por Di Mar\u00eda, recibi\u00f3 el trofeo en las oficiales de la Liga Profesional <\/figcaption><\/figure><\/div>\n\n\n<p>Con la llegada de la Recopa de Campeones,&nbsp;<strong>ser\u00e1n ocho los trofeos oficiales que podr\u00e1 ganar un club argentino en una misma temporada<\/strong>. El listado completo incluye:<\/p>\n\n\n\n<ul>\n<li><strong>Torneo Apertura<\/strong>&nbsp;(mismo formato que en 2025)<\/li>\n\n\n\n<li><strong>Torneo Clausura<\/strong><\/li>\n\n\n\n<li><strong>Campe\u00f3n de Liga<\/strong>&nbsp;(el equipo que m\u00e1s puntos sume en la tabla general anual)<\/li>\n\n\n\n<li><strong>Trofeo de Campeones<\/strong>&nbsp;(el campe\u00f3n del Apertura vs. el campe\u00f3n del Clausura, a partido \u00fanico en cancha neutral)<\/li>\n\n\n\n<li><strong>Supercopa Internacional<\/strong>&nbsp;(el Campe\u00f3n de Liga frente al ganador del Trofeo de Campeones)<\/li>\n\n\n\n<li><strong>Copa Argentina<\/strong><\/li>\n\n\n\n<li><strong>Supercopa Argentina<\/strong>&nbsp;(el ganador del Trofeo de Campeones frente al campe\u00f3n de Copa Argentina)<\/li>\n\n\n\n<li><strong>Recopa de Campeones<\/strong>&nbsp;(la nueva competencia que reunir\u00e1 a los campeones de copas nacionales e internacionales)<\/li>\n<\/ul>\n","protected":false},"excerpt":{"rendered":"<p>Desde el pr\u00f3ximo a\u00f1o, la \u201cRecopa de Campeones\u201d se sumar\u00e1 al calendario de competencias oficiales de la primera divisi\u00f3n. Despu\u00e9s de la pol\u00e9mica por el t\u00edtulo otorgado a Rosario Central\u00a0en las oficinas de la Liga Profesional, la\u00a0Asociaci\u00f3n del F\u00fatbol Argentino (AFA) confirm\u00f3 la creaci\u00f3n de la \u201cRecopa de Campeones\u201d, un nuevo torneo que debutar\u00e1 en [&hellip;]<\/p>\n","protected":false},"author":5,"featured_media":435863,"comment_status":"open","ping_status":"open","sticky":false,"template":"","format":"standard","meta":{"_stopmodifiedupdate":false,"_modified_date":"","inline_featured_image":false,"spay_email":"","jetpack_publicize_message":""},"categories":[2,7],"tags":[],"jetpack_featured_media_url":"https:\/\/notinor.com\/jujuy\/wp-content\/uploads\/2025\/11\/AFA.jpg","jetpack_publicize_connections":[],"_links":{"self":[{"href":"https:\/\/notinor.com\/jujuy\/wp-json\/wp\/v2\/posts\/435862"}],"collection":[{"href":"https:\/\/notinor.com\/jujuy\/wp-json\/wp\/v2\/posts"}],"about":[{"href":"https:\/\/notinor.com\/jujuy\/wp-json\/wp\/v2\/types\/post"}],"author":[{"embeddable":true,"href":"https:\/\/notinor.com\/jujuy\/wp-json\/wp\/v2\/users\/5"}],"replies":[{"embeddable":true,"href":"https:\/\/notinor.com\/jujuy\/wp-json\/wp\/v2\/comments?post=435862"}],"version-history":[{"count":1,"href":"https:\/\/notinor.com\/jujuy\/wp-json\/wp\/v2\/posts\/435862\/revisions"}],"predecessor-version":[{"id":435864,"href":"https:\/\/notinor.com\/jujuy\/wp-json\/wp\/v2\/posts\/435862\/revisions\/435864"}],"wp:featuredmedia":[{"embeddable":true,"href":"https:\/\/notinor.com\/jujuy\/wp-json\/wp\/v2\/media\/435863"}],"wp:attachment":[{"href":"https:\/\/notinor.com\/jujuy\/wp-json\/wp\/v2\/media?parent=435862"}],"wp:term":[{"taxonomy":"category","embeddable":true,"href":"https:\/\/notinor.com\/jujuy\/wp-json\/wp\/v2\/categories?post=435862"},{"taxonomy":"post_tag","embeddable":true,"href":"https:\/\/notinor.com\/jujuy\/wp-json\/wp\/v2\/tags?post=435862"}],"curies":[{"name":"wp","href":"https:\/\/api.w.org\/{rel}","templated":true}]}}