{"id":435651,"date":"2025-11-12T11:55:13","date_gmt":"2025-11-12T14:55:13","guid":{"rendered":"https:\/\/notinor.com\/jujuy\/?p=435651"},"modified":"2025-11-12T11:55:15","modified_gmt":"2025-11-12T14:55:15","slug":"mesa-argentina-de-lactancia-2025-jujuy-amamanta-tejiendo-redes-que-transforman-vidas","status":"publish","type":"post","link":"https:\/\/notinor.com\/jujuy\/mesa-argentina-de-lactancia-2025-jujuy-amamanta-tejiendo-redes-que-transforman-vidas\/","title":{"rendered":"Mesa Argentina de Lactancia 2025: Jujuy amamanta tejiendo redes que transforman vidas"},"content":{"rendered":"\n<p class=\"has-medium-font-size\"><strong><em>El encuentro se desarrolla este lunes 17 de noviembre de 8:00 a 13:00 hs, en el Sal\u00f3n \u00c9xodo del Cabildo de Jujuy. Los interesados deber\u00e1n inscribirse en enlace: https:\/\/forms.gle\/sf5Guxi8SLqYH5Uz5<\/em><\/strong><\/p>\n\n\n<div class=\"wp-block-image\">\n<figure class=\"aligncenter\"><img decoding=\"async\" src=\"https:\/\/media.prensa.jujuy.gob.ar\/p\/a3899d0ee3b41f58c028a757192bfa97\/adjuntos\/301\/imagenes\/000\/419\/0000419788\/1200x0\/smart\/whatsapp-image-2025-11-10-at-82405-am.jpeg\" alt=\"Mesa Argentina de Lactancia 2025: Jujuy amamanta tejiendo redes que transforman vidas\" title=\"Mesa Argentina de Lactancia 2025: Jujuy amamanta tejiendo redes que transforman vidas\"\/><\/figure><\/div>\n\n\n<p><a href=\"https:\/\/media.prensa.jujuy.gob.ar\/p\/a3899d0ee3b41f58c028a757192bfa97\/adjuntos\/301\/imagenes\/000\/419\/0000419788\/1200x0\/smart\/whatsapp-image-2025-11-10-at-82405-am.jpeg\"><\/a><\/p>\n\n\n\n<p>La Mesa Argentina de&nbsp;<strong>Lactancia<\/strong>&nbsp;2025 llega por primera vez a la provincia de Jujuy bajo el lema \u201cJujuy amamanta: tejiendo redes que transforman vidas\u201d, en el marco de una pol\u00edtica p\u00fablica consolidada que promueve el derecho a la lactancia, el cuidado compartido y la crianza con enfoque de derechos.<\/p>\n\n\n\n<p>El encuentro, que se desarrollar\u00e1 el lunes 17 de noviembre de 2025, de 08:00 a 13:00 hs, en el Sal\u00f3n \u00c9xodo del Cabildo de Jujuy, reunir\u00e1 a equipos interdisciplinarios de Salud, <strong>Desarrollo Humano<\/strong> y Educaci\u00f3n, junto a referentes territoriales, puericultoras\/es, agentes comunitarios, autoridades locales y organizaciones de la sociedad civil.<\/p>\n\n\n\n<p>Organizada por la Asociaci\u00f3n Civil Argentina de Puericultura (ACADP), la Estrategia Provincial LACTA Jujuy, e impulsada por la Coordinaci\u00f3n de Gesti\u00f3n Gubernamental, el Ministerio de Salud y el Ministerio de Desarrollo Humano, la jornada busca visibilizar la lactancia como un derecho y como una pr\u00e1ctica social que requiere redes sostenidas de acompa\u00f1amiento.<\/p>\n\n\n\n<p>En esta edici\u00f3n, <strong>Jujuy se posiciona como una de las provincias pioneras en la federalizaci\u00f3n de la puericultur<\/strong>a, a partir del trabajo conjunto de la Estrategia Provincial LACTA Jujuy, que impulsa pol\u00edticas p\u00fablicas de acompa\u00f1amiento desde los primeros v\u00ednculos de vida.\u00a0<\/p>\n\n\n\n<p>Durante la jornada se presentar\u00e1n experiencias locales, estrategias de promoci\u00f3n del amamantamiento, l\u00edneas de investigaci\u00f3n en lactancia, y mesas de di\u00e1logo sobre la importancia del trabajo interdisciplinario y territorial para garantizar el acceso a derechos desde el nacimiento.&nbsp;<\/p>\n\n\n\n<p>El evento cuenta con inscripci\u00f3n previa a trav\u00e9s del siguiente enlace: https:\/\/forms.gle\/sf5Guxi8SLqYH5Uz5<\/p>\n","protected":false},"excerpt":{"rendered":"<p>El encuentro se desarrolla este lunes 17 de noviembre de 8:00 a 13:00 hs, en el Sal\u00f3n \u00c9xodo del Cabildo de Jujuy. Los interesados deber\u00e1n inscribirse en enlace: https:\/\/forms.gle\/sf5Guxi8SLqYH5Uz5 La Mesa Argentina de&nbsp;Lactancia&nbsp;2025 llega por primera vez a la provincia de Jujuy bajo el lema \u201cJujuy amamanta: tejiendo redes que transforman vidas\u201d, en el marco [&hellip;]<\/p>\n","protected":false},"author":5,"featured_media":0,"comment_status":"open","ping_status":"open","sticky":false,"template":"","format":"standard","meta":{"_stopmodifiedupdate":false,"_modified_date":"","inline_featured_image":false,"spay_email":"","jetpack_publicize_message":""},"categories":[828],"tags":[],"jetpack_featured_media_url":"","jetpack_publicize_connections":[],"_links":{"self":[{"href":"https:\/\/notinor.com\/jujuy\/wp-json\/wp\/v2\/posts\/435651"}],"collection":[{"href":"https:\/\/notinor.com\/jujuy\/wp-json\/wp\/v2\/posts"}],"about":[{"href":"https:\/\/notinor.com\/jujuy\/wp-json\/wp\/v2\/types\/post"}],"author":[{"embeddable":true,"href":"https:\/\/notinor.com\/jujuy\/wp-json\/wp\/v2\/users\/5"}],"replies":[{"embeddable":true,"href":"https:\/\/notinor.com\/jujuy\/wp-json\/wp\/v2\/comments?post=435651"}],"version-history":[{"count":1,"href":"https:\/\/notinor.com\/jujuy\/wp-json\/wp\/v2\/posts\/435651\/revisions"}],"predecessor-version":[{"id":435652,"href":"https:\/\/notinor.com\/jujuy\/wp-json\/wp\/v2\/posts\/435651\/revisions\/435652"}],"wp:attachment":[{"href":"https:\/\/notinor.com\/jujuy\/wp-json\/wp\/v2\/media?parent=435651"}],"wp:term":[{"taxonomy":"category","embeddable":true,"href":"https:\/\/notinor.com\/jujuy\/wp-json\/wp\/v2\/categories?post=435651"},{"taxonomy":"post_tag","embeddable":true,"href":"https:\/\/notinor.com\/jujuy\/wp-json\/wp\/v2\/tags?post=435651"}],"curies":[{"name":"wp","href":"https:\/\/api.w.org\/{rel}","templated":true}]}}