{"id":435647,"date":"2025-11-12T11:44:42","date_gmt":"2025-11-12T14:44:42","guid":{"rendered":"https:\/\/notinor.com\/jujuy\/?p=435647"},"modified":"2025-11-12T11:46:16","modified_gmt":"2025-11-12T14:46:16","slug":"coro-impromptu-en-el-ciclo-capillas-musicales","status":"publish","type":"post","link":"https:\/\/notinor.com\/jujuy\/coro-impromptu-en-el-ciclo-capillas-musicales\/","title":{"rendered":"Coro Impromptu en el Ciclo Capillas Musicales"},"content":{"rendered":"\n<p class=\"has-medium-font-size\"><strong><em>El coro se presenta con un concierto gratuito este s\u00e1bado en la iglesia Coraz\u00f3n de Jes\u00fas y Santa Rita de Los Pera<\/em>les. La actividad forma parte del Ciclo Capillas Musicales que impulsa el Gobierno <em>provincial.<\/em><\/strong><\/p>\n\n\n<div class=\"wp-block-image\">\n<figure class=\"aligncenter\"><img decoding=\"async\" src=\"https:\/\/media.prensa.jujuy.gob.ar\/p\/f3d3a20eff58dafbb1433c786384ffb0\/adjuntos\/301\/imagenes\/000\/419\/0000419871\/1200x0\/smart\/captura-pantalla-2025-11-11-las-111817.png\" alt=\"Coro Impromptu en el Ciclo Capillas Musicales\" title=\"Coro Impromptu en el Ciclo Capillas Musicales\"\/><\/figure><\/div>\n\n\n<p><a href=\"https:\/\/media.prensa.jujuy.gob.ar\/p\/f3d3a20eff58dafbb1433c786384ffb0\/adjuntos\/301\/imagenes\/000\/419\/0000419871\/1200x0\/smart\/captura-pantalla-2025-11-11-las-111817.png\"><\/a><\/p>\n\n\n\n<ul>\n<li><strong>D\u00eda:<\/strong>&nbsp;S\u00e1bado 15 de noviembre.<\/li>\n\n\n\n<li><strong>Hora:<\/strong>&nbsp;21 hs.<\/li>\n\n\n\n<li><strong>Lugar:<\/strong>&nbsp;Iglesia Corazon de Jes\u00fas y Santa Rita.<\/li>\n<\/ul>\n\n\n\n<p>La presentaci\u00f3n se realizar\u00e1 en el templo ubicado en el barrio Los Perales de San Salvador de Jujuy, con entrada libre y gratuita. El ciclo busca acercar&nbsp;<strong><em>propuestas musicales<\/em><\/strong>&nbsp;de calidad en espacios religiosos con valor patrimonial.<\/p>\n\n\n\n<p><strong><em>Imprompt<\/em><\/strong>&nbsp;u es un coro local que viene trabajando en el rescate y difusi\u00f3n del repertorio coral cl\u00e1sico y contempor\u00e1neo. El grupo est\u00e1 integrado por m\u00fasicos de diferentes trayectorias que comparten la pasi\u00f3n por el canto colectivo.<\/p>\n\n\n\n<p>El Ciclo Capillas Musicales se desarrolla en distintos puntos de la provincia, aprovechando la ac\u00fastica privilegiada de los templos y su significado en la vida comunitaria. La propuesta combina patrimonio arquitect\u00f3nico y expresi\u00f3n art\u00edstica en formato accesible para toda la familia.<\/p>\n","protected":false},"excerpt":{"rendered":"<p>El coro se presenta con un concierto gratuito este s\u00e1bado en la iglesia Coraz\u00f3n de Jes\u00fas y Santa Rita de Los Perales. La actividad forma parte del Ciclo Capillas Musicales que impulsa el Gobierno provincial. La presentaci\u00f3n se realizar\u00e1 en el templo ubicado en el barrio Los Perales de San Salvador de Jujuy, con entrada [&hellip;]<\/p>\n","protected":false},"author":5,"featured_media":435648,"comment_status":"open","ping_status":"open","sticky":false,"template":"","format":"standard","meta":{"_stopmodifiedupdate":false,"_modified_date":"","inline_featured_image":false,"spay_email":"","jetpack_publicize_message":""},"categories":[832],"tags":[],"jetpack_featured_media_url":"https:\/\/notinor.com\/jujuy\/wp-content\/uploads\/2025\/11\/CAPILLA.jpg","jetpack_publicize_connections":[],"_links":{"self":[{"href":"https:\/\/notinor.com\/jujuy\/wp-json\/wp\/v2\/posts\/435647"}],"collection":[{"href":"https:\/\/notinor.com\/jujuy\/wp-json\/wp\/v2\/posts"}],"about":[{"href":"https:\/\/notinor.com\/jujuy\/wp-json\/wp\/v2\/types\/post"}],"author":[{"embeddable":true,"href":"https:\/\/notinor.com\/jujuy\/wp-json\/wp\/v2\/users\/5"}],"replies":[{"embeddable":true,"href":"https:\/\/notinor.com\/jujuy\/wp-json\/wp\/v2\/comments?post=435647"}],"version-history":[{"count":2,"href":"https:\/\/notinor.com\/jujuy\/wp-json\/wp\/v2\/posts\/435647\/revisions"}],"predecessor-version":[{"id":435650,"href":"https:\/\/notinor.com\/jujuy\/wp-json\/wp\/v2\/posts\/435647\/revisions\/435650"}],"wp:featuredmedia":[{"embeddable":true,"href":"https:\/\/notinor.com\/jujuy\/wp-json\/wp\/v2\/media\/435648"}],"wp:attachment":[{"href":"https:\/\/notinor.com\/jujuy\/wp-json\/wp\/v2\/media?parent=435647"}],"wp:term":[{"taxonomy":"category","embeddable":true,"href":"https:\/\/notinor.com\/jujuy\/wp-json\/wp\/v2\/categories?post=435647"},{"taxonomy":"post_tag","embeddable":true,"href":"https:\/\/notinor.com\/jujuy\/wp-json\/wp\/v2\/tags?post=435647"}],"curies":[{"name":"wp","href":"https:\/\/api.w.org\/{rel}","templated":true}]}}