{"id":435569,"date":"2025-11-11T13:21:05","date_gmt":"2025-11-11T16:21:05","guid":{"rendered":"https:\/\/notinor.com\/jujuy\/?p=435569"},"modified":"2025-11-11T13:21:07","modified_gmt":"2025-11-11T16:21:07","slug":"egresaron-133-efectivos-del-instituto-universitario-provincial-de-seguridad","status":"publish","type":"post","link":"https:\/\/notinor.com\/jujuy\/egresaron-133-efectivos-del-instituto-universitario-provincial-de-seguridad\/","title":{"rendered":"Egresaron 133 efectivos del Instituto Universitario Provincial de Seguridad"},"content":{"rendered":"\n<p class=\"has-medium-font-size\"><strong><em>Se trata de personal con formaci\u00f3n superior en Seguridad Penitenciaria, y en Seguridad Ciudadana, egresados del IUPS, quienes \u201cforman parte de un logro muy importante para la construcci\u00f3n de una sociedad cada vez m\u00e1s justa, equitativa y solidaria\u201d, sostuvo el secretario de Seguridad, a cargo del Ministerio de Seguridad, Juan Manuel Pulleiro.<\/em><\/strong><\/p>\n\n\n<div class=\"wp-block-image\">\n<figure class=\"aligncenter\"><img decoding=\"async\" src=\"https:\/\/media.prensa.jujuy.gob.ar\/p\/64c54a5010ca13d6dc495effa53d1804\/adjuntos\/301\/imagenes\/000\/419\/0000419848\/1200x0\/smart\/dsc_0055.JPG\" alt=\"Egresaron 133 efectivos del Instituto Universitario Provincial de Seguridad\" title=\"Egresaron 133 efectivos del Instituto Universitario Provincial de Seguridad\"\/><\/figure><\/div>\n\n\n<p>\u201cLa formaci\u00f3n en seguridad es fundamental para fortalecer nuestra comunidad, promoviendo ambientes seguros y respetuoso\u201d, expres\u00f3 Pulleiro, reafirmando en este sentido la \u201cvocaci\u00f3n de servicio con excelencia y dedicaci\u00f3n en este camino de aprendizaje, trabajando juntos para construir un futuro mejor para nuestra provincia\u201d.<a href=\"https:\/\/media.prensa.jujuy.gob.ar\/p\/64c54a5010ca13d6dc495effa53d1804\/adjuntos\/301\/imagenes\/000\/419\/0000419848\/1200x0\/smart\/dsc_0055.JPG\"><\/a><\/p>\n\n\n\n<figure class=\"wp-block-image\"><img decoding=\"async\" src=\"https:\/\/media.prensa.jujuy.gob.ar\/p\/5fa2e6c59e24a1a8888cd09a9c8f6bd4\/adjuntos\/301\/imagenes\/000\/419\/0000419849\/1200x0\/smart\/dsc_0060.JPG\" alt=\"Egresaron 133 efectivos del Instituto Universitario Provincial de Seguridad\" title=\"Egresaron 133 efectivos del Instituto Universitario Provincial de Seguridad\"\/><\/figure>\n\n\n\n<p>Puso especial \u00e9nfasis en \u201cla pr\u00e1ctica de las cuatro virtudes cardinales, la prudencia, para saber decidir con certeza; la justicia, para actuar con equidad y respeto; la fortaleza, que les dar\u00e1 el valor ante las adversidades, y confianza que les ayudar\u00e1 a mantener el equilibrio y seguridad en su desempe\u00f1o\u201d, para \u201csu incorporaci\u00f3n plena a la sociedad como agentes de protecci\u00f3n y prevenci\u00f3n\u201d, subray\u00f3.<a href=\"https:\/\/media.prensa.jujuy.gob.ar\/p\/5fa2e6c59e24a1a8888cd09a9c8f6bd4\/adjuntos\/301\/imagenes\/000\/419\/0000419849\/1200x0\/smart\/dsc_0060.JPG\"><\/a><\/p>\n\n\n<div class=\"wp-block-image\">\n<figure class=\"aligncenter\"><img decoding=\"async\" src=\"https:\/\/media.prensa.jujuy.gob.ar\/p\/88f2c1e0135e373e9534fda3a21648d8\/adjuntos\/301\/imagenes\/000\/419\/0000419851\/1200x0\/smart\/dsc_0039.JPG\" alt=\"Egresaron 133 efectivos del Instituto Universitario Provincial de Seguridad\" title=\"Egresaron 133 efectivos del Instituto Universitario Provincial de Seguridad\"\/><\/figure><\/div>\n\n\n<p>A su turno, el Rector del Instituto Universitario Provincial de Seguridad, Sim\u00f3n Cabezas, expres\u00f3 que \u201cse trata de un gran privilegio poder presentar a estos nuevos egresados que se van a incorporar a nuestra sociedad\u201d.<a href=\"https:\/\/media.prensa.jujuy.gob.ar\/p\/88f2c1e0135e373e9534fda3a21648d8\/adjuntos\/301\/imagenes\/000\/419\/0000419851\/1200x0\/smart\/dsc_0039.JPG\"><\/a><\/p>\n\n\n<div class=\"wp-block-image\">\n<figure class=\"aligncenter\"><img decoding=\"async\" src=\"https:\/\/media.prensa.jujuy.gob.ar\/p\/98303d875fc69cf2e89357cf74eb3cad\/adjuntos\/301\/imagenes\/000\/419\/0000419852\/1200x0\/smart\/dsc_0040.JPG\" alt=\"Egresaron 133 efectivos del Instituto Universitario Provincial de Seguridad\" title=\"Egresaron 133 efectivos del Instituto Universitario Provincial de Seguridad\"\/><\/figure><\/div>\n\n\n<p>\u201cHoy su esfuerzo, compromiso y dedicaci\u00f3n les otorga una enorme distinci\u00f3n\u201d, indic\u00f3, ponderando en este sentido \u201cel rol de las familias que los acompa\u00f1aron y de los docentes e instructores que los formaron\u201d, explic\u00f3.&nbsp;<\/p>\n\n\n<div class=\"wp-block-image\">\n<figure class=\"aligncenter\"><img decoding=\"async\" src=\"https:\/\/media.prensa.jujuy.gob.ar\/p\/2b69911d6d08b969c7ae17c2eb64da43\/adjuntos\/301\/imagenes\/000\/419\/0000419850\/1200x0\/smart\/dsc_0048.JPG\" alt=\"Egresaron 133 efectivos del Instituto Universitario Provincial de Seguridad\" title=\"Egresaron 133 efectivos del Instituto Universitario Provincial de Seguridad\"\/><\/figure><\/div>\n\n\n<p>Cabe detallar que del total de los 133 egresados, 104 son polic\u00edas, y 29 son penitenciarios.<a href=\"https:\/\/media.prensa.jujuy.gob.ar\/p\/2b69911d6d08b969c7ae17c2eb64da43\/adjuntos\/301\/imagenes\/000\/419\/0000419850\/1200x0\/smart\/dsc_0048.JPG\"><\/a><\/p>\n\n\n<div class=\"wp-block-image\">\n<figure class=\"aligncenter\"><img decoding=\"async\" src=\"https:\/\/media.prensa.jujuy.gob.ar\/p\/b5b000df2a6c6e77daf100212f331de2\/adjuntos\/301\/imagenes\/000\/419\/0000419853\/1200x0\/smart\/dsc_0030.JPG\" alt=\"Egresaron 133 efectivos del Instituto Universitario Provincial de Seguridad\" title=\"Egresaron 133 efectivos del Instituto Universitario Provincial de Seguridad\"\/><\/figure><\/div>\n\n\n<p><strong>Exhibici\u00f3n de Cadetes<\/strong>&nbsp;<\/p>\n\n\n\n<p>En el marco de esta ceremonia de colaci\u00f3n, presentaron una exhibici\u00f3n de formaci\u00f3n de orden cerrado, protagonizada por los cadetes de tercer de las Licenciaturas en Seguridad Ciudadana y en Seguridad Penitenciaria.&nbsp;<\/p>\n\n\n\n<p>En esta demostraci\u00f3n, cada cadete se mueve con precisi\u00f3n, coordinaci\u00f3n y disciplina, respondiendo al un\u00edsono a las \u00f3rdenes de mando. Esta pr\u00e1ctica simboliza la unidad, el respeto, el control y el esp\u00edritu de cuerpo que distinguen a nuestras fuerzas policial y penitenciaria.&nbsp;<\/p>\n\n\n\n<p>Acompa\u00f1aron la ceremonia, el Jefe de la Polic\u00eda de la Provincia, <strong>Milton S\u00e1nchez<\/strong>; el jefe del Servicio Penitenciario de Jujuy, Inspector General <strong>F\u00e9lix Armando Guevara<\/strong>, autoridades de la c\u00fapula policial y del Instituto Universitario Provincial de Seguridad; autoridades provinciales, municipales, cuerpo docente y familias.<\/p>\n","protected":false},"excerpt":{"rendered":"<p>Se trata de personal con formaci\u00f3n superior en Seguridad Penitenciaria, y en Seguridad Ciudadana, egresados del IUPS, quienes \u201cforman parte de un logro muy importante para la construcci\u00f3n de una sociedad cada vez m\u00e1s justa, equitativa y solidaria\u201d, sostuvo el secretario de Seguridad, a cargo del Ministerio de Seguridad, Juan Manuel Pulleiro. \u201cLa formaci\u00f3n en [&hellip;]<\/p>\n","protected":false},"author":5,"featured_media":435570,"comment_status":"open","ping_status":"open","sticky":false,"template":"","format":"standard","meta":{"_stopmodifiedupdate":false,"_modified_date":"","inline_featured_image":false,"spay_email":"","jetpack_publicize_message":""},"categories":[3],"tags":[],"jetpack_featured_media_url":"https:\/\/notinor.com\/jujuy\/wp-content\/uploads\/2025\/11\/CADETES.jpg","jetpack_publicize_connections":[],"_links":{"self":[{"href":"https:\/\/notinor.com\/jujuy\/wp-json\/wp\/v2\/posts\/435569"}],"collection":[{"href":"https:\/\/notinor.com\/jujuy\/wp-json\/wp\/v2\/posts"}],"about":[{"href":"https:\/\/notinor.com\/jujuy\/wp-json\/wp\/v2\/types\/post"}],"author":[{"embeddable":true,"href":"https:\/\/notinor.com\/jujuy\/wp-json\/wp\/v2\/users\/5"}],"replies":[{"embeddable":true,"href":"https:\/\/notinor.com\/jujuy\/wp-json\/wp\/v2\/comments?post=435569"}],"version-history":[{"count":1,"href":"https:\/\/notinor.com\/jujuy\/wp-json\/wp\/v2\/posts\/435569\/revisions"}],"predecessor-version":[{"id":435571,"href":"https:\/\/notinor.com\/jujuy\/wp-json\/wp\/v2\/posts\/435569\/revisions\/435571"}],"wp:featuredmedia":[{"embeddable":true,"href":"https:\/\/notinor.com\/jujuy\/wp-json\/wp\/v2\/media\/435570"}],"wp:attachment":[{"href":"https:\/\/notinor.com\/jujuy\/wp-json\/wp\/v2\/media?parent=435569"}],"wp:term":[{"taxonomy":"category","embeddable":true,"href":"https:\/\/notinor.com\/jujuy\/wp-json\/wp\/v2\/categories?post=435569"},{"taxonomy":"post_tag","embeddable":true,"href":"https:\/\/notinor.com\/jujuy\/wp-json\/wp\/v2\/tags?post=435569"}],"curies":[{"name":"wp","href":"https:\/\/api.w.org\/{rel}","templated":true}]}}