{"id":435566,"date":"2025-11-11T13:08:37","date_gmt":"2025-11-11T16:08:37","guid":{"rendered":"https:\/\/notinor.com\/jujuy\/?p=435566"},"modified":"2025-11-11T13:08:40","modified_gmt":"2025-11-11T16:08:40","slug":"sadir-inicio-la-capacitacion-internacional-en-rescate-vehicular-dictada-por-bomberos-de-francia","status":"publish","type":"post","link":"https:\/\/notinor.com\/jujuy\/sadir-inicio-la-capacitacion-internacional-en-rescate-vehicular-dictada-por-bomberos-de-francia\/","title":{"rendered":"Sadir inici\u00f3 la Capacitaci\u00f3n Internacional en Rescate Vehicular dictada por bomberos de Francia"},"content":{"rendered":"\n<p class=\"has-medium-font-size\"><strong><em>El gobernador de la Provincia, Carlos Sadir, encabez\u00f3 el acto de apertura de la Capacitaci\u00f3n Internacional en Rescate Vehicular, dictada por los Sapeurs-Pompiers del Departamento de La Vienne (Francia).<\/em><\/strong><\/p>\n\n\n<div class=\"wp-block-image\">\n<figure class=\"aligncenter\"><img decoding=\"async\" src=\"https:\/\/media.prensa.jujuy.gob.ar\/p\/0f278cc1bea393f1a3f4968c1dff7599\/adjuntos\/301\/imagenes\/000\/419\/0000419828\/1200x0\/smart\/0c2a2994-copia.jpg\" alt=\"Sadir inici\u00f3 la Capacitaci\u00f3n Internacional en Rescate Vehicular dictada por bomberos de Francia\" title=\"Sadir inici\u00f3 la Capacitaci\u00f3n Internacional en Rescate Vehicular dictada por bomberos de Francia\"\/><\/figure><\/div>\n\n\n<p>La formaci\u00f3n est\u00e1 orientada al manejo de herramientas de corte y elementos de extracci\u00f3n, fundamentales para la atenci\u00f3n de incidentes viales. Las actividades se desarrollar\u00e1n durante toda la semana, hasta el s\u00e1bado 15 de noviembre, combinando instancias te\u00f3ricas y pr\u00e1cticas.<a href=\"https:\/\/media.prensa.jujuy.gob.ar\/p\/0f278cc1bea393f1a3f4968c1dff7599\/adjuntos\/301\/imagenes\/000\/419\/0000419828\/1200x0\/smart\/0c2a2994-copia.jpg\"><\/a><\/p>\n\n\n<div class=\"wp-block-image\">\n<figure class=\"aligncenter\"><img decoding=\"async\" src=\"https:\/\/media.prensa.jujuy.gob.ar\/p\/9cc5a29ece117a408cb8c4922a2760e4\/adjuntos\/301\/imagenes\/000\/419\/0000419829\/1200x0\/smart\/0c2a3065-copia.jpg\" alt=\"Sadir inici\u00f3 la Capacitaci\u00f3n Internacional en Rescate Vehicular dictada por bomberos de Francia\" title=\"Sadir inici\u00f3 la Capacitaci\u00f3n Internacional en Rescate Vehicular dictada por bomberos de Francia\"\/><\/figure><\/div>\n\n\n<p>Esta capacitaci\u00f3n es el resultado de un trabajo de cooperaci\u00f3n sostenido entre la Provincia de Jujuy y el Departamento de La Vienne, en el marco del Proyecto FICOL. A lo largo de los a\u00f1os, esta alianza se ha consolidado como un v\u00ednculo de amistad, compromiso y crecimiento mutuo, que une a ambas regiones en el prop\u00f3sito com\u00fan de proteger la vida y servir con vocaci\u00f3n.<a href=\"https:\/\/media.prensa.jujuy.gob.ar\/p\/9cc5a29ece117a408cb8c4922a2760e4\/adjuntos\/301\/imagenes\/000\/419\/0000419829\/1200x0\/smart\/0c2a3065-copia.jpg\"><\/a><\/p>\n\n\n\n<figure class=\"wp-block-image\"><img decoding=\"async\" src=\"https:\/\/media.prensa.jujuy.gob.ar\/p\/fdd35ea337301bc8b99cea8bc9facd2a\/adjuntos\/301\/imagenes\/000\/419\/0000419830\/1200x0\/smart\/0c2a3025-copia.jpg\" alt=\"Sadir inici\u00f3 la Capacitaci\u00f3n Internacional en Rescate Vehicular dictada por bomberos de Francia\" title=\"Sadir inici\u00f3 la Capacitaci\u00f3n Internacional en Rescate Vehicular dictada por bomberos de Francia\"\/><\/figure>\n\n\n\n<p>La presencia del Cuerpo de Bomberos del SDIS 86 en la provincia, reafirma ese compromiso compartido de fortalecer capacidades en gesti\u00f3n de crisis, respuesta ante emergencias y cuidado de las comunidades.<\/p>\n\n\n\n<p>Al respecto, Sadir destac\u00f3 que \u201cel intercambio con La Vienne permite capacitar a los bomberos de ambas regiones. Adem\u00e1s, recibimos una donaci\u00f3n de equipamiento que ser\u00e1 muy \u00fatil para actuar ante emergencias\u201d.&nbsp;<\/p>\n\n\n<div class=\"wp-block-image\">\n<figure class=\"aligncenter\"><img decoding=\"async\" src=\"https:\/\/media.prensa.jujuy.gob.ar\/p\/80456afb7227a4fb551f5730b402e285\/adjuntos\/301\/imagenes\/000\/419\/0000419833\/1200x0\/smart\/0c2a3037-copia.jpg\" alt=\"Sadir inici\u00f3 la Capacitaci\u00f3n Internacional en Rescate Vehicular dictada por bomberos de Francia\" title=\"Sadir inici\u00f3 la Capacitaci\u00f3n Internacional en Rescate Vehicular dictada por bomberos de Francia\"\/><\/figure><\/div>\n\n\n<p>Asimismo, indic\u00f3 que \u201cdurante esta semana, la capacitaci\u00f3n estar\u00e1 enfocada especialmente en siniestros viales, en c\u00f3mo actuar en accidentes, usar herramientas como las pinzas hidr\u00e1ulicas y operar en situaciones de rescate vehicular\u201d.&nbsp;<\/p>\n\n\n\n<p>\u201cEstamos muy agradecidos a La Vienne por el equipamiento y, sobre todo, por el intercambio de conocimientos\u201d, apunt\u00f3.&nbsp;<\/p>\n\n\n\n<p>El mandatario reafirm\u00f3 el compromiso provincial con la seguridad y se\u00f1al\u00f3 que \u201cseguiremos trabajando en seguridad y emergencias, que son fundamentales para la ciudadan\u00eda\u201d.&nbsp;<\/p>\n\n\n\n<p>\u201cTodo lo que signifique mejorar la capacidad operativa, las instalaciones y la tecnolog\u00eda para bomberos y polic\u00eda es bienvenido, porque ellos son quienes est\u00e1n presentes en los momentos m\u00e1s dif\u00edciles que atraviesan los ciudadanos\u201d, complet\u00f3.&nbsp;<\/p>\n\n\n\n<p>Por su parte, el director de Bomberos de la Polic\u00eda de Jujuy,<strong> Ram\u00f3n Alberto Mansilla<\/strong>, expres\u00f3 que \u201cdamos inicio a una importante capacitaci\u00f3n destinada a nuestros bomberos, con la participaci\u00f3n de colegas de la regi\u00f3n de La Vienne, Francia\u201d y agreg\u00f3 que \u201cestas instancias son muy valiosas, porque nos permiten incorporar nuevas t\u00e9cnicas que luego aplicamos en situaciones reales de emergencia vial\u201d.\u00a0<\/p>\n\n\n\n<p>Para concluir, Mansilla agradeci\u00f3 el acompa\u00f1amiento institucional y destac\u00f3 la \u201cexcelente predisposici\u00f3n de los bomberos de Francia, as\u00ed como de todos los participantes y autoridades presentes\u201d, entendiendo que \u201ceste apoyo es fundamental para seguir creciendo profesionalme<em>n<\/em>te\u201d.&nbsp;<\/p>\n\n\n\n<p>Estuvieron presentes en el acto el Secretario de Seguridad, <strong>Juan Manuel Pulleiro<\/strong>; funcionario a cargo del proyecto FICOL, <strong>Pablo Jure;<\/strong> el Director de Deportes y Relaciones Internacionales del Departamento de La Vienne, <strong>Bruno<\/strong> Grignard; el jefe de la polic\u00eda,<strong> Milton S\u00e1nchez;<\/strong> Sub jefe de la polic\u00eda, <strong>Joaqu\u00edn Carrillo<\/strong>; y el Jefe de Departamentos de Operaciones Policiales,<strong> Ignacio Torres<\/strong>; y el Director General de Bomberos<strong>, Ram\u00f3n Mansilla<\/strong>.<\/p>\n","protected":false},"excerpt":{"rendered":"<p>El gobernador de la Provincia, Carlos Sadir, encabez\u00f3 el acto de apertura de la Capacitaci\u00f3n Internacional en Rescate Vehicular, dictada por los Sapeurs-Pompiers del Departamento de La Vienne (Francia). La formaci\u00f3n est\u00e1 orientada al manejo de herramientas de corte y elementos de extracci\u00f3n, fundamentales para la atenci\u00f3n de incidentes viales. Las actividades se desarrollar\u00e1n durante [&hellip;]<\/p>\n","protected":false},"author":5,"featured_media":435567,"comment_status":"open","ping_status":"open","sticky":false,"template":"","format":"standard","meta":{"_stopmodifiedupdate":false,"_modified_date":"","inline_featured_image":false,"spay_email":"","jetpack_publicize_message":""},"categories":[2,3],"tags":[],"jetpack_featured_media_url":"https:\/\/notinor.com\/jujuy\/wp-content\/uploads\/2025\/11\/CAPACITACION-2.jpg","jetpack_publicize_connections":[],"_links":{"self":[{"href":"https:\/\/notinor.com\/jujuy\/wp-json\/wp\/v2\/posts\/435566"}],"collection":[{"href":"https:\/\/notinor.com\/jujuy\/wp-json\/wp\/v2\/posts"}],"about":[{"href":"https:\/\/notinor.com\/jujuy\/wp-json\/wp\/v2\/types\/post"}],"author":[{"embeddable":true,"href":"https:\/\/notinor.com\/jujuy\/wp-json\/wp\/v2\/users\/5"}],"replies":[{"embeddable":true,"href":"https:\/\/notinor.com\/jujuy\/wp-json\/wp\/v2\/comments?post=435566"}],"version-history":[{"count":1,"href":"https:\/\/notinor.com\/jujuy\/wp-json\/wp\/v2\/posts\/435566\/revisions"}],"predecessor-version":[{"id":435568,"href":"https:\/\/notinor.com\/jujuy\/wp-json\/wp\/v2\/posts\/435566\/revisions\/435568"}],"wp:featuredmedia":[{"embeddable":true,"href":"https:\/\/notinor.com\/jujuy\/wp-json\/wp\/v2\/media\/435567"}],"wp:attachment":[{"href":"https:\/\/notinor.com\/jujuy\/wp-json\/wp\/v2\/media?parent=435566"}],"wp:term":[{"taxonomy":"category","embeddable":true,"href":"https:\/\/notinor.com\/jujuy\/wp-json\/wp\/v2\/categories?post=435566"},{"taxonomy":"post_tag","embeddable":true,"href":"https:\/\/notinor.com\/jujuy\/wp-json\/wp\/v2\/tags?post=435566"}],"curies":[{"name":"wp","href":"https:\/\/api.w.org\/{rel}","templated":true}]}}