{"id":435514,"date":"2025-11-10T21:01:00","date_gmt":"2025-11-11T00:01:00","guid":{"rendered":"https:\/\/notinor.com\/jujuy\/?p=435514"},"modified":"2025-11-10T09:01:17","modified_gmt":"2025-11-10T09:01:17","slug":"natacion-paralimpica-reconocimiento-a-la-fundacion-los-pinguinos","status":"publish","type":"post","link":"https:\/\/notinor.com\/jujuy\/natacion-paralimpica-reconocimiento-a-la-fundacion-los-pinguinos\/","title":{"rendered":"Nataci\u00f3n Paral\u00edmpica: Reconocimiento a la Fundaci\u00f3n \"Los Ping\u00fcinos\""},"content":{"rendered":"\n<p class=\"has-medium-font-size\"><strong><em>Concejales entregaron la Minuta N\u00b0 124\/2025 que declara de Inter\u00e9s Municipal la participaci\u00f3n de la Fundaci\u00f3n \"Los Ping\u00fcinos\", en el 3\u00b0 encuentro de la Liga Argentina de Nataci\u00f3n Paral\u00edmpica, desarrollada en la provincia de Entre R\u00edos en el mes de agosto.<\/em><\/strong><\/p>\n\n\n<div class=\"wp-block-image\">\n<figure class=\"aligncenter size-large\"><img decoding=\"async\" loading=\"lazy\" width=\"720\" height=\"480\" src=\"https:\/\/notinor.com\/jujuy\/wp-content\/uploads\/2025\/11\/Fundacion-1-720x480.jpg\" alt=\"\" class=\"wp-image-435516\" srcset=\"https:\/\/notinor.com\/jujuy\/wp-content\/uploads\/2025\/11\/Fundacion-1-720x480.jpg 720w, https:\/\/notinor.com\/jujuy\/wp-content\/uploads\/2025\/11\/Fundacion-1-548x365.jpg 548w, https:\/\/notinor.com\/jujuy\/wp-content\/uploads\/2025\/11\/Fundacion-1.jpg 750w\" sizes=\"(max-width: 720px) 100vw, 720px\" \/><\/figure><\/div>\n\n\n<p>La Fundaci\u00f3n Los Ping\u00fcinos, particip\u00f3 con el acompa\u00f1amiento de los profesores <strong>Sabrina Nicole Carrizo<\/strong> y <strong>Mario David Suruguay<\/strong>, junto a 16 nadadores de la delegaci\u00f3n con ni\u00f1os a partir de los 9 a\u00f1os. A d\u00eda de hoy, el equipo de nataci\u00f3n se encuentra entre los tres primeros puestos de la Liga Nacional de Nataci\u00f3n Paral\u00edmpica, y varios nadadores en perfil de campe\u00f3n de sus categor\u00edas.<\/p>\n\n\n<div class=\"wp-block-image\">\n<figure class=\"aligncenter size-large\"><img decoding=\"async\" loading=\"lazy\" width=\"720\" height=\"480\" src=\"https:\/\/notinor.com\/jujuy\/wp-content\/uploads\/2025\/11\/Fundacion-1-1-720x480.jpg\" alt=\"\" class=\"wp-image-435517\" srcset=\"https:\/\/notinor.com\/jujuy\/wp-content\/uploads\/2025\/11\/Fundacion-1-1-720x480.jpg 720w, https:\/\/notinor.com\/jujuy\/wp-content\/uploads\/2025\/11\/Fundacion-1-1-548x365.jpg 548w, https:\/\/notinor.com\/jujuy\/wp-content\/uploads\/2025\/11\/Fundacion-1-1.jpg 750w\" sizes=\"(max-width: 720px) 100vw, 720px\" \/><\/figure><\/div>\n\n\n<p>Al respecto, la impulsora de la iniciativa, concejal <strong>Mar\u00eda Gal\u00e1n<\/strong>, destac\u00f3: \"Hoy vinieron a visitarnos integrantes de la fundaci\u00f3n Los Ping\u00fcinos, y le hicimos entrega de una minuta de declaraci\u00f3n por su participaci\u00f3n en un torneo, donde nos hicieron quedar muy bien. Queremos felicitar a los profesores, las familias y los pap\u00e1s que acompa\u00f1an y que trajeron a Jujuy grandes satisfacciones\".<\/p>\n\n\n<div class=\"wp-block-image\">\n<figure class=\"aligncenter size-large\"><img decoding=\"async\" loading=\"lazy\" width=\"720\" height=\"480\" src=\"https:\/\/notinor.com\/jujuy\/wp-content\/uploads\/2025\/11\/Fundacion-1-2-720x480.jpg\" alt=\"\" class=\"wp-image-435518\" srcset=\"https:\/\/notinor.com\/jujuy\/wp-content\/uploads\/2025\/11\/Fundacion-1-2-720x480.jpg 720w, https:\/\/notinor.com\/jujuy\/wp-content\/uploads\/2025\/11\/Fundacion-1-2-548x365.jpg 548w, https:\/\/notinor.com\/jujuy\/wp-content\/uploads\/2025\/11\/Fundacion-1-2.jpg 750w\" sizes=\"(max-width: 720px) 100vw, 720px\" \/><\/figure><\/div>\n\n\n<p>En ese sentido, la edil radical a\u00f1adi\u00f3: \"Queremos felicitar a toda la Fundaci\u00f3n Los Ping\u00fcinos por la buena actuaci\u00f3n que tuvieron, ya que est\u00e1n pensando para el a\u00f1o que viene viajar a Buenos Aires y de ah\u00ed a Per\u00fa, para seguir en competencia. Hay que valorar el esfuerzo de cada profesor y como Concejo Deliberante apoyarlos, porque realizan un trabajo en la inclusi\u00f3n\".<\/p>\n\n\n<div class=\"wp-block-image\">\n<figure class=\"aligncenter size-large\"><img decoding=\"async\" loading=\"lazy\" width=\"720\" height=\"480\" src=\"https:\/\/notinor.com\/jujuy\/wp-content\/uploads\/2025\/11\/Fundacion-1-3-720x480.jpg\" alt=\"\" class=\"wp-image-435519\" srcset=\"https:\/\/notinor.com\/jujuy\/wp-content\/uploads\/2025\/11\/Fundacion-1-3-720x480.jpg 720w, https:\/\/notinor.com\/jujuy\/wp-content\/uploads\/2025\/11\/Fundacion-1-3-548x365.jpg 548w, https:\/\/notinor.com\/jujuy\/wp-content\/uploads\/2025\/11\/Fundacion-1-3-768x512.jpg 768w, https:\/\/notinor.com\/jujuy\/wp-content\/uploads\/2025\/11\/Fundacion-1-3-1536x1024.jpg 1536w, https:\/\/notinor.com\/jujuy\/wp-content\/uploads\/2025\/11\/Fundacion-1-3-2048x1365.jpg 2048w, https:\/\/notinor.com\/jujuy\/wp-content\/uploads\/2025\/11\/Fundacion-1-3-750x500.jpg 750w, https:\/\/notinor.com\/jujuy\/wp-content\/uploads\/2025\/11\/Fundacion-1-3-1140x760.jpg 1140w\" sizes=\"(max-width: 720px) 100vw, 720px\" \/><\/figure><\/div>\n\n\n<p>Por su parte, el profesor Mario Suruguay, que forma parte del staff de entrenadores expres\u00f3: \"Estamos a cargo del equipo de nataci\u00f3n paral\u00edmpica de la fundaci\u00f3n, acabamos de concluir un campeonato que es organizado por el Comit\u00e9 Paraol\u00edmpico Argentino que contaba con 4 fechas y que culmin\u00f3 en C\u00f3rdoba, all\u00ed obtuvimos varios resultados positivos para Jujuy\". Y continu\u00f3: \"La verdad que un trabajo muy arduo, tanto de la familia como de los profesores y quiero agradecer los espacios que nos brindan para entrenar en el CEPAN o Tiro y Gimnasia, y la predisposici\u00f3n de la familia con cada atleta\".<\/p>\n\n\n<div class=\"wp-block-image\">\n<figure class=\"aligncenter size-large\"><img decoding=\"async\" loading=\"lazy\" width=\"719\" height=\"480\" src=\"https:\/\/notinor.com\/jujuy\/wp-content\/uploads\/2025\/11\/Fundacion-1-4-719x480.jpg\" alt=\"\" class=\"wp-image-435520\" srcset=\"https:\/\/notinor.com\/jujuy\/wp-content\/uploads\/2025\/11\/Fundacion-1-4-719x480.jpg 719w, https:\/\/notinor.com\/jujuy\/wp-content\/uploads\/2025\/11\/Fundacion-1-4-546x365.jpg 546w, https:\/\/notinor.com\/jujuy\/wp-content\/uploads\/2025\/11\/Fundacion-1-4.jpg 750w\" sizes=\"(max-width: 719px) 100vw, 719px\" \/><\/figure><\/div>\n\n\n<p>\"El reconocimiento del Concejo Deliberante-continu\u00f3 Suruguay- es una grata sorpresa, porque cada deportista siempre busca con su esfuerzo lograr un reconocimiento como deportista\", finaliz\u00f3.<\/p>\n\n\n\n<p>Nota Audiovisual:&nbsp;<a href=\"https:\/\/youtu.be\/ze1sO7MwHos\" target=\"_blank\" rel=\"noreferrer noopener\">https:\/\/youtu.be\/ze1sO7MwHos<\/a><\/p>\n","protected":false},"excerpt":{"rendered":"<p>Concejales entregaron la Minuta N\u00b0 124\/2025 que declara de Inter\u00e9s Municipal la participaci\u00f3n de la Fundaci\u00f3n \"Los Ping\u00fcinos\", en el 3\u00b0 encuentro de la Liga Argentina de Nataci\u00f3n Paral\u00edmpica, desarrollada en la provincia de Entre R\u00edos en el mes de agosto. La Fundaci\u00f3n Los Ping\u00fcinos, particip\u00f3 con el acompa\u00f1amiento de los profesores Sabrina Nicole Carrizo [&hellip;]<\/p>\n","protected":false},"author":5,"featured_media":435515,"comment_status":"open","ping_status":"open","sticky":false,"template":"","format":"standard","meta":{"_stopmodifiedupdate":false,"_modified_date":"","inline_featured_image":false,"spay_email":"","jetpack_publicize_message":""},"categories":[13],"tags":[],"jetpack_featured_media_url":"https:\/\/notinor.com\/jujuy\/wp-content\/uploads\/2025\/11\/Fundacion.jpg","jetpack_publicize_connections":[],"_links":{"self":[{"href":"https:\/\/notinor.com\/jujuy\/wp-json\/wp\/v2\/posts\/435514"}],"collection":[{"href":"https:\/\/notinor.com\/jujuy\/wp-json\/wp\/v2\/posts"}],"about":[{"href":"https:\/\/notinor.com\/jujuy\/wp-json\/wp\/v2\/types\/post"}],"author":[{"embeddable":true,"href":"https:\/\/notinor.com\/jujuy\/wp-json\/wp\/v2\/users\/5"}],"replies":[{"embeddable":true,"href":"https:\/\/notinor.com\/jujuy\/wp-json\/wp\/v2\/comments?post=435514"}],"version-history":[{"count":1,"href":"https:\/\/notinor.com\/jujuy\/wp-json\/wp\/v2\/posts\/435514\/revisions"}],"predecessor-version":[{"id":435521,"href":"https:\/\/notinor.com\/jujuy\/wp-json\/wp\/v2\/posts\/435514\/revisions\/435521"}],"wp:featuredmedia":[{"embeddable":true,"href":"https:\/\/notinor.com\/jujuy\/wp-json\/wp\/v2\/media\/435515"}],"wp:attachment":[{"href":"https:\/\/notinor.com\/jujuy\/wp-json\/wp\/v2\/media?parent=435514"}],"wp:term":[{"taxonomy":"category","embeddable":true,"href":"https:\/\/notinor.com\/jujuy\/wp-json\/wp\/v2\/categories?post=435514"},{"taxonomy":"post_tag","embeddable":true,"href":"https:\/\/notinor.com\/jujuy\/wp-json\/wp\/v2\/tags?post=435514"}],"curies":[{"name":"wp","href":"https:\/\/api.w.org\/{rel}","templated":true}]}}