{"id":435502,"date":"2025-11-10T13:49:48","date_gmt":"2025-11-10T16:49:48","guid":{"rendered":"https:\/\/notinor.com\/jujuy\/?p=435502"},"modified":"2025-11-10T13:49:50","modified_gmt":"2025-11-10T16:49:50","slug":"impulsan-la-expansion-global-de-la-yerba-mate","status":"publish","type":"post","link":"https:\/\/notinor.com\/jujuy\/impulsan-la-expansion-global-de-la-yerba-mate\/","title":{"rendered":"Impulsan la expansi\u00f3n global de la yerba mate"},"content":{"rendered":"\n<p class=\"has-medium-font-size\"><strong><em>Autoridades provinciales de Misiones y representantes del sector privado evaluaron estrategias conjuntas para fortalecer la presencia del producto en m\u00e1s de 60 pa\u00edses y abrir nuevos destinos de exportaci\u00f3n.<\/em><\/strong><\/p>\n\n\n<div class=\"wp-block-image\">\n<figure class=\"aligncenter\"><img decoding=\"async\" src=\"https:\/\/tn.com.ar\/resizer\/v2\/sector-publico-y-privado-avanzan-en-un-plan-conjunto-para-fortalecer-la-promocion-de-la-yerba-mate-como-alimento-natural-con-beneficios-reconocidos-en-el-mundo-foto-adobe-stock-XKNRD6QNSZEARPEIVXX4HAVOTU.jpg?auth=5ff119ec5b18f51aabc032383b3387e587e7656412a2e9fd3f885b2da4886bcb&amp;width=767\" alt=\"Sector p\u00fablico y privado avanzan en un plan conjunto para fortalecer la promoci\u00f3n de la yerba mate como alimento natural con beneficios reconocidos en el mundo. (Foto: Adobe Stock).\"\/><figcaption class=\"wp-element-caption\">Sector p\u00fablico y privado avanzan en un plan conjunto para fortalecer la promoci\u00f3n de la yerba mate como alimento natural con beneficios reconocidos en el mundo.<\/figcaption><\/figure><\/div>\n\n\n<p>El gobernador de Misiones,&nbsp;<strong>Hugo Passalacqua<\/strong>, y el ministro del Agro y la Producci\u00f3n,&nbsp;<strong>Facundo Sartori<\/strong>, encabezaron un encuentro con representantes empresariales y cooperativistas del&nbsp;<strong>sector yerbatero<\/strong>&nbsp;para analizar las pol\u00edticas de promoci\u00f3n internacional y las perspectivas de crecimiento en los pr\u00f3ximos a\u00f1os.<\/p>\n\n\n\n<p>Durante la reuni\u00f3n, realizada en Posadas, se revisaron los avances alcanzados por la cadena yerbatera en materia de exportaciones y el fortalecimiento de la presencia del producto en los mercados internacionales.<\/p>\n\n\n\n<p>El encuentro form\u00f3 parte de una agenda de trabajo que busca consolidar a Misiones como epicentro de la producci\u00f3n y exportaci\u00f3n de <strong>yerba mate <\/strong>del pa\u00eds.<\/p>\n\n\n\n<p>El ministro Sartori destac\u00f3 que el sector atraviesa un&nbsp;<strong>momento de expansi\u00f3n sostenida<\/strong>. \u201cEstamos conquistando nuevos mercados. Ya superamos los 60 pa\u00edses donde la yerba mate se est\u00e1 imponiendo y buscamos ampliar hacia destinos m\u00e1s grandes, como ocurre con Siria, donde el producto es muy reconocido\u201d, se\u00f1al\u00f3.<\/p>\n\n\n<div class=\"wp-block-image\">\n<figure class=\"aligncenter\"><img decoding=\"async\" src=\"https:\/\/tn.com.ar\/resizer\/v2\/el-gobernador-hugo-passalacqua-encabezo-una-reunion-con-representantes-del-sector-yerbatero-para-definir-nuevas-estrategias-de-posicionamiento-internacional-de-la-yerba-mate-foto-gobierno-de-misiones-URNHHLPOOJEKZIEKUGAXQUIHT4.jpeg?auth=2474d184273c21c57743ddf4939c3549bfbba5bd4aee144ea8888c8438650e5f&amp;width=767\" alt=\"El gobernador Hugo Passalacqua encabez\u00f3 una reuni\u00f3n con representantes del sector yerbatero para definir nuevas estrategias de posicionamiento internacional de la yerba mate. (Foto: Gobierno de Misiones).\"\/><figcaption class=\"wp-element-caption\">El gobernador Hugo Passalacqua encabez\u00f3 una reuni\u00f3n con representantes del sector yerbatero para definir nuevas estrategias de posicionamiento internacional de la yerba mate<\/figcaption><\/figure><\/div>\n\n\n<p><strong>La provincia busca consolidar su marca en el norte global<\/strong><\/p>\n\n\n\n<p>Adem\u00e1s, resalt\u00f3 que&nbsp;<strong>el crecimiento en las exportaciones no es un hecho aislado<\/strong>, sino el resultado de un esfuerzo compartido entre el sector p\u00fablico y el privado.<\/p>\n\n\n\n<p>\u201c<strong>La ayuda de figuras internacionales, desde deportistas hasta el papa Francisco<\/strong>, ha sido muy valiosa para la promoci\u00f3n del producto. Eso genera proyecci\u00f3n y refuerza las pol\u00edticas de internacionalizaci\u00f3n que impulsa la provincia\u201d, explic\u00f3 el funcionario.<\/p>\n\n\n\n<p>Durante el encuentro tambi\u00e9n se abordaron los desaf\u00edos para mantener la competitividad del sector, mejorar la log\u00edstica exportadora y fortalecer la identidad de la yerba como alimento natural y saludable.<\/p>\n\n\n\n<p>Sartori subray\u00f3 que \u201cla difusi\u00f3n es clave para&nbsp;<strong>que la yerba no se limite a los mercados sudamericanos o a Siria<\/strong>. Queremos que otros pa\u00edses empiecen a incorporar su consumo por las propiedades que tiene\u201d.<\/p>\n\n\n\n<p>El gobernador Passalacqua, por su parte, remarc\u00f3 la importancia de sostener el crecimiento de la producci\u00f3n con&nbsp;<strong>criterios de sustentabilidad y valor agregado<\/strong>. En ese sentido, inst\u00f3 a las cooperativas y empresas a seguir apostando a&nbsp;<strong>la innovaci\u00f3n y la calidad como ejes de desarrollo<\/strong>.<\/p>\n\n\n\n<p>Sartori agreg\u00f3 que el 2025 representa \u201cuna oportunidad hist\u00f3rica\u201d para posicionar el producto misionero en el norte global, donde crece el inter\u00e9s por bebidas naturales y funcionales.<\/p>\n\n\n\n<p>\u201cDesde Misiones acompa\u00f1amos ese proceso junto a los productores y las cooperativas, buscando que la  <strong>yerba <\/strong>sea\u00a0<strong>reconocida no solo por su tradici\u00f3n, sino tambi\u00e9n por sus beneficios para la salud y su aporte a la cultura alimentaria mundial\u201d<\/strong>, concluy\u00f3.<\/p>\n\n\n<div class=\"wp-block-image\">\n<figure class=\"aligncenter\"><img decoding=\"async\" src=\"https:\/\/tn.com.ar\/resizer\/v2\/la-difusion-es-clave-para-que-la-yerba-no-se-limite-a-los-mercados-tradicionales-sostuvo-sartori-al-remarcar-la-oportunidad-de-expansion-hacia-el-norte-global-foto-gobierno-de-misiones-NKYGLHEMXRAD7NNTZWJHBMDHWQ.jpeg?auth=e15e0732c2a37dcb8a96613ce6d26dcf3a10f65a4440c61491f3ba21ca60b6c3&amp;width=767\" alt=\"\u201cLa difusi\u00f3n es clave para que la yerba no se limite a los mercados tradicionales\u201d, sostuvo Sartori al remarcar la oportunidad de expansi\u00f3n hacia el norte global. (Foto: Gobierno de Misiones).\"\/><figcaption class=\"wp-element-caption\">\u201cLa difusi\u00f3n es clave para que la yerba no se limite a los mercados tradicionales\u201d, sostuvo Sartori al remarcar la oportunidad de expansi\u00f3n hacia el norte global<\/figcaption><\/figure><\/div>\n\n\n<p>Con esta estrategia conjunta, el gobierno provincial y el sector privado buscan convertir a la yerba mate en una&nbsp;<strong>embajadora de la identidad<\/strong>&nbsp;misionera y en&nbsp;<strong>un motor del desarrollo exportador argentino<\/strong>.<\/p>\n","protected":false},"excerpt":{"rendered":"<p>Autoridades provinciales de Misiones y representantes del sector privado evaluaron estrategias conjuntas para fortalecer la presencia del producto en m\u00e1s de 60 pa\u00edses y abrir nuevos destinos de exportaci\u00f3n. El gobernador de Misiones,&nbsp;Hugo Passalacqua, y el ministro del Agro y la Producci\u00f3n,&nbsp;Facundo Sartori, encabezaron un encuentro con representantes empresariales y cooperativistas del&nbsp;sector yerbatero&nbsp;para analizar las [&hellip;]<\/p>\n","protected":false},"author":5,"featured_media":435503,"comment_status":"open","ping_status":"open","sticky":false,"template":"","format":"standard","meta":{"_stopmodifiedupdate":false,"_modified_date":"","inline_featured_image":false,"spay_email":"","jetpack_publicize_message":""},"categories":[2542],"tags":[],"jetpack_featured_media_url":"https:\/\/notinor.com\/jujuy\/wp-content\/uploads\/2025\/11\/CAMPO.jpg","jetpack_publicize_connections":[],"_links":{"self":[{"href":"https:\/\/notinor.com\/jujuy\/wp-json\/wp\/v2\/posts\/435502"}],"collection":[{"href":"https:\/\/notinor.com\/jujuy\/wp-json\/wp\/v2\/posts"}],"about":[{"href":"https:\/\/notinor.com\/jujuy\/wp-json\/wp\/v2\/types\/post"}],"author":[{"embeddable":true,"href":"https:\/\/notinor.com\/jujuy\/wp-json\/wp\/v2\/users\/5"}],"replies":[{"embeddable":true,"href":"https:\/\/notinor.com\/jujuy\/wp-json\/wp\/v2\/comments?post=435502"}],"version-history":[{"count":1,"href":"https:\/\/notinor.com\/jujuy\/wp-json\/wp\/v2\/posts\/435502\/revisions"}],"predecessor-version":[{"id":435504,"href":"https:\/\/notinor.com\/jujuy\/wp-json\/wp\/v2\/posts\/435502\/revisions\/435504"}],"wp:featuredmedia":[{"embeddable":true,"href":"https:\/\/notinor.com\/jujuy\/wp-json\/wp\/v2\/media\/435503"}],"wp:attachment":[{"href":"https:\/\/notinor.com\/jujuy\/wp-json\/wp\/v2\/media?parent=435502"}],"wp:term":[{"taxonomy":"category","embeddable":true,"href":"https:\/\/notinor.com\/jujuy\/wp-json\/wp\/v2\/categories?post=435502"},{"taxonomy":"post_tag","embeddable":true,"href":"https:\/\/notinor.com\/jujuy\/wp-json\/wp\/v2\/tags?post=435502"}],"curies":[{"name":"wp","href":"https:\/\/api.w.org\/{rel}","templated":true}]}}