{"id":435497,"date":"2025-11-10T13:33:38","date_gmt":"2025-11-10T16:33:38","guid":{"rendered":"https:\/\/notinor.com\/jujuy\/?p=435497"},"modified":"2025-11-10T13:34:04","modified_gmt":"2025-11-10T16:34:04","slug":"un-sangriento-motin-en-una-carcel-de-ecuador-dejo-al-menos-27-muertos","status":"publish","type":"post","link":"https:\/\/notinor.com\/jujuy\/un-sangriento-motin-en-una-carcel-de-ecuador-dejo-al-menos-27-muertos\/","title":{"rendered":"Un sangriento mot\u00edn en una c\u00e1rcel de Ecuador dej\u00f3 al menos 27 muertos"},"content":{"rendered":"\n<p class=\"has-medium-font-size\"><strong><em>Los disturbios ocurrieron en el penal de Machala, en la provincia ecuatoriana de El Oro, fronteriza con Per\u00fa.<\/em><\/strong><\/p>\n\n\n<div class=\"wp-block-image\">\n<figure class=\"aligncenter size-full\"><img decoding=\"async\" loading=\"lazy\" width=\"766\" height=\"407\" src=\"https:\/\/notinor.com\/jujuy\/wp-content\/uploads\/2025\/11\/CARCEL.jpg\" alt=\"\" class=\"wp-image-435498\" srcset=\"https:\/\/notinor.com\/jujuy\/wp-content\/uploads\/2025\/11\/CARCEL.jpg 766w, https:\/\/notinor.com\/jujuy\/wp-content\/uploads\/2025\/11\/CARCEL-660x351.jpg 660w, https:\/\/notinor.com\/jujuy\/wp-content\/uploads\/2025\/11\/CARCEL-750x398.jpg 750w\" sizes=\"(max-width: 766px) 100vw, 766px\" \/><figcaption class=\"wp-element-caption\">La c\u00e1rcel de Machala en Ecuador<\/figcaption><\/figure><\/div>\n\n\n<p>Una ola de violencia en una c\u00e1rcel de <strong>Ecuador <\/strong>dej\u00f3&nbsp;<strong>al menos 27 presos muertos&nbsp;<\/strong>en la provincia ecuatoriana de El Oro, en la frontera con Per\u00fa.<\/p>\n\n\n\n<p>El impactante hecho ocurri\u00f3 en la tercera planta del centro penitenciario ubicado en la ciudad de Machala, donde las autoridades informaron que tambi\u00e9n hay&nbsp;<strong>33 reclusos heridos.<\/strong><\/p>\n\n\n\n<p>\u201cLos primeros indicios apuntan a que&nbsp;<strong>las muertes habr\u00edan sido producto de asfixia<\/strong>, aunque las causas exactas est\u00e1n a\u00fan por determinarse\u201d, indic\u00f3 el portal digital local&nbsp;<em>Primicias<\/em>.<\/p>\n\n\n\n<p>El Servicio Nacional de Atenci\u00f3n Integral a Personas Adultas Privadas de la Libertad y Adolescentes Infractores (SNAI) que, sin m\u00e1s detalles, atribuy\u00f3 ese hecho a la \"<strong>reorganizaci\u00f3n de los privados de libertad<\/strong>&nbsp;en la nueva c\u00e1rcel de m\u00e1xima seguridad\".<\/p>\n\n\n\n<p>Cerca de las 3 de la ma\u00f1ana, hora local, vecinos de la ciudad de Machala, en la provincia de El Oro, grabaron los sonidos de&nbsp;<strong>disparos, explosiones y gritos de auxilio&nbsp;<\/strong>que sal\u00edan desde el interior del centro de reclusi\u00f3n.<\/p>\n\n\n\n<p>Desde el SNAI se\u00f1alaron que en ese momento ingresaron equipos de \u00e9lite de la polic\u00eda y&nbsp;<strong>capturaron a siete personas&nbsp;<\/strong>que ser\u00e1n judicializadas. \u201cRetomaron el control tras el amotinamiento\u201d, agregaron.<\/p>\n\n\n\n<p>A finales de septiembre, otra confrontaci\u00f3n armada en esa misma c\u00e1rcel caus\u00f3&nbsp;<strong>14 muertes<\/strong>, entre ellas la de un funcionario penitenciario.<\/p>\n\n\n\n<p>Seg\u00fan la autoridad carcelaria, los nuevos enfrentamientos se dieron debido a&nbsp;<strong>\u201cuna reorganizaci\u00f3n\u201d<\/strong>&nbsp;de algunos reclusos \u201cen la&nbsp;<strong>nueva c\u00e1rcel de m\u00e1xima seguridad\".<\/strong><\/p>\n\n\n\n<p>El centro penitenciario fue construido por el gobierno del presidente Daniel Noboa en la provincia costera de Santa Elena (suroeste) y su inauguraci\u00f3n se espera para este mes.<\/p>\n\n\n\n<p>En 2024&nbsp;<strong>los militares tomaron el control de las c\u00e1rceles del pa\u00eds<\/strong>&nbsp;por orden de Noboa, quien declar\u00f3 al pa\u00eds en un conflicto armado interno. Sin embargo, en agosto de este a\u00f1o, ocho de ellas, incluida la de Machala, fueron traspasadas a la polic\u00eda.<\/p>\n\n\n\n<p>La mayor matanza carcelaria en <strong>Ecuador <\/strong>se produjo en 2021, cuando m\u00e1s de un centenar de reclusos murieron en una penitenciar\u00eda de Guayaquil (suroeste).<\/p>\n\n\n\n<p>Los presos llegaron a transmitir en vivo y por redes sociales los cruentos enfrentamientos, con cuerpos decapitados e incinerados.<\/p>\n\n\n\n<p>Tras lo que fue otro enfrentamiento entre bandas narco en su intento por controlar el negocio en el recinto, ya se registran cerca de 500 reclusos muertos desde 2021 a esta parte.<\/p>\n","protected":false},"excerpt":{"rendered":"<p>Los disturbios ocurrieron en el penal de Machala, en la provincia ecuatoriana de El Oro, fronteriza con Per\u00fa. Una ola de violencia en una c\u00e1rcel de Ecuador dej\u00f3&nbsp;al menos 27 presos muertos&nbsp;en la provincia ecuatoriana de El Oro, en la frontera con Per\u00fa. El impactante hecho ocurri\u00f3 en la tercera planta del centro penitenciario ubicado [&hellip;]<\/p>\n","protected":false},"author":5,"featured_media":435499,"comment_status":"open","ping_status":"open","sticky":false,"template":"","format":"standard","meta":{"_stopmodifiedupdate":false,"_modified_date":"","inline_featured_image":false,"spay_email":"","jetpack_publicize_message":""},"categories":[6],"tags":[],"jetpack_featured_media_url":"https:\/\/notinor.com\/jujuy\/wp-content\/uploads\/2025\/11\/CARCEL-1.jpg","jetpack_publicize_connections":[],"_links":{"self":[{"href":"https:\/\/notinor.com\/jujuy\/wp-json\/wp\/v2\/posts\/435497"}],"collection":[{"href":"https:\/\/notinor.com\/jujuy\/wp-json\/wp\/v2\/posts"}],"about":[{"href":"https:\/\/notinor.com\/jujuy\/wp-json\/wp\/v2\/types\/post"}],"author":[{"embeddable":true,"href":"https:\/\/notinor.com\/jujuy\/wp-json\/wp\/v2\/users\/5"}],"replies":[{"embeddable":true,"href":"https:\/\/notinor.com\/jujuy\/wp-json\/wp\/v2\/comments?post=435497"}],"version-history":[{"count":2,"href":"https:\/\/notinor.com\/jujuy\/wp-json\/wp\/v2\/posts\/435497\/revisions"}],"predecessor-version":[{"id":435501,"href":"https:\/\/notinor.com\/jujuy\/wp-json\/wp\/v2\/posts\/435497\/revisions\/435501"}],"wp:featuredmedia":[{"embeddable":true,"href":"https:\/\/notinor.com\/jujuy\/wp-json\/wp\/v2\/media\/435499"}],"wp:attachment":[{"href":"https:\/\/notinor.com\/jujuy\/wp-json\/wp\/v2\/media?parent=435497"}],"wp:term":[{"taxonomy":"category","embeddable":true,"href":"https:\/\/notinor.com\/jujuy\/wp-json\/wp\/v2\/categories?post=435497"},{"taxonomy":"post_tag","embeddable":true,"href":"https:\/\/notinor.com\/jujuy\/wp-json\/wp\/v2\/tags?post=435497"}],"curies":[{"name":"wp","href":"https:\/\/api.w.org\/{rel}","templated":true}]}}