{"id":435291,"date":"2025-11-05T13:29:27","date_gmt":"2025-11-05T16:29:27","guid":{"rendered":"https:\/\/notinor.com\/jujuy\/?p=435291"},"modified":"2025-11-05T13:29:29","modified_gmt":"2025-11-05T16:29:29","slug":"video-asi-se-estrello-en-salta-una-avioneta-que-llevaba-mas-de-130-kilos-de-cocaina","status":"publish","type":"post","link":"https:\/\/notinor.com\/jujuy\/video-asi-se-estrello-en-salta-una-avioneta-que-llevaba-mas-de-130-kilos-de-cocaina\/","title":{"rendered":"Video: as\u00ed se estrell\u00f3 en Salta una avioneta que llevaba m\u00e1s de 130 kilos de coca\u00edna"},"content":{"rendered":"\n<p class=\"has-medium-font-size\"><strong><em>La aeronave ten\u00eda matr\u00edcula boliviana y sus ocupantes desaparecieron luego del impacto. Ocurri\u00f3 en la zona del paraje San Felipe.<\/em><\/strong><\/p>\n\n\n<div class=\"wp-block-image\">\n<figure class=\"aligncenter size-large\"><img decoding=\"async\" loading=\"lazy\" width=\"840\" height=\"358\" src=\"https:\/\/notinor.com\/jujuy\/wp-content\/uploads\/2025\/11\/AVIONETA-840x358.jpg\" alt=\"\" class=\"wp-image-435292\" srcset=\"https:\/\/notinor.com\/jujuy\/wp-content\/uploads\/2025\/11\/AVIONETA-840x358.jpg 840w, https:\/\/notinor.com\/jujuy\/wp-content\/uploads\/2025\/11\/AVIONETA-660x281.jpg 660w, https:\/\/notinor.com\/jujuy\/wp-content\/uploads\/2025\/11\/AVIONETA-768x327.jpg 768w, https:\/\/notinor.com\/jujuy\/wp-content\/uploads\/2025\/11\/AVIONETA-750x319.jpg 750w, https:\/\/notinor.com\/jujuy\/wp-content\/uploads\/2025\/11\/AVIONETA.jpg 850w\" sizes=\"(max-width: 840px) 100vw, 840px\" \/><figcaption class=\"wp-element-caption\">Una persona fue detenida luego del operativo, pero hasta el momento se desconoce cu\u00e1l fue su rol<\/figcaption><\/figure><\/div>\n\n\n<p>Una avioneta que transportaba\u00a0<strong>m\u00e1s de 130 kilos de coca\u00edna se estrell\u00f3<\/strong>\u00a0en la zona del paraje San Felipe, en <strong>Salta.<\/strong> Sus ocupantes desaparecieron luego del impacto contra el suelo.<\/p>\n\n\n\n<p>El brutal accidente ocurri\u00f3 el martes por la tarde y qued\u00f3 grabado por un vecino del lugar, en las inmediaciones de&nbsp;<strong>Almirante Brown&nbsp;<\/strong>y de la localidad de Horcones. Se trata de una zona rural del departamento&nbsp;<strong>Rosario de la Frontera<\/strong>, al sur de Salta.<\/p>\n\n\n\n<p>En el video se ve el momento en que la avioneta comenz\u00f3 a perder altura y&nbsp;<strong>cay\u00f3 repentinamente detr\u00e1s de unos arbustos<\/strong>. En esa primera imagen no se logra ver si el piloto lleg\u00f3 a hacer un aterrizaje forzoso.<\/p>\n\n\n\n<p>Otra secuencia filmada por los mismos vecinos muestra<strong>&nbsp;a la aeronave prendida fuego y partida a la mitad,&nbsp;<\/strong>lo que da cuenta de que impact\u00f3 brutalmente contra el suelo. Sin embargo, en ninguno de los tres videos se ve que haya personas heridas.<\/p>\n\n\n\n<p>Gendarmer\u00eda Nacional y personal de Drogas Peligrosas de Met\u00e1n, entre otras divisiones de la Polic\u00eda de <strong>Salta.<\/strong> llegaron al lugar r\u00e1pidamente y encontraron\u00a0<strong>bultos con droga.<\/strong><\/p>\n\n\n\n<p>Los efectivos confirmaron que la avioneta&nbsp;<strong>tiene matr\u00edcula boliviana&nbsp;<\/strong>y que, entre los restos, se encontraron m\u00e1s de&nbsp;<strong>130 kilos de coca\u00edna<\/strong>.<\/p>\n\n\n\n<p>Se confirm\u00f3 que no hubo v\u00edctimas ni heridos, y que los ocupantes de la aeronave desaparecieron del lugar tras el siniestro. (Video: Polic\u00eda de Salta).<\/p>\n\n\n\n<p>Tambi\u00e9n se confirm\u00f3 que&nbsp;<strong>no hubo v\u00edctimas ni heridos,&nbsp;<\/strong>y que los ocupantes de la aeronave desaparecieron del lugar tras el siniestro. Todav\u00eda es materia de investigaci\u00f3n c\u00f3mo desaparecieron y si resultaron heridos.<\/p>\n\n\n\n<p>Las primeras pericias indican que&nbsp;<strong>la avioneta sufri\u00f3 un desperfecto mec\u00e1nico,<\/strong>&nbsp;lo que hizo que el piloto perdiera el control y se precipitara contra el suelo. Finalmente, qued\u00f3 incrustada contra el palo.<\/p>\n\n\n\n<p>Seg\u00fan informaron algunos medios salte\u00f1os, la avioneta ten\u00eda como<strong>&nbsp;posible destino una pista ubicada cerca<\/strong>&nbsp;del lugar donde finalmente impact\u00f3, y ya estaba siendo aguardada por dos veh\u00edculos.<\/p>\n\n\n\n<p>El caso qued\u00f3 en manos de la Justicia Federal, que deber\u00e1 avanzar con la investigaci\u00f3n para determinar los responsables. (Foto: captura de video-Video: Polic\u00eda de Salta).<\/p>\n\n\n\n<p>A pesar del hermetismo que rodea el caso, medios locales informaron que&nbsp;<strong>cerca de la aeronave hab\u00eda un veh\u00edculo incendiado<\/strong>, aparentemente de manera intencional.<\/p>\n\n\n\n<p><strong>Una persona fue detenida<\/strong>&nbsp;luego del operativo, pero hasta el momento se desconoce cu\u00e1l fue su rol dentro de la operaci\u00f3n, que termin\u00f3 con el brutal impacto de la avioneta. Tampoco trascendieron detalles sobre su identidad o su v\u00ednculo con la aeronave.<\/p>\n\n\n\n<p>Mientras tanto, la zona se encuentra resguardada por fuerzas federales y provinciales, a la espera de pericias que permitan establecer la&nbsp;<strong>ruta de vuelo<\/strong>&nbsp;y si contaba o no con el correspondiente plan autorizado. La ca\u00edda se produjo dentro de una finca privada en la zona de San Felipe.<\/p>\n\n\n\n<p>El caso qued\u00f3 en manos de la Justicia Federal, que deber\u00e1 avanzar con la investigaci\u00f3n para determinar los responsables y el posible destino de la carga.<\/p>\n\n\n\n<figure class=\"wp-block-embed is-type-video is-provider-youtube wp-block-embed-youtube wp-embed-aspect-16-9 wp-has-aspect-ratio\"><div class=\"wp-block-embed__wrapper\">\n<div class=\"jeg_video_container jeg_video_content\"><iframe loading=\"lazy\" title=\"\ud83d\udea8 CAY\u00d3 UNA AVIONETA NARCO EN SALTA: TRANSPORTABA 130 KILOS DE COCA\u00cdNA\" width=\"500\" height=\"281\" src=\"https:\/\/www.youtube.com\/embed\/9tUe87h2JH4?feature=oembed\" frameborder=\"0\" allow=\"accelerometer; autoplay; clipboard-write; encrypted-media; gyroscope; picture-in-picture; web-share\" referrerpolicy=\"strict-origin-when-cross-origin\" allowfullscreen><\/iframe><\/div>\n<\/div><\/figure>\n","protected":false},"excerpt":{"rendered":"<p>La aeronave ten\u00eda matr\u00edcula boliviana y sus ocupantes desaparecieron luego del impacto. Ocurri\u00f3 en la zona del paraje San Felipe. Una avioneta que transportaba\u00a0m\u00e1s de 130 kilos de coca\u00edna se estrell\u00f3\u00a0en la zona del paraje San Felipe, en Salta. Sus ocupantes desaparecieron luego del impacto contra el suelo. El brutal accidente ocurri\u00f3 el martes por [&hellip;]<\/p>\n","protected":false},"author":5,"featured_media":435292,"comment_status":"open","ping_status":"open","sticky":false,"template":"","format":"standard","meta":{"_stopmodifiedupdate":false,"_modified_date":"","inline_featured_image":false,"spay_email":"","jetpack_publicize_message":""},"categories":[3],"tags":[],"jetpack_featured_media_url":"https:\/\/notinor.com\/jujuy\/wp-content\/uploads\/2025\/11\/AVIONETA.jpg","jetpack_publicize_connections":[],"_links":{"self":[{"href":"https:\/\/notinor.com\/jujuy\/wp-json\/wp\/v2\/posts\/435291"}],"collection":[{"href":"https:\/\/notinor.com\/jujuy\/wp-json\/wp\/v2\/posts"}],"about":[{"href":"https:\/\/notinor.com\/jujuy\/wp-json\/wp\/v2\/types\/post"}],"author":[{"embeddable":true,"href":"https:\/\/notinor.com\/jujuy\/wp-json\/wp\/v2\/users\/5"}],"replies":[{"embeddable":true,"href":"https:\/\/notinor.com\/jujuy\/wp-json\/wp\/v2\/comments?post=435291"}],"version-history":[{"count":1,"href":"https:\/\/notinor.com\/jujuy\/wp-json\/wp\/v2\/posts\/435291\/revisions"}],"predecessor-version":[{"id":435293,"href":"https:\/\/notinor.com\/jujuy\/wp-json\/wp\/v2\/posts\/435291\/revisions\/435293"}],"wp:featuredmedia":[{"embeddable":true,"href":"https:\/\/notinor.com\/jujuy\/wp-json\/wp\/v2\/media\/435292"}],"wp:attachment":[{"href":"https:\/\/notinor.com\/jujuy\/wp-json\/wp\/v2\/media?parent=435291"}],"wp:term":[{"taxonomy":"category","embeddable":true,"href":"https:\/\/notinor.com\/jujuy\/wp-json\/wp\/v2\/categories?post=435291"},{"taxonomy":"post_tag","embeddable":true,"href":"https:\/\/notinor.com\/jujuy\/wp-json\/wp\/v2\/tags?post=435291"}],"curies":[{"name":"wp","href":"https:\/\/api.w.org\/{rel}","templated":true}]}}