{"id":435203,"date":"2025-11-03T21:39:00","date_gmt":"2025-11-04T00:39:00","guid":{"rendered":"https:\/\/notinor.com\/jujuy\/?p=435203"},"modified":"2025-11-03T21:39:00","modified_gmt":"2025-11-03T21:39:00","slug":"workshop-de-realizacion-de-comerciales-turisticos","status":"publish","type":"post","link":"https:\/\/notinor.com\/jujuy\/workshop-de-realizacion-de-comerciales-turisticos\/","title":{"rendered":"Workshop de Realizaci\u00f3n de Comerciales Tur\u00edsticos"},"content":{"rendered":"\n<p class=\"has-medium-font-size\"><strong><em>Nueva capacitaci\u00f3n gratuita a cargo del reconocido director Claudio Divella.<\/em><\/strong><\/p>\n\n\n\n<p><\/p>\n\n\n<div class=\"wp-block-image\">\n<figure class=\"aligncenter size-full\"><img decoding=\"async\" loading=\"lazy\" width=\"800\" height=\"450\" src=\"https:\/\/notinor.com\/jujuy\/wp-content\/uploads\/2025\/11\/comerciales-turisticos.jpg\" alt=\"\" class=\"wp-image-435204\" srcset=\"https:\/\/notinor.com\/jujuy\/wp-content\/uploads\/2025\/11\/comerciales-turisticos.jpg 800w, https:\/\/notinor.com\/jujuy\/wp-content\/uploads\/2025\/11\/comerciales-turisticos-649x365.jpg 649w, https:\/\/notinor.com\/jujuy\/wp-content\/uploads\/2025\/11\/comerciales-turisticos-500x280.jpg 500w, https:\/\/notinor.com\/jujuy\/wp-content\/uploads\/2025\/11\/comerciales-turisticos-768x432.jpg 768w, https:\/\/notinor.com\/jujuy\/wp-content\/uploads\/2025\/11\/comerciales-turisticos-750x422.jpg 750w\" sizes=\"(max-width: 800px) 100vw, 800px\" \/><\/figure><\/div>\n\n\n<p><\/p>\n\n\n\n<p>El Instituto de Artes Audiovisuales a trav\u00e9s de la Comisi\u00f3n de Filmaciones y con el apoyo del Ministerio de Turismo y Cultura, invitan a inscribirse al \u201cWorkshop de Realizaci\u00f3n de Comerciales Tur\u00edsticos\u201d, una propuesta formativa que ofrece una experiencia integral de realizaci\u00f3n audiovisual aplicada al formato publicitario, tomando como eje los comerciales de turismo.<\/p>\n\n\n\n<p>La capacitaci\u00f3n est\u00e1 destinada a realizadores\/as audiovisuales, estudiantes, trabajadores\/as del sector audiovisual y referentes de las \u00e1reas de prensa de los municipios.<\/p>\n\n\n\n<p>Durante el taller los participantes atravesar\u00e1n todas las etapas del proceso creativo: guion, puesta en escena, rodaje y edici\u00f3n, hasta la entrega de un spot terminado de 15 segundos.<\/p>\n\n\n\n<p>Quien estar\u00e1 a cargo de la actividad es Claudio Divella, director, guionista y productor con una destacada trayectoria en el \u00e1mbito audiovisual y fotogr\u00e1fico. Inici\u00f3 su carrera en la Editorial Atl\u00e1ntida, donde lleg\u00f3 a ser jefe de fotograf\u00eda de revistas como Gente, Para Ti y El Gr\u00e1fico.<\/p>\n\n\n\n<p>Durante veinte a\u00f1os fue fot\u00f3grafo personal y realizador audiovisual de Susana Gim\u00e9nez. Tambi\u00e9n trabaj\u00f3 con figuras como Andr\u00e9s Calamaro, Charly Garc\u00eda, Gustavo Cerati y Joan Manuel Serrat, adem\u00e1s de realizar tapas de discos y campa\u00f1as para reconocidas celebridades.<\/p>\n\n\n\n<p class=\"has-medium-font-size\"><strong>El workshop se desarrollar\u00e1 en dos instancias:<\/strong><\/p>\n\n\n\n<p>Modalidad online: mi\u00e9rcoles 20 de noviembre, de 16 a 19 hs<\/p>\n\n\n\n<p>Modalidad presencial: del 24 al 28 de noviembre, de 16 a 19 hs<\/p>\n\n\n\n<p>Inscripciones\u00a0hasta el 18 de noviembre ingresando al <strong><a href=\"https:\/\/iaaj.jujuy.gob.ar\/capacitaciones\/realizacion-de-comerciales-turisticos\/\" target=\"_blank\" rel=\"noreferrer noopener\">https:\/\/iaaj.jujuy.gob.ar\/capacitaciones\/realizacion-de-comerciales-turisticos\/<\/a><\/strong><\/p>\n","protected":false},"excerpt":{"rendered":"<p>Nueva capacitaci\u00f3n gratuita a cargo del reconocido director Claudio Divella. El Instituto de Artes Audiovisuales a trav\u00e9s de la Comisi\u00f3n de Filmaciones y con el apoyo del Ministerio de Turismo y Cultura, invitan a inscribirse al \u201cWorkshop de Realizaci\u00f3n de Comerciales Tur\u00edsticos\u201d, una propuesta formativa que ofrece una experiencia integral de realizaci\u00f3n audiovisual aplicada al [&hellip;]<\/p>\n","protected":false},"author":49,"featured_media":435204,"comment_status":"open","ping_status":"open","sticky":false,"template":"","format":"standard","meta":{"_stopmodifiedupdate":false,"_modified_date":"","inline_featured_image":false,"spay_email":"","jetpack_publicize_message":""},"categories":[2,514],"tags":[],"jetpack_featured_media_url":"https:\/\/notinor.com\/jujuy\/wp-content\/uploads\/2025\/11\/comerciales-turisticos.jpg","jetpack_publicize_connections":[],"_links":{"self":[{"href":"https:\/\/notinor.com\/jujuy\/wp-json\/wp\/v2\/posts\/435203"}],"collection":[{"href":"https:\/\/notinor.com\/jujuy\/wp-json\/wp\/v2\/posts"}],"about":[{"href":"https:\/\/notinor.com\/jujuy\/wp-json\/wp\/v2\/types\/post"}],"author":[{"embeddable":true,"href":"https:\/\/notinor.com\/jujuy\/wp-json\/wp\/v2\/users\/49"}],"replies":[{"embeddable":true,"href":"https:\/\/notinor.com\/jujuy\/wp-json\/wp\/v2\/comments?post=435203"}],"version-history":[{"count":1,"href":"https:\/\/notinor.com\/jujuy\/wp-json\/wp\/v2\/posts\/435203\/revisions"}],"predecessor-version":[{"id":435205,"href":"https:\/\/notinor.com\/jujuy\/wp-json\/wp\/v2\/posts\/435203\/revisions\/435205"}],"wp:featuredmedia":[{"embeddable":true,"href":"https:\/\/notinor.com\/jujuy\/wp-json\/wp\/v2\/media\/435204"}],"wp:attachment":[{"href":"https:\/\/notinor.com\/jujuy\/wp-json\/wp\/v2\/media?parent=435203"}],"wp:term":[{"taxonomy":"category","embeddable":true,"href":"https:\/\/notinor.com\/jujuy\/wp-json\/wp\/v2\/categories?post=435203"},{"taxonomy":"post_tag","embeddable":true,"href":"https:\/\/notinor.com\/jujuy\/wp-json\/wp\/v2\/tags?post=435203"}],"curies":[{"name":"wp","href":"https:\/\/api.w.org\/{rel}","templated":true}]}}