{"id":435196,"date":"2025-11-03T23:10:37","date_gmt":"2025-11-04T02:10:37","guid":{"rendered":"https:\/\/notinor.com\/jujuy\/?p=435196"},"modified":"2025-11-03T23:23:15","modified_gmt":"2025-11-04T02:23:15","slug":"sadir-visito-talleres-de-perico-y-participo-de-la-inauguracion-de-las-nuevas-luminarias-del-estadio","status":"publish","type":"post","link":"https:\/\/notinor.com\/jujuy\/sadir-visito-talleres-de-perico-y-participo-de-la-inauguracion-de-las-nuevas-luminarias-del-estadio\/","title":{"rendered":"Sadir visit\u00f3 Talleres de Perico y particip\u00f3 de la inauguraci\u00f3n de las nuevas luminarias del estadio"},"content":{"rendered":"\n<p class=\"has-medium-font-size\"><strong><em>El gobernador Carlos Sadir visit\u00f3 el Club Atl\u00e9tico Talleres de Perico para participar en un doble evento: la inauguraci\u00f3n de un moderno sistema de luminarias LED en el estadio y un emotivo homenaje a la memoria de los \"\u00c1ngeles de Cami\u00f3n\", los hinchas del club fallecidos en un tr\u00e1gico accidente en 2012.<\/em><\/strong><\/p>\n\n\n\n<p><\/p>\n\n\n<div class=\"wp-block-image\">\n<figure class=\"aligncenter size-full\"><img decoding=\"async\" loading=\"lazy\" width=\"800\" height=\"450\" src=\"https:\/\/notinor.com\/jujuy\/wp-content\/uploads\/2025\/11\/sadir-en-talleres-de-perico.jpg\" alt=\"\" class=\"wp-image-435197\" srcset=\"https:\/\/notinor.com\/jujuy\/wp-content\/uploads\/2025\/11\/sadir-en-talleres-de-perico.jpg 800w, https:\/\/notinor.com\/jujuy\/wp-content\/uploads\/2025\/11\/sadir-en-talleres-de-perico-649x365.jpg 649w, https:\/\/notinor.com\/jujuy\/wp-content\/uploads\/2025\/11\/sadir-en-talleres-de-perico-500x280.jpg 500w, https:\/\/notinor.com\/jujuy\/wp-content\/uploads\/2025\/11\/sadir-en-talleres-de-perico-768x432.jpg 768w, https:\/\/notinor.com\/jujuy\/wp-content\/uploads\/2025\/11\/sadir-en-talleres-de-perico-750x422.jpg 750w\" sizes=\"(max-width: 800px) 100vw, 800px\" \/><\/figure><\/div>\n\n\n<p><\/p>\n\n\n\n<p><strong>El mandatario provincial, acompa\u00f1ado por el ministro de Infraestructura, Carlos Stanic, fue recibido por el presidente del club, Jos\u00e9 Luis Benedetto, y miembros de la comisi\u00f3n directiva. Juntos recorrieron las instalaciones, incluyendo los estadios de b\u00e1squet y f\u00fatbol, donde se est\u00e1n llevando a cabo significativas obras de mejora en la infraestructura deportiva.<\/strong><\/p>\n\n\n\n<p>En un gesto que subraya el compromiso gubernamental con el desarrollo deportivo local, el gobernador Sadir comprometi\u00f3 el apoyo de la provincia para el ambicioso proyecto de expansi\u00f3n del club.<strong> \"Muy contento de recibir la invitaci\u00f3n para acompa\u00f1ar a la gente de Talleres de Perico, a su presidente y a las autoridades del club a inaugurar esta iluminaci\u00f3n que qued\u00f3 fant\u00e1stica, preciosa\",<\/strong> expres\u00f3 Sadir.<\/p>\n\n\n\n<p>El recorrido sirvi\u00f3 como plataforma para que la comisi\u00f3n directiva presentara sus planes de infraestructura a largo plazo. Talleres de Perico proyecta la construcci\u00f3n de nuevas canchas de hockey, tenis, f\u00fatbol y un patinodromo en terrenos linderos al aeropuerto.<\/p>\n\n\n\n<p><strong>\"Reci\u00e9n haciendo una charla con toda la comisi\u00f3n directiva para interiorizar sobre el proyecto que tiene el club, donde el gobierno va a apoyar, va a ayudar, as\u00ed que bueno estamos trabajando para el deporte en toda la provincia\", <\/strong>afirm\u00f3 Sadir. Actualmente, el club est\u00e1 gestionando con Aeropuertos Argentina 2000 la cesi\u00f3n o autorizaci\u00f3n de uso de estos terrenos para concretar la expansi\u00f3n, un proceso en el que la provincia prometi\u00f3 su colaboraci\u00f3n activa.<\/p>\n\n\n\n<p class=\"has-medium-font-size\"><strong>Emotivo homenaje a los \"\u00c1ngeles de Cami\u00f3n\"<\/strong><\/p>\n\n\n\n<p><strong>La jornada alcanz\u00f3 su punto m\u00e1s sensible con el reconocimiento a las viejas glorias deportivas de la instituci\u00f3n y el sentido tributo a los recordados \"\u00c1ngeles de cami\u00f3n\", al cumplirse un nuevo aniversario (el pasado 30 de octubre) del fat\u00eddico siniestro vial.<\/strong> Familiares de los hinchas fallecidos recibieron un homenaje encabezado por el gobernador, en un acto que destac\u00f3 la profunda conexi\u00f3n entre el club y su historia.<\/p>\n\n\n\n<p><strong>La visita se dio en la previa del partido que Talleres disput\u00f3 contra Racing de Ojo de Agua, por una nueva fecha del Torneo Regional Amateur.<\/strong> Un encuentro que \"El Expreso\" sell\u00f3 con una contundente victoria de 3 a 0 sobre los quiaque\u00f1os, d\u00e1ndole un cierre de fiesta a una jornada marcada por la luz, la memoria y el impulso al futuro deportivo.<\/p>\n","protected":false},"excerpt":{"rendered":"<p>El gobernador Carlos Sadir visit\u00f3 el Club Atl\u00e9tico Talleres de Perico para participar en un doble evento: la inauguraci\u00f3n de un moderno sistema de luminarias LED en el estadio y un emotivo homenaje a la memoria de los \"\u00c1ngeles de Cami\u00f3n\", los hinchas del club fallecidos en un tr\u00e1gico accidente en 2012. El mandatario provincial, [&hellip;]<\/p>\n","protected":false},"author":49,"featured_media":435197,"comment_status":"open","ping_status":"open","sticky":false,"template":"","format":"standard","meta":{"_stopmodifiedupdate":false,"_modified_date":"","inline_featured_image":false,"spay_email":"","jetpack_publicize_message":""},"categories":[2,7],"tags":[],"jetpack_featured_media_url":"https:\/\/notinor.com\/jujuy\/wp-content\/uploads\/2025\/11\/sadir-en-talleres-de-perico.jpg","jetpack_publicize_connections":[],"_links":{"self":[{"href":"https:\/\/notinor.com\/jujuy\/wp-json\/wp\/v2\/posts\/435196"}],"collection":[{"href":"https:\/\/notinor.com\/jujuy\/wp-json\/wp\/v2\/posts"}],"about":[{"href":"https:\/\/notinor.com\/jujuy\/wp-json\/wp\/v2\/types\/post"}],"author":[{"embeddable":true,"href":"https:\/\/notinor.com\/jujuy\/wp-json\/wp\/v2\/users\/49"}],"replies":[{"embeddable":true,"href":"https:\/\/notinor.com\/jujuy\/wp-json\/wp\/v2\/comments?post=435196"}],"version-history":[{"count":2,"href":"https:\/\/notinor.com\/jujuy\/wp-json\/wp\/v2\/posts\/435196\/revisions"}],"predecessor-version":[{"id":435199,"href":"https:\/\/notinor.com\/jujuy\/wp-json\/wp\/v2\/posts\/435196\/revisions\/435199"}],"wp:featuredmedia":[{"embeddable":true,"href":"https:\/\/notinor.com\/jujuy\/wp-json\/wp\/v2\/media\/435197"}],"wp:attachment":[{"href":"https:\/\/notinor.com\/jujuy\/wp-json\/wp\/v2\/media?parent=435196"}],"wp:term":[{"taxonomy":"category","embeddable":true,"href":"https:\/\/notinor.com\/jujuy\/wp-json\/wp\/v2\/categories?post=435196"},{"taxonomy":"post_tag","embeddable":true,"href":"https:\/\/notinor.com\/jujuy\/wp-json\/wp\/v2\/tags?post=435196"}],"curies":[{"name":"wp","href":"https:\/\/api.w.org\/{rel}","templated":true}]}}