{"id":435193,"date":"2025-11-03T19:50:36","date_gmt":"2025-11-03T22:50:36","guid":{"rendered":"https:\/\/notinor.com\/jujuy\/?p=435193"},"modified":"2025-11-03T19:50:38","modified_gmt":"2025-11-03T22:50:38","slug":"javier-milei-recibira-manana-en-casa-rosada-a-los-diputados-y-senadores-electos-de-la-libertad-avanza","status":"publish","type":"post","link":"https:\/\/notinor.com\/jujuy\/javier-milei-recibira-manana-en-casa-rosada-a-los-diputados-y-senadores-electos-de-la-libertad-avanza\/","title":{"rendered":"Javier Milei recibir\u00e1 ma\u00f1ana en Casa Rosada a los diputados y senadores electos de La Libertad Avanza"},"content":{"rendered":"\n<p class=\"has-medium-font-size\"><strong><em>El Presidente los convoc\u00f3 a un encuentro para comenzar a trabajar en las reformas que piensa impulsar en el Congreso.<\/em><\/strong><\/p>\n\n\n\n<p><\/p>\n\n\n<div class=\"wp-block-image\">\n<figure class=\"aligncenter size-full\"><img decoding=\"async\" loading=\"lazy\" width=\"800\" height=\"450\" src=\"https:\/\/notinor.com\/jujuy\/wp-content\/uploads\/2025\/11\/javier-milei.jpg\" alt=\"\" class=\"wp-image-435194\" srcset=\"https:\/\/notinor.com\/jujuy\/wp-content\/uploads\/2025\/11\/javier-milei.jpg 800w, https:\/\/notinor.com\/jujuy\/wp-content\/uploads\/2025\/11\/javier-milei-649x365.jpg 649w, https:\/\/notinor.com\/jujuy\/wp-content\/uploads\/2025\/11\/javier-milei-500x280.jpg 500w, https:\/\/notinor.com\/jujuy\/wp-content\/uploads\/2025\/11\/javier-milei-768x432.jpg 768w, https:\/\/notinor.com\/jujuy\/wp-content\/uploads\/2025\/11\/javier-milei-750x422.jpg 750w\" sizes=\"(max-width: 800px) 100vw, 800px\" \/><\/figure><\/div>\n\n\n<p><\/p>\n\n\n\n<p><strong>Una semana despu\u00e9s de las elecciones, el presidente Javier Milei convoc\u00f3 a todos los diputados y senadores que ganaron una banca por La Libertad Avanza a una reuni\u00f3n en la Casa Rosada para comenzar a trabajar junto a ellos las reformas que piensa impulsar en el Congreso el a\u00f1o que viene.<\/strong><\/p>\n\n\n\n<p>De acuerdo con lo que precisaron a Infobae fuentes del Poder Ejecutivo, el encuentro se realizar\u00e1 a partir de las 13:00 en uno de los salones de Balcarce 50.<\/p>\n\n\n\n<p><strong>Se trata de un total de 51 dirigentes que ingresar\u00e1n el 10 de diciembre a la C\u00e1mara baja y algunos de los 12 que har\u00e1n lo propio en la alta, los cuales se sumar\u00e1n a los bloques oficialistas en ambos recintos.<\/strong><\/p>\n\n\n\n<p>Una de las invitadas que ya confirm\u00f3 asistencia, por ejemplo, es la saliente ministra de Seguridad, Patricia Bullrich, que a fin de a\u00f1o quedar\u00e1 como jefa de la bancada libertaria en el Senado.<\/p>\n\n\n\n<p>A pesar de que compartieron la lista en estos comicios y aparecen como aliados parlamentarios, quienes accedieron a una banca por el PRO no van a participar del c\u00f3nclave, ya que no fueron invitados.<\/p>\n\n\n\n<p><strong>Por esta raz\u00f3n, no estar\u00e1n Alejandro Finocchiaro, Florencia De Sensi, ni Javier S\u00e1nchez Wrba, que compitieron en territorio bonaerense, ni Fernando de Andreis y Antonela Giampieri, que integraron la boleta en suelo porte\u00f1o.<\/strong><\/p>\n\n\n\n<p>El \u00fanico que s\u00ed va a estar de ese partido ser\u00e1 Diego Santilli, que aunque gan\u00f3 en la provincia de Buenos Aires y renov\u00f3 su banca, no asumir\u00e1 porque fue designado como ministro del Interior, e ir\u00e1 en ese rol.<\/p>\n\n\n\n<p>Si bien ya tuvo su primera reuni\u00f3n de Gabinete y comenz\u00f3 a ocuparse de algunos de los asuntos que est\u00e1n en carpeta y que le corresponder\u00e1n a su \u00e1rea, el encuentro con los legisladores ya estaba organizado desde antes y \u00e9l no intervino.<\/p>\n\n\n\n<p><strong>Este lunes por la ma\u00f1ana, Milei convers\u00f3 con los principales integrantes de su equipo, con la novedad del \u201cColo\u201d como parte de la mesa y del vocero Manuel Adorni ya confirmado como jefe de Gabinete y Pablo Quirno, como canciller.<\/strong><\/p>\n\n\n\n<p>Tras la charla, Santilli cont\u00f3 que el mandatario brind\u00f3 ante su plantel los lineamientos de la segunda etapa de la gesti\u00f3n. <strong>\u201cLas reformas, las modificaciones, los cambios m\u00e1s urgentes como reforma tributaria, modernizaci\u00f3n laboral, C\u00f3digo Penal, y por supuesto, la Ley de Presupuestos\u201d,<\/strong> detall\u00f3 en declaraciones a Radio Nacional.<\/p>\n","protected":false},"excerpt":{"rendered":"<p>El Presidente los convoc\u00f3 a un encuentro para comenzar a trabajar en las reformas que piensa impulsar en el Congreso. Una semana despu\u00e9s de las elecciones, el presidente Javier Milei convoc\u00f3 a todos los diputados y senadores que ganaron una banca por La Libertad Avanza a una reuni\u00f3n en la Casa Rosada para comenzar a [&hellip;]<\/p>\n","protected":false},"author":49,"featured_media":435194,"comment_status":"open","ping_status":"open","sticky":false,"template":"","format":"standard","meta":{"_stopmodifiedupdate":false,"_modified_date":"","inline_featured_image":false,"spay_email":"","jetpack_publicize_message":""},"categories":[2,501],"tags":[],"jetpack_featured_media_url":"https:\/\/notinor.com\/jujuy\/wp-content\/uploads\/2025\/11\/javier-milei.jpg","jetpack_publicize_connections":[],"_links":{"self":[{"href":"https:\/\/notinor.com\/jujuy\/wp-json\/wp\/v2\/posts\/435193"}],"collection":[{"href":"https:\/\/notinor.com\/jujuy\/wp-json\/wp\/v2\/posts"}],"about":[{"href":"https:\/\/notinor.com\/jujuy\/wp-json\/wp\/v2\/types\/post"}],"author":[{"embeddable":true,"href":"https:\/\/notinor.com\/jujuy\/wp-json\/wp\/v2\/users\/49"}],"replies":[{"embeddable":true,"href":"https:\/\/notinor.com\/jujuy\/wp-json\/wp\/v2\/comments?post=435193"}],"version-history":[{"count":1,"href":"https:\/\/notinor.com\/jujuy\/wp-json\/wp\/v2\/posts\/435193\/revisions"}],"predecessor-version":[{"id":435195,"href":"https:\/\/notinor.com\/jujuy\/wp-json\/wp\/v2\/posts\/435193\/revisions\/435195"}],"wp:featuredmedia":[{"embeddable":true,"href":"https:\/\/notinor.com\/jujuy\/wp-json\/wp\/v2\/media\/435194"}],"wp:attachment":[{"href":"https:\/\/notinor.com\/jujuy\/wp-json\/wp\/v2\/media?parent=435193"}],"wp:term":[{"taxonomy":"category","embeddable":true,"href":"https:\/\/notinor.com\/jujuy\/wp-json\/wp\/v2\/categories?post=435193"},{"taxonomy":"post_tag","embeddable":true,"href":"https:\/\/notinor.com\/jujuy\/wp-json\/wp\/v2\/tags?post=435193"}],"curies":[{"name":"wp","href":"https:\/\/api.w.org\/{rel}","templated":true}]}}