{"id":435184,"date":"2025-11-03T12:38:28","date_gmt":"2025-11-03T15:38:28","guid":{"rendered":"https:\/\/notinor.com\/jujuy\/?p=435184"},"modified":"2025-11-03T12:38:31","modified_gmt":"2025-11-03T15:38:31","slug":"milei-encabezo-en-la-casa-rosada-la-primera-reunion-con-su-nuevo-gabinete-adorni-por-francos-y-santilli-por-catalan","status":"publish","type":"post","link":"https:\/\/notinor.com\/jujuy\/milei-encabezo-en-la-casa-rosada-la-primera-reunion-con-su-nuevo-gabinete-adorni-por-francos-y-santilli-por-catalan\/","title":{"rendered":"Milei encabez\u00f3 en la Casa Rosada la primera reuni\u00f3n con su nuevo gabinete: Adorni por Francos y Santilli por Catal\u00e1n"},"content":{"rendered":"\n<p class=\"has-medium-font-size\"><strong><em>Participaron todos los ministros menos Sturzenegger, de viaje oficial; tambi\u00e9n debut\u00f3 Quirno como canciller; particip\u00f3 Santiago Caputo, que no asume cargo \u201ccon firma\u201d y sigue como aseso<\/em><\/strong>r<\/p>\n\n\n<div class=\"wp-block-image\">\n<figure class=\"aligncenter is-resized\"><img decoding=\"async\" loading=\"lazy\" src=\"https:\/\/www.lanacion.com.ar\/resizer\/v2\/el-nuevo-AIDXVLCBVJENFOS5IOIZASWYDI.jpg?auth=cd9f85d1c1846262fdd96d83e9ed3f61259b25a5bae1cac861bd2544f0e91c53&amp;width=420&amp;height=280&amp;quality=70&amp;smart=true\" alt=\"El nuevo gabinete\" width=\"629\" height=\"418\"\/><figcaption class=\"wp-element-caption\">El nuevo gabinete<\/figcaption><\/figure><\/div>\n\n\n<p>Con un inusual vallado rodeando la Casa Rosada y una veintena de c\u00e1maras de televisi\u00f3n apuntando a la explanada de la calle Rivadavia, el presidente\u00a0<strong>Javier Milei\u00a0<\/strong>lleg\u00f3 a las 9:00 para presidir una reuni\u00f3n de gabinete que dur\u00f3 poco m\u00e1s de una hora, y que tuvo varios <strong>condimentos extra<\/strong>, luego de la renuncia, el viernes, del jefe de gabinete,\u00a0<strong>Guillermo Francos<\/strong>, su reemplazo por Manuel Adorni y el ingreso, como ministro del Interior, de\u00a0<strong>Diego Santilli<\/strong>.<\/p>\n\n\n\n<p>Al \u201c<strong>debut\u201d<\/strong> <strong>de Santilli<\/strong> en el seno del gabinete y el cambio de rol de Adorni, que dejar\u00e1 a partir de hoy de ser portavoz para fungir como ministro coordinador, se sum\u00f3 la primera vez de\u00a0<strong>Pablo Quirno<\/strong>\u00a0como canciller en una reuni\u00f3n de ministros.<\/p>\n\n\n\n<p>\u201cFue una reuni\u00f3n espectacular. El Presidente volvi\u00f3 a plantear los lineamientos de su programa de Gobierno, que son las reforma tributaria, la modernizaci\u00f3n laboral, C\u00f3digo Penal y por supuesto el Presupuesto\u201d, dijo Adorni, en un breve contacto con la prensa, mientras abandonaba la Casa Rosada. El ministro coordinador afirm\u00f3 que \u201cse est\u00e1 definiendo\u201d la fecha de env\u00edo de esos proyectos al Congreso, a tratarse en sesiones extraordinarias, con la nueva composici\u00f3n del Congreso. \u201cEstuvimos ordenando el temario de Extraordinarias\u201d, precis\u00f3 a este diario otro de los participantes de la reuni\u00f3n.<\/p>\n\n\n\n<p>Adorni fue el primero en arribar, minutos antes de las 9:00, al despacho que a\u00fan ocupa en la planta baja de la Casa Rosada.<\/p>\n\n\n\n<p>Otro de los observados en la reuni\u00f3n de hoy fue&nbsp;<strong>Santiago Caputo<\/strong>, a quien insistentes rumores se\u00f1alaban como reemplazo de&nbsp;<strong>Lisandro Catal\u00e1n<\/strong>&nbsp;(que tambi\u00e9n renunci\u00f3 el viernes al igual que su jefe pol\u00edtico, Francos).<\/p>\n\n\n\n<p>Cerca del asesor todoterreno aseguraron ayer que Caputo seguir\u00e1 con \u201cel mismo rol\u201d que viene cumpliendo, como principal consejero presidencial e integrante del Tri\u00e1ngulo de Hierro. \u201cSali\u00f3 ganando\u201d, alegaban cerca suyo, en la agitada noche del domingo, mientras Santilli se reun\u00eda con el Presidente en Casa Rosada.<\/p>\n\n\n\n<p>El propio Santilli lleg\u00f3, quince minutos antes de lo pactado, a su primera cita en el gabinete nacional. La reuni\u00f3n comenz\u00f3 a las 9.30, en el sal\u00f3n Eva Per\u00f3n de la Casa Rosada, con una \u00fanica ausencia, la del ministro de Desregulaci\u00f3n,&nbsp;<strong>Federico Sturzenegger<\/strong>, de viaje oficial por Espa\u00f1a. El nuevo ministro del Interior se qued\u00f3 en la casa, y se dirigi\u00f3 al despacho del subsecretario de gesti\u00f3n institucional&nbsp;<strong>Eduardo \u201cLule\u201d Menem<\/strong>, al igual que el subsecretario de comunicaci\u00f3n,&nbsp;<strong>Javier Lanari<\/strong>.<\/p>\n\n\n\n<p>Uno a uno, los ministros fueron atravesando el sal\u00f3n de los Bustos, donde posaron para una foto, a cargo de los fot\u00f3grafos oficiales. La \u00fanica excepci\u00f3n a esta innovaci\u00f3n fue el propio&nbsp;<strong>Santiago Caputo<\/strong>, quien detr\u00e1s de sus lentes oscuros ingres\u00f3 junto al ministro de Defensa,&nbsp;<strong>Luis Petri<\/strong>, pero esquiv\u00f3 las instant\u00e1neas y enfil\u00f3 directamente hacia las escaleras que llevan al primer piso de la Casa Rosada. S\u00ed particip\u00f3 de la foto grupal.<\/p>\n\n\n\n<p>Adem\u00e1s de los ministros, participaron del encuentro encabezado por el Presidente el titular del Banco Central,&nbsp;<strong>Santiago Bausili<\/strong>; la secretaria de Legal y T\u00e9cnica,&nbsp;<strong>Mar\u00eda Ibarz\u00e1bal<\/strong>, y el presidente de la C\u00e1mara de Diputados,&nbsp;<strong>Mart\u00edn Menem<\/strong>. El \u00faltimo en llegar, dos minutos m\u00e1s tarde de lo pactado y con una sonrisa, fue el ministro de Justicia,&nbsp;<strong>Mariano C\u00faneo Libarona<\/strong>. El ministro ten\u00eda preparada su renuncia, pero el Presidente le pidi\u00f3 d\u00edas atr\u00e1s que se quedara, al menos hasta marzo pr\u00f3ximo. El n\u00famero dos de ese ministerio,&nbsp;<strong>Sebasti\u00e1n Amerio<\/strong>, responde sin medias tintas a Santiago Caputo y podr\u00eda reemplazar a C\u00faneo Libarona en el mediano plazo.<\/p>\n\n\n\n<p>A las 11, el encuentro de Milei con su equipo hab\u00eda terminado.<\/p>\n\n\n\n<p>Horas antes, mientras entraban los ministros a la Casa Rosada, funcionarios del despacho de Francos llegaban a buscar sus pertenencias. Algunos mostraban su incertidumbre porque no saben cu\u00e1l ser\u00e1 su destino laboral, a la espera de las decisiones del pr\u00f3ximo ministro.<\/p>\n\n\n\n<p>Adorni asumir\u00e1 el mi\u00e9rcoles por la ma\u00f1ana como jefe de gabinete. Est\u00e1 previsto que el Presidente le tome juramento antes de emprender su viaje a Miami, para participar de la America Business Forum, en esa ciudad estadounidense, y participar de una nueva reuni\u00f3n de la organizaci\u00f3n conservadora Cpac.<\/p>\n\n\n\n<p>No ser\u00e1n, por cierto, los \u00fanicos cambios. Est\u00e1 pendiente la confirmaci\u00f3n de\u00a0<strong>Alejandra Monteoliva<\/strong>, actual secretaria de Seguridad, como reemplazante de\u00a0<strong>Patricia Bullrich<\/strong>, que dejar\u00e1 su puesto como ministra de Seguridad para asumir como senadora nacional porte\u00f1a, el pr\u00f3ximo 10 de diciembre. Ese mismo d\u00eda asumir\u00e1\u00a0<strong>Luis Petri<\/strong>\u00a0como diputado nacional por Mendoza, y se especula que\u00a0<strong>Luciana Carrasco<\/strong>, jefa de gabinete del Ministerio de Defensa, asumir\u00eda en su lugar.<\/p>\n\n\n\n<p>Fuente diario La Naci\u00f3n<\/p>\n","protected":false},"excerpt":{"rendered":"<p>Participaron todos los ministros menos Sturzenegger, de viaje oficial; tambi\u00e9n debut\u00f3 Quirno como canciller; particip\u00f3 Santiago Caputo, que no asume cargo \u201ccon firma\u201d y sigue como asesor Con un inusual vallado rodeando la Casa Rosada y una veintena de c\u00e1maras de televisi\u00f3n apuntando a la explanada de la calle Rivadavia, el presidente\u00a0Javier Milei\u00a0lleg\u00f3 a las [&hellip;]<\/p>\n","protected":false},"author":5,"featured_media":435185,"comment_status":"open","ping_status":"open","sticky":false,"template":"","format":"standard","meta":{"_stopmodifiedupdate":false,"_modified_date":"","inline_featured_image":false,"spay_email":"","jetpack_publicize_message":""},"categories":[501],"tags":[],"jetpack_featured_media_url":"https:\/\/notinor.com\/jujuy\/wp-content\/uploads\/2025\/11\/EQUIPO.jpg","jetpack_publicize_connections":[],"_links":{"self":[{"href":"https:\/\/notinor.com\/jujuy\/wp-json\/wp\/v2\/posts\/435184"}],"collection":[{"href":"https:\/\/notinor.com\/jujuy\/wp-json\/wp\/v2\/posts"}],"about":[{"href":"https:\/\/notinor.com\/jujuy\/wp-json\/wp\/v2\/types\/post"}],"author":[{"embeddable":true,"href":"https:\/\/notinor.com\/jujuy\/wp-json\/wp\/v2\/users\/5"}],"replies":[{"embeddable":true,"href":"https:\/\/notinor.com\/jujuy\/wp-json\/wp\/v2\/comments?post=435184"}],"version-history":[{"count":1,"href":"https:\/\/notinor.com\/jujuy\/wp-json\/wp\/v2\/posts\/435184\/revisions"}],"predecessor-version":[{"id":435186,"href":"https:\/\/notinor.com\/jujuy\/wp-json\/wp\/v2\/posts\/435184\/revisions\/435186"}],"wp:featuredmedia":[{"embeddable":true,"href":"https:\/\/notinor.com\/jujuy\/wp-json\/wp\/v2\/media\/435185"}],"wp:attachment":[{"href":"https:\/\/notinor.com\/jujuy\/wp-json\/wp\/v2\/media?parent=435184"}],"wp:term":[{"taxonomy":"category","embeddable":true,"href":"https:\/\/notinor.com\/jujuy\/wp-json\/wp\/v2\/categories?post=435184"},{"taxonomy":"post_tag","embeddable":true,"href":"https:\/\/notinor.com\/jujuy\/wp-json\/wp\/v2\/tags?post=435184"}],"curies":[{"name":"wp","href":"https:\/\/api.w.org\/{rel}","templated":true}]}}