{"id":435181,"date":"2025-11-03T12:08:08","date_gmt":"2025-11-03T15:08:08","guid":{"rendered":"https:\/\/notinor.com\/jujuy\/?p=435181"},"modified":"2025-11-03T12:08:10","modified_gmt":"2025-11-03T15:08:10","slug":"el-5-de-noviembre-se-realizara-la-tercera-jornada-institucional","status":"publish","type":"post","link":"https:\/\/notinor.com\/jujuy\/el-5-de-noviembre-se-realizara-la-tercera-jornada-institucional\/","title":{"rendered":"El 5 de noviembre se realizar\u00e1 la tercera Jornada Institucional"},"content":{"rendered":"\n<p class=\"has-medium-font-size\"><strong><em>El eje de trabajo estar\u00e1 centrado en el an\u00e1lisis de los datos e informaci\u00f3n sobre la situaci\u00f3n acad\u00e9mica de los estudiantes.<\/em><\/strong><\/p>\n\n\n\n<figure class=\"wp-block-image\"><img decoding=\"async\" src=\"https:\/\/media.prensa.jujuy.gob.ar\/p\/750621b0de5f6262f21eaf7f837d9b87\/adjuntos\/301\/imagenes\/000\/419\/0000419386\/1200x0\/smart\/whatsapp-image-2025-11-02-at-30525-pm.jpeg\" alt=\"El 5 de noviembre se realizar\u00e1 la tercera Jornada Institucional\" title=\"El 5 de noviembre se realizar\u00e1 la tercera Jornada Institucional\"\/><\/figure>\n\n\n\n<p>El pr\u00f3ximo 5 de noviembre, el Ministerio de Educaci\u00f3n de Jujuy llevar\u00e1 adelante la tercera y \u00faltima Jornada Institucional del a\u00f1o, destinada a supervisores, directivos y personal docente y no docente de los niveles Inicial, Primario y Secundario, y de las distintas modalidades educativas, pertenecientes al per\u00edodo com\u00fan, de toda la provincia.<\/p>\n\n\n\n<p>En esta oportunidad, el eje de trabajo estar\u00e1 centrado en el an\u00e1lisis de los datos e informaci\u00f3n sobre la situaci\u00f3n acad\u00e9mica de los estudiantes, con el prop\u00f3sito de dise\u00f1ar estrategias y dispositivos de acompa\u00f1amiento que fortalezcan las trayectorias educativas en el cierre del ciclo lectivo y con proyecci\u00f3n al pr\u00f3ximo a\u00f1o.<\/p>\n\n\n\n<p>La propuesta invita a realizar una pausa institucional para reflexionar sobre los avances, desaf\u00edos y aprendizajes alcanzados en cada escuela, valorando el compromiso de los equipos docentes y directivos en su labor cotidiana.<\/p>\n\n\n\n<p>Durante la primera Jornada Institucional, se presentaron las pol\u00edticas prioritarias 2025, centradas en Alfabetizaci\u00f3n, Protecci\u00f3n y Cuidado de las Infancias y Adolescencias, Fortalecimiento y Sostenimiento de las Trayectorias Educativas (con foco en Secundaria), Educaci\u00f3n y Trabajo, y la pol\u00edtica transversal de Evaluaci\u00f3n y Calidad Educativa.&nbsp;<\/p>\n\n\n\n<p>En la segunda Jornada, el trabajo se orient\u00f3 al abordaje del Protocolo de Actuaci\u00f3n ante Situaciones Complejas en las Instituciones Educativas, para responder a las demandas de la comunidad educativa y de la sociedad en general.&nbsp;<\/p>\n\n\n\n<p>Con esta tercera instancia, el Ministerio reafirma su compromiso con el trabajo colaborativo, la planificaci\u00f3n pedag\u00f3gica sostenida y el acompa\u00f1amiento integral de las trayectorias escolares en todos los niveles del sistema educativo provincial.<\/p>\n","protected":false},"excerpt":{"rendered":"<p>El eje de trabajo estar\u00e1 centrado en el an\u00e1lisis de los datos e informaci\u00f3n sobre la situaci\u00f3n acad\u00e9mica de los estudiantes. El pr\u00f3ximo 5 de noviembre, el Ministerio de Educaci\u00f3n de Jujuy llevar\u00e1 adelante la tercera y \u00faltima Jornada Institucional del a\u00f1o, destinada a supervisores, directivos y personal docente y no docente de los niveles [&hellip;]<\/p>\n","protected":false},"author":5,"featured_media":435182,"comment_status":"open","ping_status":"open","sticky":false,"template":"","format":"standard","meta":{"_stopmodifiedupdate":false,"_modified_date":"","inline_featured_image":false,"spay_email":"","jetpack_publicize_message":""},"categories":[2],"tags":[],"jetpack_featured_media_url":"https:\/\/notinor.com\/jujuy\/wp-content\/uploads\/2025\/11\/JORNADA-INSTITUCIONAL.jpg","jetpack_publicize_connections":[],"_links":{"self":[{"href":"https:\/\/notinor.com\/jujuy\/wp-json\/wp\/v2\/posts\/435181"}],"collection":[{"href":"https:\/\/notinor.com\/jujuy\/wp-json\/wp\/v2\/posts"}],"about":[{"href":"https:\/\/notinor.com\/jujuy\/wp-json\/wp\/v2\/types\/post"}],"author":[{"embeddable":true,"href":"https:\/\/notinor.com\/jujuy\/wp-json\/wp\/v2\/users\/5"}],"replies":[{"embeddable":true,"href":"https:\/\/notinor.com\/jujuy\/wp-json\/wp\/v2\/comments?post=435181"}],"version-history":[{"count":1,"href":"https:\/\/notinor.com\/jujuy\/wp-json\/wp\/v2\/posts\/435181\/revisions"}],"predecessor-version":[{"id":435183,"href":"https:\/\/notinor.com\/jujuy\/wp-json\/wp\/v2\/posts\/435181\/revisions\/435183"}],"wp:featuredmedia":[{"embeddable":true,"href":"https:\/\/notinor.com\/jujuy\/wp-json\/wp\/v2\/media\/435182"}],"wp:attachment":[{"href":"https:\/\/notinor.com\/jujuy\/wp-json\/wp\/v2\/media?parent=435181"}],"wp:term":[{"taxonomy":"category","embeddable":true,"href":"https:\/\/notinor.com\/jujuy\/wp-json\/wp\/v2\/categories?post=435181"},{"taxonomy":"post_tag","embeddable":true,"href":"https:\/\/notinor.com\/jujuy\/wp-json\/wp\/v2\/tags?post=435181"}],"curies":[{"name":"wp","href":"https:\/\/api.w.org\/{rel}","templated":true}]}}