{"id":435055,"date":"2025-10-29T20:25:00","date_gmt":"2025-10-29T23:25:00","guid":{"rendered":"https:\/\/notinor.com\/jujuy\/?p=435055"},"modified":"2025-10-29T20:25:00","modified_gmt":"2025-10-29T20:25:00","slug":"el-sabado-1-de-noviembre-inicia-el-cronograma-de-pagos-a-agentes-estatales","status":"publish","type":"post","link":"https:\/\/notinor.com\/jujuy\/el-sabado-1-de-noviembre-inicia-el-cronograma-de-pagos-a-agentes-estatales\/","title":{"rendered":"El s\u00e1bado 1\u00b0 de noviembre inicia el cronograma de pagos a agentes estatales"},"content":{"rendered":"\n<p class=\"has-medium-font-size\"><strong><em>El Gobierno de Jujuy confirm\u00f3 el calendario de pago de los haberes correspondientes al mes de octubre de 2025 para todo el personal de la Administraci\u00f3n P\u00fablica Provincial. El cronograma, que inicia este s\u00e1bado 1 de noviembre, se extender\u00e1 hasta el mi\u00e9rcoles 5.<\/em><\/strong><\/p>\n\n\n\n<p><\/p>\n\n\n<div class=\"wp-block-image\">\n<figure class=\"aligncenter size-full\"><img decoding=\"async\" loading=\"lazy\" width=\"800\" height=\"450\" src=\"https:\/\/notinor.com\/jujuy\/wp-content\/uploads\/2025\/08\/cajero-automatico.jpg\" alt=\"\" class=\"wp-image-432091\" srcset=\"https:\/\/notinor.com\/jujuy\/wp-content\/uploads\/2025\/08\/cajero-automatico.jpg 800w, https:\/\/notinor.com\/jujuy\/wp-content\/uploads\/2025\/08\/cajero-automatico-649x365.jpg 649w, https:\/\/notinor.com\/jujuy\/wp-content\/uploads\/2025\/08\/cajero-automatico-500x280.jpg 500w, https:\/\/notinor.com\/jujuy\/wp-content\/uploads\/2025\/08\/cajero-automatico-768x432.jpg 768w, https:\/\/notinor.com\/jujuy\/wp-content\/uploads\/2025\/08\/cajero-automatico-750x422.jpg 750w\" sizes=\"(max-width: 800px) 100vw, 800px\" \/><\/figure><\/div>\n\n\n<p><\/p>\n\n\n\n<p class=\"has-medium-font-size\"><strong>S\u00e1bado 1 de noviembre de 2025<\/strong><\/p>\n\n\n\n<ul>\n<li>Veteranos de Guerra de Malvinas<\/li>\n\n\n\n<li>Polic\u00eda de la Provincia<\/li>\n\n\n\n<li>Servicio Penitenciario<\/li>\n\n\n\n<li>Organismos Aut\u00e1rquicos<\/li>\n<\/ul>\n\n\n\n<p class=\"has-medium-font-size\"><strong>Lunes 3 de noviembre de 2025<\/strong><\/p>\n\n\n\n<ul>\n<li>Administraci\u00f3n Central<\/li>\n\n\n\n<li>Ministerio de Salud<\/li>\n\n\n\n<li>Ministerio de Desarrollo Humano<\/li>\n<\/ul>\n\n\n\n<p class=\"has-medium-font-size\"><strong>Martes 4 de noviembre de 2025<\/strong><\/p>\n\n\n\n<ul>\n<li>Educaci\u00f3n Nivel Inicial y Primario<\/li>\n\n\n\n<li>Educaci\u00f3n Nivel Secundario y Superior<\/li>\n\n\n\n<li>Municipios<\/li>\n<\/ul>\n\n\n\n<p class=\"has-medium-font-size\"><strong>Mi\u00e9rcoles 5 de noviembre de 2025<\/strong><\/p>\n\n\n\n<ul>\n<li>Organismos Descentralizados<\/li>\n\n\n\n<li>Poder Judicial<\/li>\n\n\n\n<li>Poder Legislativo<\/li>\n\n\n\n<li>Auditor\u00eda General<\/li>\n\n\n\n<li>Funcionarios<\/li>\n<\/ul>\n\n\n\n<p><\/p>\n\n\n<div class=\"wp-block-image\">\n<figure class=\"aligncenter size-large\"><img decoding=\"async\" loading=\"lazy\" width=\"384\" height=\"480\" src=\"https:\/\/notinor.com\/jujuy\/wp-content\/uploads\/2025\/10\/cronograma-de-pagos-octubre-2025-384x480.webp\" alt=\"\" class=\"wp-image-435056\" srcset=\"https:\/\/notinor.com\/jujuy\/wp-content\/uploads\/2025\/10\/cronograma-de-pagos-octubre-2025-384x480.webp 384w, https:\/\/notinor.com\/jujuy\/wp-content\/uploads\/2025\/10\/cronograma-de-pagos-octubre-2025-292x365.webp 292w, https:\/\/notinor.com\/jujuy\/wp-content\/uploads\/2025\/10\/cronograma-de-pagos-octubre-2025-768x960.webp 768w, https:\/\/notinor.com\/jujuy\/wp-content\/uploads\/2025\/10\/cronograma-de-pagos-octubre-2025-750x938.webp 750w, https:\/\/notinor.com\/jujuy\/wp-content\/uploads\/2025\/10\/cronograma-de-pagos-octubre-2025-1140x1425.webp 1140w, https:\/\/notinor.com\/jujuy\/wp-content\/uploads\/2025\/10\/cronograma-de-pagos-octubre-2025.webp 1200w\" sizes=\"(max-width: 384px) 100vw, 384px\" \/><\/figure><\/div>","protected":false},"excerpt":{"rendered":"<p>El Gobierno de Jujuy confirm\u00f3 el calendario de pago de los haberes correspondientes al mes de octubre de 2025 para todo el personal de la Administraci\u00f3n P\u00fablica Provincial. El cronograma, que inicia este s\u00e1bado 1 de noviembre, se extender\u00e1 hasta el mi\u00e9rcoles 5. S\u00e1bado 1 de noviembre de 2025 Lunes 3 de noviembre de 2025 [&hellip;]<\/p>\n","protected":false},"author":49,"featured_media":432091,"comment_status":"open","ping_status":"open","sticky":false,"template":"","format":"standard","meta":{"_stopmodifiedupdate":false,"_modified_date":"","inline_featured_image":false,"spay_email":"","jetpack_publicize_message":""},"categories":[2,514],"tags":[],"jetpack_featured_media_url":"https:\/\/notinor.com\/jujuy\/wp-content\/uploads\/2025\/08\/cajero-automatico.jpg","jetpack_publicize_connections":[],"_links":{"self":[{"href":"https:\/\/notinor.com\/jujuy\/wp-json\/wp\/v2\/posts\/435055"}],"collection":[{"href":"https:\/\/notinor.com\/jujuy\/wp-json\/wp\/v2\/posts"}],"about":[{"href":"https:\/\/notinor.com\/jujuy\/wp-json\/wp\/v2\/types\/post"}],"author":[{"embeddable":true,"href":"https:\/\/notinor.com\/jujuy\/wp-json\/wp\/v2\/users\/49"}],"replies":[{"embeddable":true,"href":"https:\/\/notinor.com\/jujuy\/wp-json\/wp\/v2\/comments?post=435055"}],"version-history":[{"count":1,"href":"https:\/\/notinor.com\/jujuy\/wp-json\/wp\/v2\/posts\/435055\/revisions"}],"predecessor-version":[{"id":435057,"href":"https:\/\/notinor.com\/jujuy\/wp-json\/wp\/v2\/posts\/435055\/revisions\/435057"}],"wp:featuredmedia":[{"embeddable":true,"href":"https:\/\/notinor.com\/jujuy\/wp-json\/wp\/v2\/media\/432091"}],"wp:attachment":[{"href":"https:\/\/notinor.com\/jujuy\/wp-json\/wp\/v2\/media?parent=435055"}],"wp:term":[{"taxonomy":"category","embeddable":true,"href":"https:\/\/notinor.com\/jujuy\/wp-json\/wp\/v2\/categories?post=435055"},{"taxonomy":"post_tag","embeddable":true,"href":"https:\/\/notinor.com\/jujuy\/wp-json\/wp\/v2\/tags?post=435055"}],"curies":[{"name":"wp","href":"https:\/\/api.w.org\/{rel}","templated":true}]}}