{"id":435049,"date":"2025-10-29T19:40:09","date_gmt":"2025-10-29T22:40:09","guid":{"rendered":"https:\/\/notinor.com\/jujuy\/?p=435049"},"modified":"2025-10-29T19:40:11","modified_gmt":"2025-10-29T22:40:11","slug":"los-otros-cambios-del-gabinete-de-milei-cuales-son-las-salidas-confirmadas-y-quienes-los-reemplazarian","status":"publish","type":"post","link":"https:\/\/notinor.com\/jujuy\/los-otros-cambios-del-gabinete-de-milei-cuales-son-las-salidas-confirmadas-y-quienes-los-reemplazarian\/","title":{"rendered":"Los otros cambios del Gabinete de Milei: cu\u00e1les son las salidas confirmadas y qui\u00e9nes los reemplazar\u00edan"},"content":{"rendered":"\n<p class=\"has-medium-font-size\"><strong><em>La salida de los ministros Patricia Bullrich y Luis Petri son inminentes. La reuni\u00f3n en el ala de Santiago Caputo y los gestos sugerentes. Un periodista de Casa Rosada reemplazar\u00eda al dos de Manuel Adorni.<\/em><\/strong><\/p>\n\n\n\n<p><\/p>\n\n\n<div class=\"wp-block-image\">\n<figure class=\"aligncenter size-full\"><img decoding=\"async\" loading=\"lazy\" width=\"800\" height=\"450\" src=\"https:\/\/notinor.com\/jujuy\/wp-content\/uploads\/2025\/10\/gabinete-milei.jpg\" alt=\"\" class=\"wp-image-435050\" srcset=\"https:\/\/notinor.com\/jujuy\/wp-content\/uploads\/2025\/10\/gabinete-milei.jpg 800w, https:\/\/notinor.com\/jujuy\/wp-content\/uploads\/2025\/10\/gabinete-milei-649x365.jpg 649w, https:\/\/notinor.com\/jujuy\/wp-content\/uploads\/2025\/10\/gabinete-milei-500x280.jpg 500w, https:\/\/notinor.com\/jujuy\/wp-content\/uploads\/2025\/10\/gabinete-milei-768x432.jpg 768w, https:\/\/notinor.com\/jujuy\/wp-content\/uploads\/2025\/10\/gabinete-milei-750x422.jpg 750w\" sizes=\"(max-width: 800px) 100vw, 800px\" \/><\/figure><\/div>\n\n\n<p><\/p>\n\n\n\n<p><strong>El presidente Javier Milei prepara para los pr\u00f3ximos d\u00edas nombramientos en diferentes \u00f3rdenes. Todav\u00eda est\u00e1 por definirse si har\u00e1 modificaciones en su c\u00fapula de Gobierno, pero hay otros funcionarios que tienen una salida cantada.<\/strong><\/p>\n\n\n\n<p><strong>Los ministros Patricia Bullrich (Seguridad Nacional) y Luis Petri (Defensa) pasaron esta ma\u00f1ana por la Casa Rosada y estuvieron reunidos con el asesor presidencial Santiago Caputo. La reuni\u00f3n tuvo como excusa principal la coordinaci\u00f3n para anunciar el alerta en las fronteras con Brasil por la compleja situaci\u00f3n que se vive por estas horas en R\u00edo de Janeiro.<\/strong> Aun as\u00ed, el trasfondo es mayor cuando se vislumbra que ambos funcionarios deber\u00e1n dejar sus cargos en las pr\u00f3ximas semanas y que el Presidente autoriz\u00f3 que ambos sugieran a sus reemplazantes.<\/p>\n\n\n\n<p>Ambos nombres ya est\u00e1n definidos y se comunicar\u00edan en cuanto lo decida el propio Milei. Es pr\u00e1cticamente una certeza de que la actual secretaria de Seguridad Nacional, Alejandra Monteoliva, desembarcar\u00e1 como reemplazante de Bullrich, quien asumir\u00e1 su banca por la Ciudad en el Senado de la Naci\u00f3n.<strong> \u201cA ella se le pidi\u00f3 que fuera como candidata a senadora y ten\u00eda todo el derecho de elegir a su sucesora\u201d,<\/strong> explic\u00f3 una alta fuente libertaria.<\/p>\n\n\n\n<p>En el entorno de la dirigente libertaria confirmaron que \u201cel equipo del Ministerio se va a mantener\u201d. En rigor, el Presidente concibe que la pol\u00edtica contra la inseguridad y los piquetes han sido uno de los principales sellos de su gesti\u00f3n junto a la econ\u00f3mica. <strong>Es por eso que acept\u00f3 que la actual ministra fuera quien designara a su reemplazante, conocedora del sello bullrichista en la pol\u00edtica de seguridad.<\/strong><\/p>\n\n\n\n<p><strong>Aunque se especul\u00f3 como opci\u00f3n, el Ministerio de Seguridad no se anexar\u00e1 con el de Justicia, que hoy en d\u00eda es \u00e1rea en el que hay una influencia absoluta de Santiago Caputo a trav\u00e9s de su mano derecha, el secretario de Justicia, Sebasti\u00e1n Amerio.<\/strong> El ministro Mariano C\u00faneo Libarona aplazar\u00e1 por un tiempo su salida, aunque no planea quedarse por mucho tiempo m\u00e1s.<\/p>\n\n\n\n<p><strong>Manuel Adorni no ser\u00e1 m\u00e1s el Secretario de Comunicaci\u00f3n y Medios. En un principio, esto se produjo porque el vocero presidencial hab\u00eda sido electo como legislador porte\u00f1o en las elecciones porte\u00f1as de mayo. <\/strong>Con el paso del tiempo, esto adquiri\u00f3 otro matiz. Los rumores de que podr\u00eda no ingresar a la Legislatura y asumir un cargo mayor son cada vez m\u00e1s resonantes. Karina Milei lo quiere como garante de su c\u00edrculo en la estructura ministerial. Los cargos que se rumorean son de los m\u00e1s altos en la estructura administrativa, como jefe de Gabinete de Ministros.<\/p>\n\n\n\n<p><strong>Su reemplazante ser\u00e1 el subsecretario de Prensa, Javier Lanari, que deber\u00e1 ascender en su cargo y dejar a un sucesor. El nombre ya est\u00e1 definido y tiene un giro cuanto menos curioso: es un integrante de la Sala de Periodistas de la Casa Rosada. El nombre contin\u00faa bajo reserva.<\/strong><\/p>\n\n\n\n<p>La inc\u00f3gnita mayor es qu\u00e9 suceder\u00e1 con el Ministerio de Defensa. Milei dijo en una entrevista televisiva reciente que el nombre del nuevo ministro lo conversar\u00eda con el actual titular de esa cartera, Luis Petri. Fuentes del Edificio Libertador marcan que el secretario de Estrategia y Asuntos Militares, Marcelo Rozas Garay, ya no forma parte de los considerados. <strong>En los pasillos se sigue escuchando al jefe del Estado Mayor Conjunto, Xavier Isaac, y la jefa de Gabinete de Petri, Luciana Carrasco. Casualmente, esta \u00faltima estuvo este mediod\u00eda en la Comisi\u00f3n de Presupuesto de Diputados para informar sobre la planificaci\u00f3n del Ministerio para el pr\u00f3ximo a\u00f1o.<\/strong><\/p>\n\n\n\n<p><strong>Casualmente, Milei y Petri fueron divisados y\u00e9ndose de la jura de Pablo Quirno para reunirse. No se conoce si fue para terminar de dilucidar el nuevo cambio. Pero se sabe que el nombramiento del nuevo responsable estar\u00eda al caer.<\/strong> No se descarta tampoco que pueda ser pensado como una suerte de canje pol\u00edtico con alg\u00fan espacio aliado, pero no deber\u00eda ser la opci\u00f3n predominante por dos cuestiones: por la rotunda victoria conseguida por La Libertad Avanza el \u00faltimo domingo y por la importancia vital que adquiri\u00f3 esta cartera a partir del alineamiento geopol\u00edtico con Estados Unidos.<\/p>\n\n\n\n<p>En el Gabinete consideran que el anuncio con la renovaci\u00f3n de autoridades no puede dilatarse mucho m\u00e1s. <strong>\u201cLa incertidumbre y la expectativa tampoco lo vale. Deber\u00eda producirse m\u00e1s temprano que tarde\u201d, marc\u00f3 una fuente inobjetable. Lo que lo demora es puja que existe en la c\u00fapula del Ejecutivo por la rosca de los cargos m\u00e1s importantes de cara a la negociaci\u00f3n con los gobernadores por las reformas estructurales.<\/strong><\/p>\n\n\n\n<p>El pedido para que se resuelva la interna de una vez por todas ya abarca a los mismos ministros. <strong>\u201cEs necesario ordenar la negociaci\u00f3n pol\u00edtica y trabajar para que la gesti\u00f3n tenga una coordinaci\u00f3n. Ac\u00e1 Jefatura termin\u00f3 haciendo la pol\u00edtica y no hubo Gabinete. Ordenando lo que cada uno tiene que hacer\u201d, <\/strong>indic\u00f3 una importante voz entre sus pares.<\/p>\n","protected":false},"excerpt":{"rendered":"<p>La salida de los ministros Patricia Bullrich y Luis Petri son inminentes. La reuni\u00f3n en el ala de Santiago Caputo y los gestos sugerentes. Un periodista de Casa Rosada reemplazar\u00eda al dos de Manuel Adorni. El presidente Javier Milei prepara para los pr\u00f3ximos d\u00edas nombramientos en diferentes \u00f3rdenes. Todav\u00eda est\u00e1 por definirse si har\u00e1 modificaciones [&hellip;]<\/p>\n","protected":false},"author":49,"featured_media":435050,"comment_status":"open","ping_status":"open","sticky":false,"template":"","format":"standard","meta":{"_stopmodifiedupdate":false,"_modified_date":"","inline_featured_image":false,"spay_email":"","jetpack_publicize_message":""},"categories":[2,501],"tags":[],"jetpack_featured_media_url":"https:\/\/notinor.com\/jujuy\/wp-content\/uploads\/2025\/10\/gabinete-milei.jpg","jetpack_publicize_connections":[],"_links":{"self":[{"href":"https:\/\/notinor.com\/jujuy\/wp-json\/wp\/v2\/posts\/435049"}],"collection":[{"href":"https:\/\/notinor.com\/jujuy\/wp-json\/wp\/v2\/posts"}],"about":[{"href":"https:\/\/notinor.com\/jujuy\/wp-json\/wp\/v2\/types\/post"}],"author":[{"embeddable":true,"href":"https:\/\/notinor.com\/jujuy\/wp-json\/wp\/v2\/users\/49"}],"replies":[{"embeddable":true,"href":"https:\/\/notinor.com\/jujuy\/wp-json\/wp\/v2\/comments?post=435049"}],"version-history":[{"count":1,"href":"https:\/\/notinor.com\/jujuy\/wp-json\/wp\/v2\/posts\/435049\/revisions"}],"predecessor-version":[{"id":435051,"href":"https:\/\/notinor.com\/jujuy\/wp-json\/wp\/v2\/posts\/435049\/revisions\/435051"}],"wp:featuredmedia":[{"embeddable":true,"href":"https:\/\/notinor.com\/jujuy\/wp-json\/wp\/v2\/media\/435050"}],"wp:attachment":[{"href":"https:\/\/notinor.com\/jujuy\/wp-json\/wp\/v2\/media?parent=435049"}],"wp:term":[{"taxonomy":"category","embeddable":true,"href":"https:\/\/notinor.com\/jujuy\/wp-json\/wp\/v2\/categories?post=435049"},{"taxonomy":"post_tag","embeddable":true,"href":"https:\/\/notinor.com\/jujuy\/wp-json\/wp\/v2\/tags?post=435049"}],"curies":[{"name":"wp","href":"https:\/\/api.w.org\/{rel}","templated":true}]}}