{"id":435045,"date":"2025-10-29T15:01:24","date_gmt":"2025-10-29T18:01:24","guid":{"rendered":"https:\/\/notinor.com\/jujuy\/?p=435045"},"modified":"2025-10-29T15:01:27","modified_gmt":"2025-10-29T18:01:27","slug":"la-impactante-produccion-de-fotos-de-maria-becerra-antes-de-su-desembarco-en-la-television-espanola","status":"publish","type":"post","link":"https:\/\/notinor.com\/jujuy\/la-impactante-produccion-de-fotos-de-maria-becerra-antes-de-su-desembarco-en-la-television-espanola\/","title":{"rendered":"La impactante producci\u00f3n de fotos de Mar\u00eda Becerra antes de su desembarco en la televisi\u00f3n espa\u00f1ola"},"content":{"rendered":"\n<p class=\"has-medium-font-size\"><strong><em>La cantante argentina acompa\u00f1ar\u00e1 a Sebasti\u00e1n Yatra en el reality La Voz, mientras palpita su regreso a River a fin de a\u00f1o<\/em><\/strong><\/p>\n\n\n\n<p class=\"has-text-align-center\"><img decoding=\"async\" loading=\"lazy\" height=\"1440\" width=\"1080\" src=\"https:\/\/www.infobae.com\/resizer\/v2\/PUAKRUSOTFHUZMGWRPALTMMO5M.jpg?auth=2a089fde5bd825c3ac64252f8351176c267d34f94ce731066646d18896197d2d&amp;smart=true&amp;width=350&amp;height=467&amp;quality=85\" alt=\"Mar\u00eda Becerra deslumbr\u00f3 en una\">Mar\u00eda Becerra deslumbr\u00f3 en una sesi\u00f3n de fotos compartida en su cuenta de Instagram<\/p>\n\n\n\n<p>Mientras se prepara<strong>\u00a0para hacer historia<\/strong> con dos conciertos en River,<strong> Mar\u00eda Becerra\u00a0no descuida su agenda de actividades<\/strong>\u00a0y realiz\u00f3 una producci\u00f3n de fotos antes de otro paso importante en el \u00e1mbito profesional. La frase que acompa\u00f1\u00f3 la serie de im\u00e1genes fue tan directa como intrigante:\u00a0<strong>\u201cCon muchas ganas de armar una linda fiestita<\/strong>\u201d. Esa combinaci\u00f3n de provocaci\u00f3n y frescura se convirti\u00f3 r\u00e1pidamente en tendencia, multiplicando la atenci\u00f3n sobre la artista argentina justo cuando emprende una nueva etapa decisiva en su carrera.<\/p>\n\n\n\n<p>Basta revisar los n\u00fameros para constatar el alcance del fen\u00f3meno:\u00a0<strong>casi 700.000 me gusta<\/strong>\u00a0en apenas unas horas, cerca de\u00a0<strong>5.000 comentarios<\/strong>, y una comunidad de\u00a0<strong>casi 15 millones de seguidores<\/strong>\u00a0pendiente de cada movimiento de la cantante. Los comentarios no tardaron en poblar la publicaci\u00f3n con frases como\u00a0<strong>\u201cqu\u00e9 mujer\u201d<\/strong>\u00a0y\u00a0<strong>\u201csos una reina\u201d<\/strong>, lo que demuestra la admiraci\u00f3n y el fervor que despierta entre sus admiradores. Pero, \u00bfqu\u00e9 se esconde detr\u00e1s de estas im\u00e1genes y por qu\u00e9 surgen precisamente ahora?<\/p>\n\n\n\n<p class=\"has-text-align-center\"><img decoding=\"async\" loading=\"lazy\" height=\"1440\" width=\"1080\" src=\"https:\/\/www.infobae.com\/resizer\/v2\/TAXUJ624OBBGTKO2RVMEFMZNH4.jpg?auth=b02da226c01878c7ff4c9432bae22c18fa8d88fb53e6169c232a5100252b3086&amp;smart=true&amp;width=350&amp;height=467&amp;quality=85\" alt=\"La cantante sum\u00f3 m\u00e1s de\">La cantante sum\u00f3 m\u00e1s de 5000 comentarios a pocas horas de haberse publicado las im\u00e1genes<\/p>\n\n\n\n<p>Las fotograf\u00edas conmueven por su sinceridad y por la carga de autenticidad de Becerra. En la primera, un espejo refleja su silueta junto a los tatuajes que surcan su piel, vestida apenas con ropa interior de estampado salvaje. Los cristales repiten la escena y suman capas a la intimidad expuesta. En otra instant\u00e1nea, la artista desaf\u00eda la lente con un primer plano de su rostro, el cabello oscuro y suelto, los ojos delineados y una u\u00f1a roja levantada en se\u00f1al de desafiante libertad.<\/p>\n\n\n\n<p>Pero las im\u00e1genes no aparecen como un hecho aislado.\u00a0<strong>La pol\u00e9mica y el revuelo coinciden con el desembarco de la cantante en Espa\u00f1a<\/strong>, donde suma una credencial m\u00e1s: desde este viernes asumir\u00e1 como asesora del equipo del colombiano\u00a0<strong>Sebasti\u00e1n Yatra<\/strong>\u00a0en el exitoso reality musical\u00a0<strong>La Voz<\/strong>. Es, acaso, uno de los escenarios m\u00e1s desafiantes de su trayectoria, con la audiencia pendiente no solo de las voces en competencia, sino de la energ\u00eda y carisma que imprime la artista en cada gesto.<\/p>\n\n\n\n<p class=\"has-text-align-center\"><img decoding=\"async\" loading=\"lazy\" height=\"1440\" width=\"1080\" src=\"https:\/\/www.infobae.com\/resizer\/v2\/WUSMSRTTEFB6XNB4Q6QMFAVIFU.jpg?auth=3a8e8b5bb974d0d938ecf0b08432842b81eb4d2413ab92e225fa832233a4f50b&amp;smart=true&amp;width=350&amp;height=467&amp;quality=85\" alt=\"Los elogios a su figura\">Los elogios a su figura y a lo jugado de la producci\u00f3n no se hicieron esperar<\/p>\n\n\n\n<p>En la edici\u00f3n&nbsp;<strong>2025 de La Voz Espa\u00f1a<\/strong>, los equipos ya se encuentran cerrados. Cada coach cuenta con&nbsp;<strong>14 talentos<\/strong>&nbsp;y solo&nbsp;<strong>siete<\/strong>&nbsp;podr\u00e1n avanzar a los temidos Asaltos, una de las fases m\u00e1s duras y emotivas del certamen. El destino de los participantes se juega en interpretaciones cargadas de sue\u00f1os y nervios \u2014ser\u00e1n los coaches quienes deber\u00e1n tomar, con dificultad y entrega, la decisi\u00f3n de qui\u00e9n contin\u00faa y qui\u00e9n se despide del escenario.<\/p>\n\n\n\n<p>La presentaci\u00f3n de Mar\u00eda Becerra en el programa no pas\u00f3 inadvertida. Fue descrita como\u00a0<strong>\u201cuna de las artistas m\u00e1s exitosas del panorama latino\u201d<\/strong>, mientras se recordaba que la argentina llega \u201cen el mejor momento de su carrera\u201d. La suya es una historia que excede cualquier moda pasajera:\u00a0<strong>m\u00e1s de 18 millones de oyentes mensuales en Spotify<\/strong>, dos estadios River Plate colmados en 2024, hitos como\u00a0<strong>Times Square<\/strong>\u00a0y el\u00a0<strong>Festival de Coachella<\/strong>\u00a0en su curr\u00edculum, y una nominaci\u00f3n a los ansiados\u00a0<strong>Latin Grammy<\/strong>\u00a0con su \u00e9xito \u201cCoraz\u00f3n Vac\u00edo\u201d. La racha no se detiene en 2025, a\u00f1o en el que brilla con nuevos lanzamientos como\u00a0<strong>\u201cTatu\u201d y \u201cRamen Para Dos\u201d, en colaboraci\u00f3n con Paulo Londra<\/strong>.<\/p>\n\n\n\n<p class=\"has-text-align-center\"><img decoding=\"async\" loading=\"lazy\" height=\"1440\" width=\"1080\" src=\"https:\/\/www.infobae.com\/resizer\/v2\/MBKGBB7OV5C3LOVXZ3BD7ZARUU.jpg?auth=40f50ee9ddfa6a8695f686ebfef77ca2d8a8eadb937ac6112f3ac9d2d0444551&amp;smart=true&amp;width=350&amp;height=467&amp;quality=85\" alt=\"&quot;Con muchas ganas de armar\">\"Con muchas ganas de armar una linda fiestita\",. reza el texto que acompa\u00f1a las im\u00e1genes<\/p>\n\n\n\n<p>El encuentro con Sebasti\u00e1n Yatra en La Voz fue, adem\u00e1s, motivo de alegr\u00eda y qu\u00edmica en el set. \u201c<strong>Mar\u00eda ha encajado muy bien, tiene ese tacto no solo para ayudar a los participantes, sino tambi\u00e9n para ayudarme a m\u00ed y sumarle al programa<\/strong>\u201d, reconoci\u00f3 el cantante colombiano, visiblemente a gusto con la din\u00e1mica que ambos han generado en su primer encuentro. La artista argentina, por su parte, no ocult\u00f3 la risa y la sorpresa ante la \u201clabia\u201d y el carisma de Yatra:&nbsp;<strong>\u201cTe lo dije desde el minuto uno, jam\u00e1s conoc\u00ed a alguien que pudiera hablar tanto\u201d<\/strong>, revel\u00f3 con humor. \u201cSos muy inteligente y r\u00e1pido con las palabras, y tambi\u00e9n muy sensible\u201d, agreg\u00f3 despu\u00e9s, al sintetizar la empat\u00eda que marc\u00f3 el nacimiento de este d\u00fao televisivo.<\/p>\n\n\n\n<p>Entre c\u00e1maras, ensayos y decisiones cruciales, ambos coinciden: tienen un grupo con el que conectaron.\u00a0<strong>\u201cVa a ser brutal, tenemos un grupo incre\u00edble. Dimos con un equipo con el que conectamos\u201d<\/strong>, asegur\u00f3 Yatra, vislumbrando una etapa de emociones y actuaciones memorables.<\/p>\n\n\n\n<p class=\"has-text-align-center\"><img decoding=\"async\" loading=\"lazy\" height=\"6695\" width=\"4463\" src=\"https:\/\/www.infobae.com\/resizer\/v2\/BEXJPXSAMVC5BBOV3POVEPUSPQ.jpg?auth=79fd8dd832db959787ec3a08912ba462c6bd54448bfda83f37542d350bae4db4&amp;smart=true&amp;width=350&amp;height=525&amp;quality=85\" alt=\"Mar\u00eda Becerra y Sebasti\u00e1n Yatra,\">Mar\u00eda Becerra y Sebasti\u00e1n Yatra, d\u00fao de lujo en La Voz Espa\u00f1a (Prensa: Antena 3)<\/p>\n\n\n\n<p>Mientras tanto, las fotos de\u00a0<strong>Mar\u00eda Becerra<\/strong>, con su carga de sensualidad, autenticidad y deseo de celebraci\u00f3n, siguen sumando corazones y comentarios. Los reflejos en los espejos, los elogios encadenados y el rugido digital de sus millones de seguidores dibujan el retrato de una artista que no se detiene. Las c\u00e1maras la buscan. Los fans la vitorean.\u00a0<strong>El impacto est\u00e1 a la vista: la estrella argentina brilla en el mejor momento de su vida y su carrera<\/strong>, y cada imagen publicada en sus redes lo confirma sin lugar a dudas.<\/p>\n\n\n\n<p>Fuente Teleshow<\/p>\n","protected":false},"excerpt":{"rendered":"<p>La cantante argentina acompa\u00f1ar\u00e1 a Sebasti\u00e1n Yatra en el reality La Voz, mientras palpita su regreso a River a fin de a\u00f1o Mar\u00eda Becerra deslumbr\u00f3 en una sesi\u00f3n de fotos compartida en su cuenta de Instagram Mientras se prepara\u00a0para hacer historia con dos conciertos en River, Mar\u00eda Becerra\u00a0no descuida su agenda de actividades\u00a0y realiz\u00f3 una [&hellip;]<\/p>\n","protected":false},"author":5,"featured_media":435046,"comment_status":"open","ping_status":"open","sticky":false,"template":"","format":"standard","meta":{"_stopmodifiedupdate":false,"_modified_date":"","inline_featured_image":false,"spay_email":"","jetpack_publicize_message":""},"categories":[21],"tags":[],"jetpack_featured_media_url":"https:\/\/notinor.com\/jujuy\/wp-content\/uploads\/2025\/10\/MARIA.jpg","jetpack_publicize_connections":[],"_links":{"self":[{"href":"https:\/\/notinor.com\/jujuy\/wp-json\/wp\/v2\/posts\/435045"}],"collection":[{"href":"https:\/\/notinor.com\/jujuy\/wp-json\/wp\/v2\/posts"}],"about":[{"href":"https:\/\/notinor.com\/jujuy\/wp-json\/wp\/v2\/types\/post"}],"author":[{"embeddable":true,"href":"https:\/\/notinor.com\/jujuy\/wp-json\/wp\/v2\/users\/5"}],"replies":[{"embeddable":true,"href":"https:\/\/notinor.com\/jujuy\/wp-json\/wp\/v2\/comments?post=435045"}],"version-history":[{"count":1,"href":"https:\/\/notinor.com\/jujuy\/wp-json\/wp\/v2\/posts\/435045\/revisions"}],"predecessor-version":[{"id":435047,"href":"https:\/\/notinor.com\/jujuy\/wp-json\/wp\/v2\/posts\/435045\/revisions\/435047"}],"wp:featuredmedia":[{"embeddable":true,"href":"https:\/\/notinor.com\/jujuy\/wp-json\/wp\/v2\/media\/435046"}],"wp:attachment":[{"href":"https:\/\/notinor.com\/jujuy\/wp-json\/wp\/v2\/media?parent=435045"}],"wp:term":[{"taxonomy":"category","embeddable":true,"href":"https:\/\/notinor.com\/jujuy\/wp-json\/wp\/v2\/categories?post=435045"},{"taxonomy":"post_tag","embeddable":true,"href":"https:\/\/notinor.com\/jujuy\/wp-json\/wp\/v2\/tags?post=435045"}],"curies":[{"name":"wp","href":"https:\/\/api.w.org\/{rel}","templated":true}]}}