{"id":434685,"date":"2025-10-21T20:58:00","date_gmt":"2025-10-21T23:58:00","guid":{"rendered":"https:\/\/notinor.com\/jujuy\/?p=434685"},"modified":"2025-10-21T08:58:39","modified_gmt":"2025-10-21T08:58:39","slug":"se-busca-impulsar-cambios-en-la-ley-de-colegiatura-de-los-profesionales-de-la-arquitectura","status":"publish","type":"post","link":"https:\/\/notinor.com\/jujuy\/se-busca-impulsar-cambios-en-la-ley-de-colegiatura-de-los-profesionales-de-la-arquitectura\/","title":{"rendered":"<strong>Se busca impulsar cambios en la Ley de Colegiatura de los Profesionales de la Arquitectura<\/strong>"},"content":{"rendered":"\n<p class=\"has-medium-font-size\"><strong><em>La Comisi\u00f3n de Legislaci\u00f3n General recibi\u00f3 a las autoridades del Colegio de Profesionales de la Arquitectura de Jujuy, quienes presentaron el proyecto de reforma de la Ley de Colegiatura de la instituci\u00f3n. La presidenta, Elena Bardi, acompa\u00f1ada por la vocal In\u00e9s Pemberton y la asesora legal Natalia Ruiz, expuso ante los legisladores los principales ejes de la propuest<\/em><\/strong>a.<\/p>\n\n\n<div class=\"wp-block-image\">\n<figure class=\"aligncenter size-large\"><img decoding=\"async\" loading=\"lazy\" width=\"720\" height=\"480\" src=\"https:\/\/notinor.com\/jujuy\/wp-content\/uploads\/2025\/10\/reunion-1-720x480.jpeg\" alt=\"\" class=\"wp-image-434687\" srcset=\"https:\/\/notinor.com\/jujuy\/wp-content\/uploads\/2025\/10\/reunion-1-720x480.jpeg 720w, https:\/\/notinor.com\/jujuy\/wp-content\/uploads\/2025\/10\/reunion-1-548x365.jpeg 548w, https:\/\/notinor.com\/jujuy\/wp-content\/uploads\/2025\/10\/reunion-1-768x512.jpeg 768w, https:\/\/notinor.com\/jujuy\/wp-content\/uploads\/2025\/10\/reunion-1-1536x1023.jpeg 1536w, https:\/\/notinor.com\/jujuy\/wp-content\/uploads\/2025\/10\/reunion-1-750x500.jpeg 750w, https:\/\/notinor.com\/jujuy\/wp-content\/uploads\/2025\/10\/reunion-1-1140x760.jpeg 1140w, https:\/\/notinor.com\/jujuy\/wp-content\/uploads\/2025\/10\/reunion-1.jpeg 1600w\" sizes=\"(max-width: 720px) 100vw, 720px\" \/><figcaption class=\"wp-element-caption\">Proyecto de reforma de la Ley de Colegiatura <\/figcaption><\/figure><\/div>\n\n\n<p>Al t\u00e9rmino de la reuni\u00f3n, el presidente de la comisi\u00f3n, diputado <strong>Adriano Morone,<\/strong> explic\u00f3 que el proyecto de reforma \"es el resultado de un trabajo sostenido del Colegio a lo largo del tiempo, con la intervenci\u00f3n plena de sus equipos y asociados\". Record\u00f3 que d\u00edas atr\u00e1s ya se hab\u00eda mantenido una reuni\u00f3n preliminar con la participaci\u00f3n del vicegobernador <strong>Alberto Bernis,<\/strong> y se\u00f1al\u00f3 que \"ahora los recibimos formalmente en la Comisi\u00f3n de Legislaci\u00f3n General, que ser\u00e1 la encargada de analizar el proyecto\".<\/p>\n\n\n<div class=\"wp-block-image\">\n<figure class=\"aligncenter size-large\"><img decoding=\"async\" loading=\"lazy\" width=\"720\" height=\"480\" src=\"https:\/\/notinor.com\/jujuy\/wp-content\/uploads\/2025\/10\/reunion1-720x480.jpeg\" alt=\"\" class=\"wp-image-434688\" srcset=\"https:\/\/notinor.com\/jujuy\/wp-content\/uploads\/2025\/10\/reunion1-720x480.jpeg 720w, https:\/\/notinor.com\/jujuy\/wp-content\/uploads\/2025\/10\/reunion1-548x365.jpeg 548w, https:\/\/notinor.com\/jujuy\/wp-content\/uploads\/2025\/10\/reunion1-768x512.jpeg 768w, https:\/\/notinor.com\/jujuy\/wp-content\/uploads\/2025\/10\/reunion1-1536x1023.jpeg 1536w, https:\/\/notinor.com\/jujuy\/wp-content\/uploads\/2025\/10\/reunion1-750x500.jpeg 750w, https:\/\/notinor.com\/jujuy\/wp-content\/uploads\/2025\/10\/reunion1-1140x760.jpeg 1140w, https:\/\/notinor.com\/jujuy\/wp-content\/uploads\/2025\/10\/reunion1.jpeg 1600w\" sizes=\"(max-width: 720px) 100vw, 720px\" \/><\/figure><\/div>\n\n\n<p>Morone indic\u00f3 adem\u00e1s que durante el encuentro se abordaron otros temas vinculados al ejercicio cotidiano de los y las arquitectas de la provincia, \"como el urbanismo y el desarrollo de la ciudad\".&nbsp;<\/p>\n\n\n\n<p>Adelant\u00f3 que la iniciativa tomar\u00e1 estado parlamentario en la pr\u00f3xima sesi\u00f3n ordinaria, y que posteriormente \"se convocar\u00e1 nuevamente a los miembros del Colegio y a los sectores interesados para sumar aportes antes de avanzar en su tratamiento\".<\/p>\n\n\n\n<p>Por su parte, la presidenta del Colegio, <strong>Elena Bardi<\/strong>, destac\u00f3 que, en el marco del 40\u00b0 aniversario de la colegiaci\u00f3n, se trabaj\u00f3 en un proyecto que busca \"actualizar los conceptos y el ejercicio profesional a la \u00e9poca en que vivimos\". Detall\u00f3 que la propuesta incorpora nuevos ejes como sustentabilidad, ambiente, perspectiva de g\u00e9nero, lenguaje inclusivo e inteligencia artificial, trabajados de manera participativa durante dos a\u00f1os \"a trav\u00e9s de talleres y espacios de intercambio\".<\/p>\n\n\n\n<p>Bardi valor\u00f3 el encuentro con los legisladores como \"una instancia muy importante para compartir visiones sobre el desarrollo urbano y los desaf\u00edos que se presentan en la actualidad\".<\/p>\n\n\n\n<p>En la misma l\u00ednea, la vocal <strong>In\u00e9s Pemberton<\/strong> se\u00f1al\u00f3 que \"Jujuy es una provincia con gran dinamismo, y entender el territorio en toda su magnitud es fundamental para integrar los distintos ejes propuestos en el anteproyecto\". Finalmente, expres\u00f3 que, en el marco de los 40 a\u00f1os de la instituci\u00f3n, \"ser\u00eda un sue\u00f1o poder actualizar la ley y adaptarla a los nuevos tiempos\".<\/p>\n","protected":false},"excerpt":{"rendered":"<p>La Comisi\u00f3n de Legislaci\u00f3n General recibi\u00f3 a las autoridades del Colegio de Profesionales de la Arquitectura de Jujuy, quienes presentaron el proyecto de reforma de la Ley de Colegiatura de la instituci\u00f3n. La presidenta, Elena Bardi, acompa\u00f1ada por la vocal In\u00e9s Pemberton y la asesora legal Natalia Ruiz, expuso ante los legisladores los principales ejes [&hellip;]<\/p>\n","protected":false},"author":5,"featured_media":434686,"comment_status":"open","ping_status":"open","sticky":false,"template":"","format":"standard","meta":{"_stopmodifiedupdate":false,"_modified_date":"","inline_featured_image":false,"spay_email":"","jetpack_publicize_message":""},"categories":[514],"tags":[],"jetpack_featured_media_url":"https:\/\/notinor.com\/jujuy\/wp-content\/uploads\/2025\/10\/reunion.jpeg","jetpack_publicize_connections":[],"_links":{"self":[{"href":"https:\/\/notinor.com\/jujuy\/wp-json\/wp\/v2\/posts\/434685"}],"collection":[{"href":"https:\/\/notinor.com\/jujuy\/wp-json\/wp\/v2\/posts"}],"about":[{"href":"https:\/\/notinor.com\/jujuy\/wp-json\/wp\/v2\/types\/post"}],"author":[{"embeddable":true,"href":"https:\/\/notinor.com\/jujuy\/wp-json\/wp\/v2\/users\/5"}],"replies":[{"embeddable":true,"href":"https:\/\/notinor.com\/jujuy\/wp-json\/wp\/v2\/comments?post=434685"}],"version-history":[{"count":1,"href":"https:\/\/notinor.com\/jujuy\/wp-json\/wp\/v2\/posts\/434685\/revisions"}],"predecessor-version":[{"id":434689,"href":"https:\/\/notinor.com\/jujuy\/wp-json\/wp\/v2\/posts\/434685\/revisions\/434689"}],"wp:featuredmedia":[{"embeddable":true,"href":"https:\/\/notinor.com\/jujuy\/wp-json\/wp\/v2\/media\/434686"}],"wp:attachment":[{"href":"https:\/\/notinor.com\/jujuy\/wp-json\/wp\/v2\/media?parent=434685"}],"wp:term":[{"taxonomy":"category","embeddable":true,"href":"https:\/\/notinor.com\/jujuy\/wp-json\/wp\/v2\/categories?post=434685"},{"taxonomy":"post_tag","embeddable":true,"href":"https:\/\/notinor.com\/jujuy\/wp-json\/wp\/v2\/tags?post=434685"}],"curies":[{"name":"wp","href":"https:\/\/api.w.org\/{rel}","templated":true}]}}