{"id":434667,"date":"2025-10-21T14:12:03","date_gmt":"2025-10-21T17:12:03","guid":{"rendered":"https:\/\/notinor.com\/jujuy\/?p=434667"},"modified":"2025-10-21T14:12:06","modified_gmt":"2025-10-21T17:12:06","slug":"elecciones-todo-lo-que-hay-que-saber-para-votar-con-la-boleta-unica","status":"publish","type":"post","link":"https:\/\/notinor.com\/jujuy\/elecciones-todo-lo-que-hay-que-saber-para-votar-con-la-boleta-unica\/","title":{"rendered":"Elecciones: todo lo que hay que saber para votar con la boleta \u00fanica"},"content":{"rendered":"\n<p class=\"has-medium-font-size\"><strong><em>El abogado Jos\u00e9 P\u00e9rez Corti brind\u00f3 algunas recomendaciones de cara a los comicios de este domingo.\u00a0En la nota, los detalles.<\/em><\/strong><\/p>\n\n\n<div class=\"wp-block-image\">\n<figure class=\"aligncenter size-large\"><img decoding=\"async\" loading=\"lazy\" width=\"791\" height=\"480\" src=\"https:\/\/notinor.com\/jujuy\/wp-content\/uploads\/2025\/10\/ELECCIONES-791x480.jpg\" alt=\"\" class=\"wp-image-434668\" srcset=\"https:\/\/notinor.com\/jujuy\/wp-content\/uploads\/2025\/10\/ELECCIONES-791x480.jpg 791w, https:\/\/notinor.com\/jujuy\/wp-content\/uploads\/2025\/10\/ELECCIONES-602x365.jpg 602w, https:\/\/notinor.com\/jujuy\/wp-content\/uploads\/2025\/10\/ELECCIONES-768x466.jpg 768w, https:\/\/notinor.com\/jujuy\/wp-content\/uploads\/2025\/10\/ELECCIONES-750x455.jpg 750w, https:\/\/notinor.com\/jujuy\/wp-content\/uploads\/2025\/10\/ELECCIONES.jpg 831w\" sizes=\"(max-width: 791px) 100vw, 791px\" \/><figcaption class=\"wp-element-caption\">Elecciones legislativas 2025<\/figcaption><\/figure><\/div>\n\n\n<p>El abogado Jos\u00e9 P\u00e9rez Corti, mag\u00edster en Partidos Pol\u00edticos y doctor en Derecho y Ciencias Sociales, se refiri\u00f3 a la presentaci\u00f3n de Fuerza Patria y la Uni\u00f3n C\u00edvica Radical ante la Justicia Electoral, que reclam\u00f3 la difusi\u00f3n de resultados&nbsp;<strong>por provincia<\/strong>&nbsp;y distrito el pr\u00f3ximo domingo, en lugar de un consolidado nacional.<\/p>\n\n\n\n<p>\"En todo proceso electoral existe lo que se denomina escrutinio provisorio, recuento provisional de datos, que es la acumulaci\u00f3n r\u00e1pida de los resultados de cada mesa de votaci\u00f3n. Eso no est\u00e1 espec\u00edficamente regulado reglamentariamente en el C\u00f3digo Electoral, pero es una pr\u00e1ctica que se empieza a llevar adelante\", explic\u00f3 P\u00e9rez Corti a\u00a0Cadena 3.<\/p>\n\n\n\n<p>Precis\u00f3 que la C\u00e1mara Nacional Electoral, con el objetivo de darle mayor seguridad y transparencia, en el a\u00f1o 2017 dict\u00f3 una acordada fijando algunas precisiones. \"En cuanto a c\u00f3mo se debe exhibir, la exhibici\u00f3n generalmente es&nbsp;<strong>conforme la elecci\u00f3n que se est\u00e1 llevando a cabo.<\/strong>&nbsp;Si hay elecciones por cada uno de los distritos que integran la Rep\u00fablica Argentina, que es cada una de las provincias y la Ciudad de Buenos Aires, tambi\u00e9n tiene que permitir esa consulta\".<a href=\"https:\/\/www.cadena3.com\/noticia\/politica-y-economia\/donde-voto-en-las-elecciones-argentina-2025-consulta-el-padron-definitivo_464727\"><\/a><\/p>\n\n\n\n<p>El experto detall\u00f3 el prop\u00f3sito de la audiencia reciente con apoderados y fiscales inform\u00e1ticos: \"Lo que busca es poner en conocimiento de ellos c\u00f3mo se ha dise\u00f1ado y c\u00f3mo se piensa ejecutar esa difusi\u00f3n de datos para que ellos puedan ejercer su defensa\".<\/p>\n\n\n\n<p>Sobre el impacto de la difusi\u00f3n por distrito versus nacional, P\u00e9rez Corti aclar\u00f3: \"No habr\u00eda ning\u00fan cambio en sentido material o que afectara los resultados o la legitimidad de la elecci\u00f3n, sino que simplemente una fuerza pol\u00edtica est\u00e1 tratando de imponer a las restantes&nbsp;<strong>un mensaje que las favorezca.<\/strong>&nbsp;Esto sucede siempre en cada proceso electoral. Cada una de las fuerzas pol\u00edticas trata de imponer sus estrategias comunicacionales\".<a href=\"https:\/\/www.cadena3.com\/noticia\/politica-y-economia\/que-anticipo-el-jp-morgan-sobre-el-dolar-en-caso-de-un-triunfo-de-fuerza-patria_461917\"><\/a><\/p>\n\n\n\n<p>Respecto a lo que se conocer\u00e1 el domingo por la noche, afirm\u00f3: \"Vamos a ver cu\u00e1ntos legisladores tiene cada espacio. Lo importante es saber cu\u00e1ntos diputados van a ingresar y c\u00f3mo terminan conformadas cada una de las fuerzas en el Congreso\".<\/p>\n\n\n\n<p>P\u00e9rez Corti defendi\u00f3 un modelo ideal de difusi\u00f3n: \"El modelo ideal de difusi\u00f3n de informaci\u00f3n es que quien la va a consumir, el usuario o el destinatario de la informaci\u00f3n, que en este caso son dos grandes grupos \u2013uno es el electorado que es el principal y el segundo que son los medios de comunicaci\u00f3n\u2013 puedan combinar los resultados de la manera que crean m\u00e1s conveniente para realizar sus an\u00e1lisis. Un&nbsp;<strong>sistema ideal e \u00edntegro<\/strong>&nbsp;que garantice la transparencia de la elecci\u00f3n deber\u00eda permitir cualquier combinaci\u00f3n\".<\/p>\n\n\n\n<p>Sobre la disputa entre fuerzas pol\u00edticas, se\u00f1al\u00f3: \"En cada elecci\u00f3n, cada una de las fuerzas pol\u00edticas tiene una mirada y un enfoque de los resultados o de lo que va a obtener en la elecci\u00f3n que hacen que tengan este tipo de pujas. Pero son pujas por&nbsp;<strong>ocupar moment\u00e1neamente el espacio<\/strong>&nbsp;de comunicaci\u00f3n y no necesariamente por alcanzar otro tipo de cambios. Lo importante es que la informaci\u00f3n est\u00e9 disponible y que sea consultable seg\u00fan los usuarios lo necesiten. Los partidos pol\u00edticos, sobre todo en los \u00faltimos d\u00edas previos a la elecci\u00f3n, est\u00e1n muy sensibles a cualquier detalle y cada uno trata de que su discurso termine siendo el que se imponga y que lo exhiba como triunfador\".<\/p>\n\n\n\n<p>El doctor en Derecho y Ciencias Sociales recomend\u00f3 paciencia para el escrutinio: \"Estamos en un proceso electoral en donde se est\u00e1 implementando un nuevo instrumento de votaci\u00f3n. No todos los distritos tienen experiencia con este nuevo instrumento de votaci\u00f3n, con lo cual va a haber que tener paciencia. Al no haber habido PASO, las cantidades de listas y ofertas electorales es numeros\u00edsimo. Hoy enfrentamos mesas de votaci\u00f3n con un instrumento nuevo de votaci\u00f3n que volvi\u00f3 a poblarse de una cantidad de ofertas que si hubieran existido las PASO no hubieran llegado a la elecci\u00f3n final\".<a href=\"https:\/\/www.cadena3.com\/noticia\/politica-y-economia\/el-dolar-volvio-a-subir-pese-a-la-firma-del-swap-con-eeuu-cerro-a-1495_476583\"><\/a><\/p>\n\n\n\n<p>Finalmente, P\u00e9rez Corti brind\u00f3&nbsp;<strong>consejos pr\u00e1cticos&nbsp;<\/strong>para votar con la boleta \u00fanica:<\/p>\n\n\n\n<p><strong>\u2022 \"No se puede<\/strong>&nbsp;concurrir con insignias partidarias ni aludiendo a lo que uno quiere votar porque eso interfiere en la libertad de los dem\u00e1s y se denomina voto cantado\".<\/p>\n\n\n\n<p><strong>\u2022 \"Se vota siempre con el DNI m\u00e1s nuevo.<\/strong>&nbsp;Si figura en el padr\u00f3n con un DNI anterior, va a poder votar con el DNI nuevo, pero si figura con un DNI nuevo y va con un DNI viejo, no va a poder sufragar\".<\/p>\n\n\n\n<p><strong>\u2022&nbsp;<\/strong>\"Para que el voto sea v\u00e1lido, horizontalmente debe haber solo una marca por cada l\u00ednea de listas de candidatos.&nbsp;<strong>Si hay dos marcas horizontalmente, se anula\".<\/strong><\/p>\n\n\n\n<p><strong>\u2022<\/strong>&nbsp;\"En cuanto a las marcas, la ley no da mayores precisiones, pero generalmente lo que se recomienda es&nbsp;<strong>usar tilde o cruz,<\/strong>&nbsp;tratar de que la tilde o cruz siempre est\u00e9 dentro del casillero, lo posible, y de esta manera garantizarse que no haya ning\u00fan tipo de impugnaci\u00f3n o de ataque a ese voto en cuanto a su validez\".<\/p>\n\n\n\n<p><strong>\u2022<\/strong>&nbsp;\"Va a depender de cada uno de los distritos o provincias: en algunos hay solo una l\u00ednea de candidatos porque renuevan solamente diputados o senadores y en otros se van a encontrar con dos l\u00edneas de candidatos porque renuevan los dos tipos de cargos\".<\/p>\n","protected":false},"excerpt":{"rendered":"<p>El abogado Jos\u00e9 P\u00e9rez Corti brind\u00f3 algunas recomendaciones de cara a los comicios de este domingo.\u00a0En la nota, los detalles. El abogado Jos\u00e9 P\u00e9rez Corti, mag\u00edster en Partidos Pol\u00edticos y doctor en Derecho y Ciencias Sociales, se refiri\u00f3 a la presentaci\u00f3n de Fuerza Patria y la Uni\u00f3n C\u00edvica Radical ante la Justicia Electoral, que reclam\u00f3 [&hellip;]<\/p>\n","protected":false},"author":5,"featured_media":434668,"comment_status":"open","ping_status":"open","sticky":false,"template":"","format":"standard","meta":{"_stopmodifiedupdate":false,"_modified_date":"","inline_featured_image":false,"spay_email":"","jetpack_publicize_message":""},"categories":[5],"tags":[],"jetpack_featured_media_url":"https:\/\/notinor.com\/jujuy\/wp-content\/uploads\/2025\/10\/ELECCIONES.jpg","jetpack_publicize_connections":[],"_links":{"self":[{"href":"https:\/\/notinor.com\/jujuy\/wp-json\/wp\/v2\/posts\/434667"}],"collection":[{"href":"https:\/\/notinor.com\/jujuy\/wp-json\/wp\/v2\/posts"}],"about":[{"href":"https:\/\/notinor.com\/jujuy\/wp-json\/wp\/v2\/types\/post"}],"author":[{"embeddable":true,"href":"https:\/\/notinor.com\/jujuy\/wp-json\/wp\/v2\/users\/5"}],"replies":[{"embeddable":true,"href":"https:\/\/notinor.com\/jujuy\/wp-json\/wp\/v2\/comments?post=434667"}],"version-history":[{"count":1,"href":"https:\/\/notinor.com\/jujuy\/wp-json\/wp\/v2\/posts\/434667\/revisions"}],"predecessor-version":[{"id":434669,"href":"https:\/\/notinor.com\/jujuy\/wp-json\/wp\/v2\/posts\/434667\/revisions\/434669"}],"wp:featuredmedia":[{"embeddable":true,"href":"https:\/\/notinor.com\/jujuy\/wp-json\/wp\/v2\/media\/434668"}],"wp:attachment":[{"href":"https:\/\/notinor.com\/jujuy\/wp-json\/wp\/v2\/media?parent=434667"}],"wp:term":[{"taxonomy":"category","embeddable":true,"href":"https:\/\/notinor.com\/jujuy\/wp-json\/wp\/v2\/categories?post=434667"},{"taxonomy":"post_tag","embeddable":true,"href":"https:\/\/notinor.com\/jujuy\/wp-json\/wp\/v2\/tags?post=434667"}],"curies":[{"name":"wp","href":"https:\/\/api.w.org\/{rel}","templated":true}]}}