{"id":434651,"date":"2025-10-21T12:15:08","date_gmt":"2025-10-21T15:15:08","guid":{"rendered":"https:\/\/notinor.com\/jujuy\/?p=434651"},"modified":"2025-10-21T12:15:10","modified_gmt":"2025-10-21T15:15:10","slug":"coqueluche-ya-se-confirmaron-casi-el-doble-de-los-contagios-que-a-esta-altura-de-2024-y-ponen-el-foco-en-las-vacunas","status":"publish","type":"post","link":"https:\/\/notinor.com\/jujuy\/coqueluche-ya-se-confirmaron-casi-el-doble-de-los-contagios-que-a-esta-altura-de-2024-y-ponen-el-foco-en-las-vacunas\/","title":{"rendered":"Coqueluche. Ya se confirmaron casi el doble de los contagios que a esta altura de 2024 y ponen el foco en las vacunas"},"content":{"rendered":"\n<p class=\"has-medium-font-size\"><strong><em>Son 66 solo en Ushuaia, donde hay un brote en curso; siete jurisdicciones concentran el mayor n\u00famero de casos<\/em><\/strong><\/p>\n\n\n<div class=\"wp-block-image\">\n<figure class=\"aligncenter is-resized\"><img decoding=\"async\" loading=\"lazy\" src=\"https:\/\/www.lanacion.com.ar\/resizer\/v2\/la-tos-convulsa-se-transmite-al-toser-hablar-o-KW4XJZMQMBAH5K55XFFQMDGVHM.jpg?auth=a8a7fd968f61d0b24bdb00c4a701a0e4a6e936e178c0438ca2411fdffde2e545&amp;width=420&amp;height=280&amp;quality=70&amp;smart=true\" alt=\"La tos convulsa se transmite al toser, hablar o estornudar\" width=\"623\" height=\"415\"\/><figcaption class=\"wp-element-caption\">La tos convulsa se transmite al toser, hablar o estornudar<\/figcaption><\/figure><\/div>\n\n\n<p>Una puesta al d\u00eda de los casos de tos convulsa o coqueluche en el pa\u00eds a prop\u00f3sito del brote en curso en Tierra del Fuego anticipa que&nbsp;<strong>este a\u00f1o podr\u00eda ser uno con repunte de contagios<\/strong>. Hasta hace dos semanas, se detect\u00f3 casi el doble de casos de esa infecci\u00f3n respiratoria que a la misma altura del a\u00f1o pasado. Adem\u00e1s, la tendencia que siguen los datos y la distribuci\u00f3n geogr\u00e1fica ser\u00edan m\u00e1s parecidas a las de 2019 o 2023, los dos per\u00edodos con m\u00e1s positivos en los \u00faltimos a\u00f1os.<\/p>\n\n\n\n<p>Por el momento, y hasta el 11 de este mes, se confirmaron menos del 10% (333) de los 3441 casos con s\u00edntomas de sospecha (catarro y tos persistente e incontrolable) atendidos en centros de salud del pa\u00eds.&nbsp;<strong>Cuatro menores de dos a\u00f1os murieron<\/strong>. C\u00f3rdoba, Salta, Buenos Aires, Mendoza, Ciudad de Buenos Aires, Santa Fe y Tierra del Fuego son los distritos con m\u00e1s contagios, de acuerdo con la informaci\u00f3n oficial.<\/p>\n\n\n\n<p>\u201c<strong>Los casos de coqueluche notificados entre (el 1 de enero y el 11 de octubre) superan las confirmaciones para el mismo periodo de los a\u00f1os 2021, 2022 y 2024<\/strong>, con una incidencia acumulada de 0,70 casos por cada 100.000 habitantes en lo que va del a\u00f1o\u201d, inform\u00f3 el Ministerio de Salud de la Naci\u00f3n al actualizar ayer el Bolet\u00edn Epidemiol\u00f3gico Nacional, seg\u00fan informaci\u00f3n de hace 10 d\u00edas.<\/p>\n\n\n\n<p>Esta infecci\u00f3n respiratoria asociada con la bacteria&nbsp;<em>Bordetella pertusis<\/em>&nbsp;en la mayor\u00eda de los casos,&nbsp;<strong>se transmite al toser, hablar o estornudar<\/strong>. Este a\u00f1o, 17 distritos est\u00e1n confirmando infecciones: en el centro del pa\u00eds se dieron 260 de las 333 totales conocidas hasta ahora (167 en la Provincia, 50 en la Capital, 22 en C\u00f3rdoba y 19 en Santa Fe).<\/p>\n\n\n\n<p>En Tierra del Fuego, el primer caso en Ushuaia fue en julio pasado.&nbsp;<strong>Era una menor de 2 a\u00f1os que ten\u00eda la vacunaci\u00f3n contra coqueluche incompleta para la edad<\/strong>. Se trabaj\u00f3 con la familia y en el jard\u00edn de infantes para evitar nuevos casos y no se pudo dar con un nexo de ese contagio.<\/p>\n\n\n\n<p><strong>Marina Goyogana<\/strong>, directora general de Promoci\u00f3n de la Salud del Ministerio de Salud fueguino, explic\u00f3 a&nbsp;<strong>LA NACION<\/strong>&nbsp;que los otros casos fueron apareciendo m\u00e1s de dos semanas despu\u00e9s y sin nexo con aquel infectado que gener\u00f3 la primera alerta epidemiol\u00f3gica en la provincia. Con esos nuevos casos, sobre los que se alert\u00f3 en agosto,<strong>&nbsp;se identificaron tres cadenas de transmisi\u00f3n<\/strong>. Se contagiaron adultos y chicos en edad escolar.<\/p>\n\n\n\n<p>Hasta el viernes pasado, el \u00e1rea de Epidemiolog\u00eda provincial hab\u00eda confirmado 66 de los 171 casos con sospecha cl\u00ednica o epidemiol\u00f3gica. Son ocho casos m\u00e1s que los 58 informados ayer en la actualizaci\u00f3n nacional.&nbsp;<strong>La mayor\u00eda tiene m\u00e1s de 20 a\u00f1os o est\u00e1n en edad escolar (entre 5 y 9 a\u00f1os)<\/strong>.<\/p>\n\n\n\n<p><strong>Control de vacunaci\u00f3n<\/strong><\/p>\n\n\n\n<p>Adem\u00e1s de controlar la vacunaci\u00f3n de los menores de un a\u00f1o -el grupo en el que la infecci\u00f3n causa m\u00e1s complicaciones-, la provincia est\u00e1 utilizando desde hace dos semanas un esquema de vacunaci\u00f3n acelerado con la primera dosis a partir de las seis semanas de vida, en lugar de esperar hasta los dos meses, para adelantar las tres primeras dosis.<\/p>\n\n\n<div class=\"wp-block-image\">\n<figure class=\"aligncenter is-resized\"><img decoding=\"async\" loading=\"lazy\" src=\"https:\/\/resizer.glanacion.com\/resizer\/v2\/el-tierra-del-fuego-se-comenzo-a-controlar-la-WSI4WX4KJJGJDCMEGFU2V4KW2U.jpg?auth=306970e05244a42e4876c135f86854b289d7582224b22eac379ef1cfc6d20b3e&amp;width=420&amp;height=279&amp;quality=70&amp;smart=true\" alt=\"El Tierra del Fuego se comenz\u00f3 a controlar la vacunaci\u00f3n contra la tos convulsa en la poblaci\u00f3n y se reforz\u00f3 la inmunizaci\u00f3n del personal de salud dedicado a la atenci\u00f3n pedi\u00e1trica\" width=\"660\" height=\"438\"\/><figcaption class=\"wp-element-caption\">El Tierra del Fuego se comenz\u00f3 a controlar la vacunaci\u00f3n contra la tos convulsa en la poblaci\u00f3n y se reforz\u00f3 la inmunizaci\u00f3n del personal de salud dedicado a la atenci\u00f3n pedi\u00e1trica<\/figcaption><\/figure><\/div>\n\n\n<p>Goyogana dijo que&nbsp;<strong>se reforz\u00f3 la vacunaci\u00f3n del personal de salud de atenci\u00f3n pedi\u00e1trica<\/strong>&nbsp;para, despu\u00e9s, seguir con el resto y, la semana pasada, se inmuniz\u00f3 a docentes y no docentes de jardines maternales y jardines de infantes de Ushuaia. Confirm\u00f3 que&nbsp;<strong>se siguen rastreando contactos&nbsp;<\/strong>con casos positivos e implementando las medidas de bloqueo en el lugar de trabajo, la escuela o el jard\u00edn y la familia.<\/p>\n\n\n\n<p>\u201c<strong>El brote sigue limitado a Ushuaia<\/strong>. No hay casos en Rio Grande ni en Tolhuin. Ha disminuido la cantidad de casos en las \u00faltimas semanas a partir de las medidas que se tomaron\u201d, afirm\u00f3 Goyogana. \u201cAhora, se est\u00e1 dando m\u00e1s en adultos, adolescentes y chicos m\u00e1s grandes, de nivel primario\u201d, detall\u00f3 la funcionaria.<\/p>\n\n\n\n<p>M\u00e1s temprano, en cambio, y ante el contacto de este medio,&nbsp;<strong>en la Jefatura de Gabinete del gobierno provincial ayer insist\u00edan en que no estaban teniendo un brote de tos convulsa, sino casos que \u201cocurren cada tanto<\/strong>\u201d. En el \u00e1rea de Epidemiolog\u00eda del Ministerio de Salud de la Naci\u00f3n, derivaban preguntas a las autoridades locales.<\/p>\n\n\n\n<p>\u201cEstamos acompa\u00f1ando la estrategia jurisdiccional para fortalecer la vigilancia [epidemiol\u00f3gica] e implementar estrategias de vacunaci\u00f3n espec\u00edficas\u201d, se limitaron a decir. \u201cPor el momento, no se realiz\u00f3 un an\u00e1lisis de riesgo propiamente dicho\u201d, respondieron.<\/p>\n\n\n\n<p><strong>Tendencia<\/strong><\/p>\n\n\n\n<p>A algo m\u00e1s de dos meses para terminar el a\u00f1o,&nbsp;<strong>la tendencia en la distribuci\u00f3n geogr\u00e1fica es m\u00e1s parecida a la de 2019<\/strong>, cuando se terminaron de confirmar 953 casos de tos convulsa en m\u00e1s de 6000 notificaciones ese a\u00f1o.&nbsp;<strong>Solo Santa Cruz tuvo cero caso<\/strong>.<\/p>\n\n\n\n<p>En 2023, en tanto, fueron 667 los casos confirmados -la mayor\u00eda en Santa Fe- y m\u00e1s de 5000 los notificados, aunque con menor distribuci\u00f3n geogr\u00e1fica que 2019 o este a\u00f1o.<strong>&nbsp;Formosa, San Luis, Catamarca, Chaco, Jujuy, Corrientes y Chubut figuran sin casos confirmados<\/strong>.<\/p>\n\n\n\n<p>\u201cLa mayor incidencia acumulada se registr\u00f3 en Tierra del Fuego, que, en el marco del brote actualmente en curso en el departamento de Ushuaia, es de 23,6 casos por cada 100.000 habitantes, un valor casi 15 veces superior al de la Ciudad de Buenos Aires\u201d, que le sigue con 1,6 casos por cada 100.000 habitantes, seg\u00fan se actualiz\u00f3 en el bolet\u00edn oficial. \u201c<strong>En tercer lugar, se ubica la provincia de Buenos Aires&nbsp;<\/strong>que, si bien concentra el mayor n\u00famero absoluto de casos, presenta una tasa de 0,9 por 100.000 habitantes\u201d, se indic\u00f3.<\/p>\n\n\n\n<p><strong>Prevenci\u00f3n<\/strong><\/p>\n\n\n\n<p>Por calendario, el esquema inicial son tres dosis a los dos, cuatro y seis meses de vida, m\u00e1s un primer refuerzo entre los 15 y 18 meses de edad (vacuna qu\u00edntuple\/pentavalente o s\u00e9xtuple). El segundo refuerzo es al ingreso escolar con una dosis de triple bacteriana celular y, otro m\u00e1s, a los 11 a\u00f1os con la vacuna triple bacteriana acelular.<\/p>\n\n\n\n<p><strong>En el embarazo, se aplica una dosis de la vacuna acelular a partir de la semana 20 de gestaci\u00f3n<\/strong>, <strong>seg\u00fan se incorpor\u00f3 al calendario en 2013. <\/strong>Fue luego de que, en 2011, se triplicaron los casos y se quintuplicaron las muertes por tos convulsa en el primer a\u00f1o de vida.\u00a0<strong>La vacunaci\u00f3n materna confiere la protecci\u00f3n en los primeros meses de vida que el sistema inmunol\u00f3gico del beb\u00e9 todav\u00eda no desarroll\u00f3<\/strong>.<\/p>\n\n\n\n<p>A partir de datos del Registro Federal de Vacunaci\u00f3n Nominalizado (Nomivac), el informe anual sobre coberturas con las dosis de calendario durante 2024 da cuenta de que l<strong>as coberturas siguen siendo insuficientes como para prevenir la reaparici\u00f3n de estas enfermedades<\/strong>. Comenzaron a decaer ya desde antes de la pandemia de Covid-19, pero la gesti\u00f3n de esa emergencia sanitaria y la comunicaci\u00f3n oficial esos a\u00f1os tuvo el efecto menos deseado:<strong> termin\u00f3 por comprometerlas a\u00fan m\u00e1s<\/strong>.<\/p>\n\n\n\n<p>Mientras que el esquema inicial tuvo una cobertura notificada del 84,7% para la primera dosis y 83,5% para la segunda, con la tercera fue todav\u00eda menor (78,8%) a nivel nacional.&nbsp;<strong>El mapa se pint\u00f3 de rojo (nivel cr\u00edtico) con la ca\u00edda de la cobertura a menos del 50% para la dosis de los cinco a\u00f1os<\/strong>&nbsp;(al ingreso escolar) y no mejor\u00f3 demasiado para la de los 11 a\u00f1os (54,1%). En las embarazadas, la cobertura se qued\u00f3 en el 72,4%.<\/p>\n\n\n\n<p>Tierra del Fuego document\u00f3 valores muy por encima del promedio para el pa\u00eds: del 100% para las tres primeras dosis en reci\u00e9n nacidos y embarazadas, del 98,9% para el refuerzo a los 15-18 meses, con un descenso al 69% para la dosis de los cinco a\u00f1os y al 70,5% para la de los 11 a\u00f1os. De ah\u00ed que\u00a0<strong>funcionarios del Ministerio de Salud fueguin<\/strong>o mencionaran en los \u00faltimos d\u00edas\u00a0a medios locales que<strong>\u00a0los contagios no estar\u00edan teniendo formas graves, con complicaciones o alta demanda de internaci\u00f3n<\/strong>. \u201cLa mayor\u00eda de los m\u00e1s chicos tiene su esquema completo\u201d, indicaron.<\/p>\n\n\n\n<p><strong>En Ushuaia, los contagios se concentraron en los menores de entre 5 y 9 a\u00f1os<\/strong>, seguidos de los adultos de entre 45 y 65 con los j\u00f3venes de 25 a 34 a\u00f1os, de acuerdo con los datos de vigilancia epidemiol\u00f3gica provincial. En el pa\u00eds, Salud inform\u00f3 que el mayor n\u00famero de contagios est\u00e1 ocurriendo en chicos de hasta 5 a\u00f1os, sobre todo en el primer a\u00f1o de vida, mientras que las confirmaciones en los de 20 a\u00f1os o m\u00e1s subieron \u201cen las \u00faltimas semanas\u201d.\u00a0<strong>En esa cartera lo atribuyen a \u201clas caracter\u00edsticas del brote en Tierra del Fuego\u201d<\/strong>.<\/p>\n\n\n\n<p>Fuente diario La Nacion<\/p>\n","protected":false},"excerpt":{"rendered":"<p>Son 66 solo en Ushuaia, donde hay un brote en curso; siete jurisdicciones concentran el mayor n\u00famero de casos Una puesta al d\u00eda de los casos de tos convulsa o coqueluche en el pa\u00eds a prop\u00f3sito del brote en curso en Tierra del Fuego anticipa que&nbsp;este a\u00f1o podr\u00eda ser uno con repunte de contagios. Hasta [&hellip;]<\/p>\n","protected":false},"author":5,"featured_media":434652,"comment_status":"open","ping_status":"open","sticky":false,"template":"","format":"standard","meta":{"_stopmodifiedupdate":false,"_modified_date":"","inline_featured_image":false,"spay_email":"","jetpack_publicize_message":""},"categories":[5],"tags":[],"jetpack_featured_media_url":"https:\/\/notinor.com\/jujuy\/wp-content\/uploads\/2025\/10\/COQUELUCHE.jpg","jetpack_publicize_connections":[],"_links":{"self":[{"href":"https:\/\/notinor.com\/jujuy\/wp-json\/wp\/v2\/posts\/434651"}],"collection":[{"href":"https:\/\/notinor.com\/jujuy\/wp-json\/wp\/v2\/posts"}],"about":[{"href":"https:\/\/notinor.com\/jujuy\/wp-json\/wp\/v2\/types\/post"}],"author":[{"embeddable":true,"href":"https:\/\/notinor.com\/jujuy\/wp-json\/wp\/v2\/users\/5"}],"replies":[{"embeddable":true,"href":"https:\/\/notinor.com\/jujuy\/wp-json\/wp\/v2\/comments?post=434651"}],"version-history":[{"count":1,"href":"https:\/\/notinor.com\/jujuy\/wp-json\/wp\/v2\/posts\/434651\/revisions"}],"predecessor-version":[{"id":434653,"href":"https:\/\/notinor.com\/jujuy\/wp-json\/wp\/v2\/posts\/434651\/revisions\/434653"}],"wp:featuredmedia":[{"embeddable":true,"href":"https:\/\/notinor.com\/jujuy\/wp-json\/wp\/v2\/media\/434652"}],"wp:attachment":[{"href":"https:\/\/notinor.com\/jujuy\/wp-json\/wp\/v2\/media?parent=434651"}],"wp:term":[{"taxonomy":"category","embeddable":true,"href":"https:\/\/notinor.com\/jujuy\/wp-json\/wp\/v2\/categories?post=434651"},{"taxonomy":"post_tag","embeddable":true,"href":"https:\/\/notinor.com\/jujuy\/wp-json\/wp\/v2\/tags?post=434651"}],"curies":[{"name":"wp","href":"https:\/\/api.w.org\/{rel}","templated":true}]}}