{"id":434578,"date":"2025-10-20T12:18:41","date_gmt":"2025-10-20T15:18:41","guid":{"rendered":"https:\/\/notinor.com\/jujuy\/?p=434578"},"modified":"2025-10-20T12:18:43","modified_gmt":"2025-10-20T15:18:43","slug":"carlos-melconian-advierte-que-el-dolar-se-podria-disparar-a-2-000-despues-del-26-de-octubre","status":"publish","type":"post","link":"https:\/\/notinor.com\/jujuy\/carlos-melconian-advierte-que-el-dolar-se-podria-disparar-a-2-000-despues-del-26-de-octubre\/","title":{"rendered":"Carlos Melconian advierte que el d\u00f3lar se podr\u00eda disparar a $2.000 despu\u00e9s del 26 de octubre"},"content":{"rendered":"\n<p class=\"has-medium-font-size\"><strong><em>El economista dio su pron\u00f3stico tras las elecciones. Afirm\u00f3 que el valor oficial de la divisa deber\u00eda ser m\u00e1s alto.<\/em><\/strong><\/p>\n\n\n\n<p class=\"has-text-align-center\"><img decoding=\"async\" loading=\"lazy\" alt=\"Carlos  Melconian.\" src=\"https:\/\/img.lagaceta.com.ar\/fotos\/notas\/2023\/10\/07\/970x646_1009082_202310062335120000001.webp\" width=\"970\" height=\"646\">Carlos Melconian.<\/p>\n\n\n\n<p><strong>Carlos Melconian<\/strong> advirti\u00f3 que los indicadores econ\u00f3micos muestran se\u00f1ales de una posible devaluaci\u00f3n. Seg\u00fan el economista, el valor del d\u00f3lar oficial deber\u00eda ser m\u00e1s elevado y el pa\u00eds atraviesa una etapa de transici\u00f3n que exige cambios en el mercado cambiario.<\/p>\n\n\n\n<p>El extitular del Banco Naci\u00f3n sostuvo que \u201cno es que hay olor a devaluaci\u00f3n, hay n\u00fameros que lo reflejan\u201d. Luego, compar\u00f3 la situaci\u00f3n con una met\u00e1fora m\u00e9dica: \u201cEl doctor (Scott) Bessent te coloc\u00f3 tres stents, y en alg\u00fan momento tenemos que ver c\u00f3mo sigue la pel\u00edcula cuando te saque el andador\u201d.<\/p>\n\n\n\n<p>En di\u00e1logo con TN, explic\u00f3 que, ante la creciente demanda de divisas: \u201cCuando vos ten\u00e9s m\u00e1s demanda que oferta, como es el caso de Argentina, o restring\u00eds, o permit\u00eds tener otro precio\u201d. En ese sentido, asegur\u00f3 que el d\u00f3lar deber\u00eda ubicarse por encima del actual: \u201cEl piso es el techo de la banda\u201d, dijo.<\/p>\n\n\n\n<p>Adem\u00e1s, consider\u00f3 que \u201cno ser\u00eda una tragedia\u201d que el d\u00f3lar se ofreciera a $2000 y subray\u00f3 que, de cara al futuro, el Gobierno deber\u00e1 avanzar hacia un sistema cambiario m\u00e1s flexible. \u201cAhora hay una transici\u00f3n. Para el 2026, ten\u00e9s que tener un mercado cambiario libre\u201d, sostuvo.<\/p>\n\n\n\n<p><strong>Cr\u00edticas al acuerdo con EEUU<\/strong><\/p>\n\n\n\n<p>El economista tambi\u00e9n cuestion\u00f3 el nuevo acuerdo entre la administraci\u00f3n de <strong>Javier Milei y<\/strong> el gobierno de <strong>Donald Trump.<\/strong> \u201cA m\u00ed cuando ten\u00e9s que ir a hacer este papel de pseudo colonialismo me da bronca\u201d, expres\u00f3, y agreg\u00f3 que no le gusta \u201ceste formato de que el secretario del Tesoro americano se hace cargo del Banco Central de la Argentina\u201d.<\/p>\n\n\n\n<p>\u201cTerminamos ah\u00ed porque fracas\u00f3 lo que se hac\u00eda\u201d, se\u00f1al\u00f3 sobre el rumbo econ\u00f3mico y la falta de acumulaci\u00f3n de reservas. \u201cEl fracaso fue no acumular reservas\u201d, enfatiz\u00f3.<\/p>\n\n\n\n<p>Melconian <strong>descart\u00f3 que el objetivo de Milei de alcanzar una inflaci\u00f3n del 0% en 2026 sea posible<\/strong>. \u201cCreo que el Presidente va a tener que postergar la idea de inflaci\u00f3n de un d\u00edgito anual\u201d, dijo. Y concluy\u00f3: \u201cSi en el 2026 acomod\u00f3 lo cambiario, se encamina y la inflaci\u00f3n da 20, te voy a decir que es un \u00e9xito\u201d.<\/p>\n\n\n\n<p>Fuente La Gaceta<\/p>\n","protected":false},"excerpt":{"rendered":"<p>El economista dio su pron\u00f3stico tras las elecciones. Afirm\u00f3 que el valor oficial de la divisa deber\u00eda ser m\u00e1s alto. Carlos Melconian. Carlos Melconian advirti\u00f3 que los indicadores econ\u00f3micos muestran se\u00f1ales de una posible devaluaci\u00f3n. Seg\u00fan el economista, el valor del d\u00f3lar oficial deber\u00eda ser m\u00e1s elevado y el pa\u00eds atraviesa una etapa de transici\u00f3n [&hellip;]<\/p>\n","protected":false},"author":5,"featured_media":434579,"comment_status":"open","ping_status":"open","sticky":false,"template":"","format":"standard","meta":{"_stopmodifiedupdate":false,"_modified_date":"","inline_featured_image":false,"spay_email":"","jetpack_publicize_message":""},"categories":[676],"tags":[],"jetpack_featured_media_url":"https:\/\/notinor.com\/jujuy\/wp-content\/uploads\/2025\/10\/melconian.jpg","jetpack_publicize_connections":[],"_links":{"self":[{"href":"https:\/\/notinor.com\/jujuy\/wp-json\/wp\/v2\/posts\/434578"}],"collection":[{"href":"https:\/\/notinor.com\/jujuy\/wp-json\/wp\/v2\/posts"}],"about":[{"href":"https:\/\/notinor.com\/jujuy\/wp-json\/wp\/v2\/types\/post"}],"author":[{"embeddable":true,"href":"https:\/\/notinor.com\/jujuy\/wp-json\/wp\/v2\/users\/5"}],"replies":[{"embeddable":true,"href":"https:\/\/notinor.com\/jujuy\/wp-json\/wp\/v2\/comments?post=434578"}],"version-history":[{"count":1,"href":"https:\/\/notinor.com\/jujuy\/wp-json\/wp\/v2\/posts\/434578\/revisions"}],"predecessor-version":[{"id":434580,"href":"https:\/\/notinor.com\/jujuy\/wp-json\/wp\/v2\/posts\/434578\/revisions\/434580"}],"wp:featuredmedia":[{"embeddable":true,"href":"https:\/\/notinor.com\/jujuy\/wp-json\/wp\/v2\/media\/434579"}],"wp:attachment":[{"href":"https:\/\/notinor.com\/jujuy\/wp-json\/wp\/v2\/media?parent=434578"}],"wp:term":[{"taxonomy":"category","embeddable":true,"href":"https:\/\/notinor.com\/jujuy\/wp-json\/wp\/v2\/categories?post=434578"},{"taxonomy":"post_tag","embeddable":true,"href":"https:\/\/notinor.com\/jujuy\/wp-json\/wp\/v2\/tags?post=434578"}],"curies":[{"name":"wp","href":"https:\/\/api.w.org\/{rel}","templated":true}]}}