{"id":434425,"date":"2025-10-15T21:40:00","date_gmt":"2025-10-16T00:40:00","guid":{"rendered":"https:\/\/notinor.com\/jujuy\/?p=434425"},"modified":"2025-10-16T09:48:12","modified_gmt":"2025-10-16T12:48:12","slug":"la-municipalidad-invita-a-los-vecinos-a-celebrar-la-xvi-serenata-a-las-madres-en-b-cuyaya","status":"publish","type":"post","link":"https:\/\/notinor.com\/jujuy\/la-municipalidad-invita-a-los-vecinos-a-celebrar-la-xvi-serenata-a-las-madres-en-b-cuyaya\/","title":{"rendered":"La Municipalidad invita a los vecinos a celebrar la XVI \u201cSerenata a las Madres\u201d en B\u00b0 Cuyaya"},"content":{"rendered":"\n<p class=\"has-medium-font-size\"><strong><em>Como es tradicional en el mes de octubre, la Municipalidad de San Salvador de Jujuy brindar\u00e1 la \u201cXVI Serenata a las Madres\u201d el viernes 17, en inmediaciones de la Plaza Constituci\u00f3n del barrio Cuyaya, a partir de las 19 horas. El evento contar\u00e1 con la participaci\u00f3n especial del reconocido grupo Tupac 7, que ofrecer\u00e1 un espect\u00e1culo musical lleno de emoci\u00f3n y canciones dedicadas a todas las mam\u00e1s, junto a otros artistas destacados del medio.<\/em><\/strong><\/p>\n\n\n\n<figure class=\"wp-block-image\"><img decoding=\"async\" src=\"https:\/\/www.sansalvadordejujuy.gob.ar\/wp-content\/uploads\/2025\/10\/serenata-a-madres-prensa-muni--820x1024.jpg\" alt=\"\" class=\"wp-image-95171\"\/><\/figure>\n\n\n\n<p>En este sentido, las agasajadas ser\u00e1n protagonistas de esa tarde noche a trav\u00e9s de la serenata por su d\u00eda, a realizarse en Plaza Constituci\u00f3n, con la actuaci\u00f3n de Tupac 7, Pato Warmi y Camacho. En caso de posibles lluvias, el evento se trasladar\u00e1 al Club Cuyaya.<\/p>\n\n\n\n<p>La jornada ser\u00e1 acompa\u00f1ada por presentaciones de danzas folcl\u00f3ricas, a cargo de agrupaciones locales, que pondr\u00e1n en escena el talento y la tradici\u00f3n juje\u00f1a, adem\u00e1s de regalos y sorteos durante la noche.&nbsp;<\/p>\n\n\n\n<p>Cabe destacar que la nueva edici\u00f3n de la serenata est\u00e1 pensada como un espacio para el encuentro familiar, y el reconocimiento a todas las madres de la ciudad.<\/p>\n\n\n\n<p>Desde el municipio, extiende la invitaci\u00f3n a todos los vecinos y vecinas para disfrutar de una noche especial, con entrada libre y gratuita, pensada para realizar el homenaje a quienes d\u00eda a d\u00eda son el coraz\u00f3n de cada hogar.<\/p>\n\n\n\n<figure class=\"wp-block-image\"><img decoding=\"async\" src=\"https:\/\/www.sansalvadordejujuy.gob.ar\/wp-content\/uploads\/2025\/10\/Serenata-DiaDeLasMadres-PRENSA-MUNI-JUJUY12-1024x633.jpg\" alt=\"\" class=\"wp-image-95180\"\/><\/figure>\n","protected":false},"excerpt":{"rendered":"<p>Como es tradicional en el mes de octubre, la Municipalidad de San Salvador de Jujuy brindar\u00e1 la \u201cXVI Serenata a las Madres\u201d el viernes 17, en inmediaciones de la Plaza Constituci\u00f3n del barrio Cuyaya, a partir de las 19 horas. El evento contar\u00e1 con la participaci\u00f3n especial del reconocido grupo Tupac 7, que ofrecer\u00e1 un [&hellip;]<\/p>\n","protected":false},"author":5,"featured_media":434426,"comment_status":"open","ping_status":"open","sticky":false,"template":"","format":"standard","meta":{"_stopmodifiedupdate":false,"_modified_date":"","inline_featured_image":false,"spay_email":"","jetpack_publicize_message":""},"categories":[13],"tags":[],"jetpack_featured_media_url":"https:\/\/notinor.com\/jujuy\/wp-content\/uploads\/2025\/10\/SERENATA.jpg","jetpack_publicize_connections":[],"_links":{"self":[{"href":"https:\/\/notinor.com\/jujuy\/wp-json\/wp\/v2\/posts\/434425"}],"collection":[{"href":"https:\/\/notinor.com\/jujuy\/wp-json\/wp\/v2\/posts"}],"about":[{"href":"https:\/\/notinor.com\/jujuy\/wp-json\/wp\/v2\/types\/post"}],"author":[{"embeddable":true,"href":"https:\/\/notinor.com\/jujuy\/wp-json\/wp\/v2\/users\/5"}],"replies":[{"embeddable":true,"href":"https:\/\/notinor.com\/jujuy\/wp-json\/wp\/v2\/comments?post=434425"}],"version-history":[{"count":1,"href":"https:\/\/notinor.com\/jujuy\/wp-json\/wp\/v2\/posts\/434425\/revisions"}],"predecessor-version":[{"id":434427,"href":"https:\/\/notinor.com\/jujuy\/wp-json\/wp\/v2\/posts\/434425\/revisions\/434427"}],"wp:featuredmedia":[{"embeddable":true,"href":"https:\/\/notinor.com\/jujuy\/wp-json\/wp\/v2\/media\/434426"}],"wp:attachment":[{"href":"https:\/\/notinor.com\/jujuy\/wp-json\/wp\/v2\/media?parent=434425"}],"wp:term":[{"taxonomy":"category","embeddable":true,"href":"https:\/\/notinor.com\/jujuy\/wp-json\/wp\/v2\/categories?post=434425"},{"taxonomy":"post_tag","embeddable":true,"href":"https:\/\/notinor.com\/jujuy\/wp-json\/wp\/v2\/tags?post=434425"}],"curies":[{"name":"wp","href":"https:\/\/api.w.org\/{rel}","templated":true}]}}