{"id":434417,"date":"2025-10-15T21:01:00","date_gmt":"2025-10-16T00:01:00","guid":{"rendered":"https:\/\/notinor.com\/jujuy\/?p=434417"},"modified":"2025-10-15T09:01:59","modified_gmt":"2025-10-15T09:01:59","slug":"la-legislatura-distinguio-la-1a-jornada-de-robotica-y-programacion-del-colegio-secundario-n-5-de-palpala","status":"publish","type":"post","link":"https:\/\/notinor.com\/jujuy\/la-legislatura-distinguio-la-1a-jornada-de-robotica-y-programacion-del-colegio-secundario-n-5-de-palpala\/","title":{"rendered":"<strong>La Legislatura distingui\u00f3 la 1\u00aa Jornada de Rob\u00f3tica y Programaci\u00f3n del Colegio Secundario N\u00b0 5 de Palpal\u00e1<\/strong>"},"content":{"rendered":"\n<p class=\"has-medium-font-size\"><strong><em>La Legislatura de Jujuy declar\u00f3 de Inter\u00e9s Legislativo la \"Primera Jornada de Rob\u00f3tica y Programaci\u00f3n\", que se realizar\u00e1 el pr\u00f3ximo 24 de octubre en el Colegio Secundario N\u00b0 5 de la ciudad de Palpal\u00e1.<\/em><\/strong><\/p>\n\n\n<div class=\"wp-block-image\">\n<figure class=\"aligncenter size-large\"><img decoding=\"async\" loading=\"lazy\" width=\"720\" height=\"480\" src=\"https:\/\/notinor.com\/jujuy\/wp-content\/uploads\/2025\/10\/ENTREGA1-5-720x480.jpeg\" alt=\"\" class=\"wp-image-434419\" srcset=\"https:\/\/notinor.com\/jujuy\/wp-content\/uploads\/2025\/10\/ENTREGA1-5-720x480.jpeg 720w, https:\/\/notinor.com\/jujuy\/wp-content\/uploads\/2025\/10\/ENTREGA1-5-548x365.jpeg 548w, https:\/\/notinor.com\/jujuy\/wp-content\/uploads\/2025\/10\/ENTREGA1-5-768x512.jpeg 768w, https:\/\/notinor.com\/jujuy\/wp-content\/uploads\/2025\/10\/ENTREGA1-5-1536x1023.jpeg 1536w, https:\/\/notinor.com\/jujuy\/wp-content\/uploads\/2025\/10\/ENTREGA1-5-750x500.jpeg 750w, https:\/\/notinor.com\/jujuy\/wp-content\/uploads\/2025\/10\/ENTREGA1-5-1140x760.jpeg 1140w, https:\/\/notinor.com\/jujuy\/wp-content\/uploads\/2025\/10\/ENTREGA1-5.jpeg 1600w\" sizes=\"(max-width: 720px) 100vw, 720px\" \/><\/figure><\/div>\n\n\n<p>La entrega del documento se llev\u00f3 a cabo en el hall del edificio, en una ceremonia sencilla encabezada por las diputadas <strong>Malena Amerise<\/strong> y<strong> Natalia Guevara<\/strong>, con la presencia del director del establecimiento, profesor<strong> V\u00edctor Rub\u00e9n Ventura<\/strong>, y el equipo docente integrado por <strong>M\u00f3nica Graciela Mart\u00ednez<\/strong>, <strong>V\u00edctor Mart\u00ednez,<\/strong> <strong>Rebeca Maestro<\/strong>, <strong>Marcela Tastaca<\/strong> y <strong>Delia Cruz,<\/strong> entre otros.<\/p>\n\n\n\n<p>La iniciativa, que busca <strong>promover el aprendizaje tecnol\u00f3gico<\/strong> en estudiantes de nivel medio, fue destacada por la diputada <strong>Malena Amerise<\/strong>, quien valor\u00f3 el compromiso del grupo de docentes y el sentido innovador del proyecto educativo, \"para nosotros siempre es un gusto contribuir al reconocimiento de una actividad que va a congregar instituciones de toda la provincia, nacida de una iniciativa docente que busca aplicar la rob\u00f3tica a mejoras en la sociedad. Este reconocimiento no solo visibiliza el trabajo, sino que los compromete a continuar con esta propuesta\", sostuvo.<\/p>\n\n\n\n<p>Adem\u00e1s, Amerise resalt\u00f3 que el Colegio Secundario N\u00b0 5, \"es uno de los primeros establecimientos con modalidad en rob\u00f3tica y programaci\u00f3n en la provincia\", y se\u00f1al\u00f3 que la jornada permitir\u00e1 \"un intercambio enriquecedor entre instituciones desde una mirada interdisciplinaria\". Anticip\u00f3 que acompa\u00f1ar\u00e1 al equipo el pr\u00f3ximo 24 de octubre durante la jornada en Palpal\u00e1.<\/p>\n\n\n\n<p>Por su parte, el director del establecimiento, Prof. <strong>V\u00edctor Rub\u00e9n Ventura<\/strong>, expres\u00f3 su satisfacci\u00f3n por el reconocimiento y destac\u00f3 la trayectoria del colegio en proyectos educativos a lo largo de estos a\u00f1os, \"estamos muy contentos por poder concretar esta actividad que los profesores vienen trabajando desde hace dos a\u00f1os, sumada a muchos logros que tuvo la escuela. Hace poco una profesora y una alumna regresaron de Estados Unidos por un proyecto, tenemos otras iniciativas premiadas a nivel provincial y seguimos apostando a la rob\u00f3tica y la programaci\u00f3n. Ser\u00e1 la primera jornada que realizaremos en el colegio, con escuelas invitadas de toda la provincia\", explic\u00f3.<\/p>\n\n\n\n<p>En esa misma l\u00ednea, Ventura agradeci\u00f3 el reconocimiento del Poder Legislativo y remarc\u00f3 el valor pedag\u00f3gico del trabajo conjunto de todas las disciplinas de la escuela, \"este reconocimiento es un mimo que nos da m\u00e1s ganas de seguir. Trabajamos de manera interdisciplinaria, integrando distintas materias en torno a un mismo proyecto. Queremos que cada a\u00f1o se sumen m\u00e1s escuelas, no solo de Palpal\u00e1 sino tambi\u00e9n de otras localidades de Jujuy\", agreg\u00f3.<\/p>\n\n\n\n<p>En tanto, la profesora<strong> M\u00f3nica Graciela Mart\u00ednez<\/strong>, docente de laboratorio de rob\u00f3tica y una de las impulsoras de la jornada, remarc\u00f3 la importancia del reconocimiento legislativo, \"estamos felices porque que nuestros proyectos sean declarados de inter\u00e9s educativo y provincial es muy importante. Llevamos tres a\u00f1os trabajando en esto, y el 24 de octubre los chicos mostrar\u00e1n todo lo aprendido. Ellos son los verdaderos protagonistas: construyen, analizan, piensan y hacen. Nosotros los acompa\u00f1amos como gu\u00edas\", afirm\u00f3.<\/p>\n\n\n\n<p>La docente anticip\u00f3 que durante la jornada habr\u00e1 muestras de robots creados por estudiantes, exposiciones de proyectos interdisciplinarios y disertaciones de especialistas, entre ellas la participaci\u00f3n de un representante de la Secretar\u00eda de Ni\u00f1ez y Adolescencia, quien abordar\u00e1 el tema de la inteligencia artificial.<\/p>\n\n\n\n<p>\"La rob\u00f3tica no solo implica tecnolog\u00eda, sino tambi\u00e9n matem\u00e1tica, historia y muchas otras materias que se integran para un aprendizaje concreto. Queremos mostrar que la tecnolog\u00eda no nos supera, sino que es una herramienta que podemos usar de manera inteligente y responsable\", refiri\u00f3.<\/p>\n\n\n\n<p>Por \u00faltimo, Mart\u00ednez agradeci\u00f3 especialmente el acompa\u00f1amiento de la diputada Amerise y del director de la escuela, Prof. V\u00edctor Ventura, \"por impulsar y respaldar permanentemente los proyectos que distinguen al Colegio Secundario N\u00b0 5 de Palpal\u00e1\", concluy\u00f3.<\/p>\n","protected":false},"excerpt":{"rendered":"<p>La Legislatura de Jujuy declar\u00f3 de Inter\u00e9s Legislativo la \"Primera Jornada de Rob\u00f3tica y Programaci\u00f3n\", que se realizar\u00e1 el pr\u00f3ximo 24 de octubre en el Colegio Secundario N\u00b0 5 de la ciudad de Palpal\u00e1. La entrega del documento se llev\u00f3 a cabo en el hall del edificio, en una ceremonia sencilla encabezada por las diputadas [&hellip;]<\/p>\n","protected":false},"author":5,"featured_media":434418,"comment_status":"open","ping_status":"open","sticky":false,"template":"","format":"standard","meta":{"_stopmodifiedupdate":false,"_modified_date":"","inline_featured_image":false,"spay_email":"","jetpack_publicize_message":""},"categories":[13],"tags":[],"jetpack_featured_media_url":"https:\/\/notinor.com\/jujuy\/wp-content\/uploads\/2025\/10\/ENTREGA-1.jpeg","jetpack_publicize_connections":[],"_links":{"self":[{"href":"https:\/\/notinor.com\/jujuy\/wp-json\/wp\/v2\/posts\/434417"}],"collection":[{"href":"https:\/\/notinor.com\/jujuy\/wp-json\/wp\/v2\/posts"}],"about":[{"href":"https:\/\/notinor.com\/jujuy\/wp-json\/wp\/v2\/types\/post"}],"author":[{"embeddable":true,"href":"https:\/\/notinor.com\/jujuy\/wp-json\/wp\/v2\/users\/5"}],"replies":[{"embeddable":true,"href":"https:\/\/notinor.com\/jujuy\/wp-json\/wp\/v2\/comments?post=434417"}],"version-history":[{"count":1,"href":"https:\/\/notinor.com\/jujuy\/wp-json\/wp\/v2\/posts\/434417\/revisions"}],"predecessor-version":[{"id":434420,"href":"https:\/\/notinor.com\/jujuy\/wp-json\/wp\/v2\/posts\/434417\/revisions\/434420"}],"wp:featuredmedia":[{"embeddable":true,"href":"https:\/\/notinor.com\/jujuy\/wp-json\/wp\/v2\/media\/434418"}],"wp:attachment":[{"href":"https:\/\/notinor.com\/jujuy\/wp-json\/wp\/v2\/media?parent=434417"}],"wp:term":[{"taxonomy":"category","embeddable":true,"href":"https:\/\/notinor.com\/jujuy\/wp-json\/wp\/v2\/categories?post=434417"},{"taxonomy":"post_tag","embeddable":true,"href":"https:\/\/notinor.com\/jujuy\/wp-json\/wp\/v2\/tags?post=434417"}],"curies":[{"name":"wp","href":"https:\/\/api.w.org\/{rel}","templated":true}]}}