{"id":434405,"date":"2025-10-15T21:25:46","date_gmt":"2025-10-16T00:25:46","guid":{"rendered":"https:\/\/notinor.com\/jujuy\/?p=434405"},"modified":"2025-10-15T21:25:47","modified_gmt":"2025-10-16T00:25:47","slug":"milei-no-es-cierto-que-la-ayuda-de-eeuu-dependa-de-la-eleccion-mientras-yo-sea-presidente-el-apoyo-lo-tenemos","status":"publish","type":"post","link":"https:\/\/notinor.com\/jujuy\/milei-no-es-cierto-que-la-ayuda-de-eeuu-dependa-de-la-eleccion-mientras-yo-sea-presidente-el-apoyo-lo-tenemos\/","title":{"rendered":"Milei: \u201cNo es cierto que la ayuda de EEUU dependa de la elecci\u00f3n; mientras yo sea presidente, el apoyo lo tenemos\u201d"},"content":{"rendered":"\n<p class=\"has-medium-font-size\"><strong><em>El jefe de Estado habl\u00f3 tras la reuni\u00f3n con Trump y ratific\u00f3 que todos los anuncios financieros hechos por el Tesoro norteamericano se mantendr\u00e1n m\u00e1s all\u00e1 de lo que ocurra el 26 de octubre. \u201cEl status quo quiere que a la Argentina le vaya mal\u201d, afirm\u00f3.<\/em><\/strong><\/p>\n\n\n\n<p><\/p>\n\n\n<div class=\"wp-block-image\">\n<figure class=\"aligncenter size-full\"><img decoding=\"async\" loading=\"lazy\" width=\"800\" height=\"450\" src=\"https:\/\/notinor.com\/jujuy\/wp-content\/uploads\/2025\/10\/javier-milei.jpg\" alt=\"\" class=\"wp-image-434406\" srcset=\"https:\/\/notinor.com\/jujuy\/wp-content\/uploads\/2025\/10\/javier-milei.jpg 800w, https:\/\/notinor.com\/jujuy\/wp-content\/uploads\/2025\/10\/javier-milei-649x365.jpg 649w, https:\/\/notinor.com\/jujuy\/wp-content\/uploads\/2025\/10\/javier-milei-500x280.jpg 500w, https:\/\/notinor.com\/jujuy\/wp-content\/uploads\/2025\/10\/javier-milei-768x432.jpg 768w, https:\/\/notinor.com\/jujuy\/wp-content\/uploads\/2025\/10\/javier-milei-750x422.jpg 750w\" sizes=\"(max-width: 800px) 100vw, 800px\" \/><\/figure><\/div>\n\n\n<p><\/p>\n\n\n\n<p>Javier Milei habl\u00f3 por primera vez luego de regresar de Estados Unidos, en donde se reuni\u00f3 con Donald Trump en la Casa Blanca. El Presidente se refiri\u00f3 a la pol\u00e9mica en torno a los dichos de su par norteamericano, que condicion\u00f3 el apoyo financiero a una victoria en las elecciones, pero luego el Gobierno se encarg\u00f3 de aclarar que no se refer\u00eda al pr\u00f3ximo 26 de octubre.<strong> \u201cEso fue una mala interpretaci\u00f3n\u201d, dijo el presidente afirmando que mientras est\u00e9 \u00e9l \u201co alguien que defienda las ideas de la libertad\u201d en la Casa Rosada, el respaldo norteamericano estar\u00e1.<\/strong><\/p>\n\n\n\n<p><strong>\u201cSe hizo una interpretaci\u00f3n maliciosa que no me sorprende del periodismo argentino. Trump lo aclar\u00f3, manifiesta un total apoyo a m\u00ed, no hay dudas de que mientras yo sea presidente ese apoyo va a estar. Malinterpretaron con mucha malicia, el statu quo quiere que a la argentina le vaya mal\u201d,<\/strong> afirm\u00f3 el jefe de Estado en di\u00e1logo con Eduardo Feinmann por A24.<\/p>\n\n\n\n<p>Y sentenci\u00f3: <strong>\u201cSi \u00e9l dice que me da un total apoyo, mi gesti\u00f3n es hasta el 27. El apoyo de Trump es expl\u00edcito. Sea en 2027 o 2031 y viene otra expresi\u00f3n pero decide caminar por las ideas de la libertad, va a continuar el apoyo. No pretenda que apoye comunistas\u2033.<\/strong><\/p>\n\n\n\n<p>Consultado sobre la posterior publicaci\u00f3n en redes sociales de Trump, donde habla de elecciones legislativas, Milei explic\u00f3: <strong>\u201cEso es un plus adicional, dici\u00e9ndoles a los argentinos \u2018vayan por este lado\u2019. Leamos el tuit de arriba hacia abajo. Total apoyo a Javier Milei \u00bfhasta cu\u00e1ndo estoy yo? Hasta el 27. Entonces el apoyo es hasta ah\u00ed. Si fuera a ser reelecto, eso va a seguir. Quiere impulsar a los argentinos a que sigan con las ideas de la libertad\".<\/strong><\/p>\n\n\n\n<p>Luego, en esa misma l\u00ednea, lanz\u00f3 una cr\u00edtica a Kicillof: <strong>\u201cSi el que viene atr\u00e1s sigue defendiendo las ideas de la libertad, lo va a seguir apoyando. Si viene un comunista, no. Se refiere a Kicillof.<\/strong> El socialismo del siglo XXI termina convirti\u00e9ndose en Venezuela. Cristina Kirchner le dio la Orden del General San Mart\u00edn al terrorista de Maduro y firm\u00f3 12 acuerdos bilaterales. Est\u00e1 claro donde pueden ir. Firmaron el pacto con Ir\u00e1n\u201d.<\/p>\n\n\n\n<p class=\"has-medium-font-size\"><strong>Por qu\u00e9 EEUU apoya a Argentina y qu\u00e9 pide a cambio<\/strong><\/p>\n\n\n\n<p><strong>M\u00e1s adelante, Milei descart\u00f3 que Donald Trump pida alg\u00fan beneficio relacionado con la soberan\u00eda del pa\u00eds a cambio del apoyo financiero, y explic\u00f3 que se trata de una visi\u00f3n estrat\u00e9gica de la pol\u00edtica internacional por parte del presidente norteamericano.<\/strong><\/p>\n\n\n\n<p><strong>\u201cEEUU ten\u00eda una pol\u00edtica hacia esta regi\u00f3n que descuidaba a sus aliados y trataba de seducir a los que eran adversarios. <\/strong>Con la llegada de Marco Rubio, que entiende perfectamente la batalla cultural, conoce el caso de Cuba, decidieron cambiar el enfoque, y hoy premian a los aliados\u201d, explic\u00f3 Milei.<\/p>\n\n\n\n<p>\u201cHay una pol\u00edtica internacional clara de Trump con c\u00f3mo ve el ordenamiento del mundo, est\u00e1 dispuesto a liderar la regi\u00f3n y considera a la Argentina aliado. Lo ha manifestado en palabras y hechos\u201d, a\u00f1adi\u00f3.<\/p>\n\n\n\n<p>Respecto de la ayuda anunciada por Estados Unidos, que hoy trascendi\u00f3 que podr\u00eda llegar a 40 mil millones de d\u00f3lares, el Presidente sostuvo que \u201cno es un rescate\u201d y compar\u00f3 las cuentas del Banco Central actual con las del kirchnerismo: <strong>\u201cEntiendo que es muy dif\u00edcil la posici\u00f3n de los economistas locales que erraron todos, son muy deshonestos intelectualmente. Cuando el kirchnerismo hac\u00eda d\u00e9ficit fiscal lo financiaba con emisi\u00f3n y le dejaba papelitos al BCRA. El principal acreedor del Tesoro es el BCRA. Los kirchneristas le robaban los d\u00f3lares\u201d.<\/strong><\/p>\n\n\n\n<p>Y a\u00f1adi\u00f3: \u201cEn el programa con EEUU, el Tesoro toma deuda y cancela el pasivo con el BCRA. Es decirle a los argentinos \u2018no te voy a estafar m\u00e1s con la inflaci\u00f3n\u2019\u201d.<\/p>\n\n\n\n<p class=\"has-medium-font-size\"><strong>Milei ratific\u00f3 el rumbo econ\u00f3mico<\/strong><\/p>\n\n\n\n<p>El presidente retom\u00f3 la defensa del programa econ\u00f3mico que dise\u00f1\u00f3 para desarrollar su gobierno. Insisti\u00f3 en que \u201cno somos Suiza\u201d, advirti\u00f3 que las cosas no se cambian de un d\u00eda para otro, pero enfatiz\u00f3 que \u201cla direcci\u00f3n es la correcta\u201d.<\/p>\n\n\n\n<p>Adem\u00e1s, Milei consider\u00f3 que todo el ruido en materia econ\u00f3mica y en el mercado cambiario quedar\u00e1 despejado despu\u00e9s del 26 de octubre. <strong>\u201cTodo el mundo est\u00e1 de acuerdo en las reformas estructurales que hay que hacer\u201d, <\/strong>confi\u00f3. En ese punto dijo una vez m\u00e1s que el sistema de bandas cambiarias se mantendr\u00e1 y descart\u00f3 de plano una correcci\u00f3n en el precio del d\u00f3lar.<\/p>\n\n\n\n<p>M\u00e1s adelante, el jefe de Estado dijo que la mejora en el poder adquisitivo de la ciudadan\u00eda promedio se lograr\u00e1 con la llegada de inversiones, y que eso \u201cya est\u00e1 ocurriendo\u201d. <strong>All\u00ed destac\u00f3 el anuncio de una inversi\u00f3n de USD25.000 millones por parte de Sam Altman y el reciente acuerdo con puertos como se\u00f1ales de confianza internacional en la econom\u00eda argentina.<\/strong><\/p>\n\n\n\n<p>El presidente subray\u00f3 que estos movimientos reflejan el atractivo que genera el pa\u00eds cuando adopta pol\u00edticas orientadas a la libertad econ\u00f3mica y la apertura a la innovaci\u00f3n, especialmente en el contexto de la inteligencia artificial. Milei sostuvo que, si Argentina profundiza en este camino, podr\u00eda alcanzar en una d\u00e9cada niveles de vida comparables a los de Espa\u00f1a y, en un horizonte de cuarenta a\u00f1os, convertirse en la naci\u00f3n m\u00e1s pr\u00f3spera del mundo.<\/p>\n\n\n\n<p>El mandatario enfatiz\u00f3 que no se trata de una transformaci\u00f3n instant\u00e1nea, sino de un proceso que requiere esfuerzo sostenido y reformas estructurales profundas. <strong>\u201cA m\u00ed me ser\u00eda m\u00e1s f\u00e1cil mentirle a la gente, prefiero decir una verdad inc\u00f3moda a una mentira confortable\u201c,<\/strong> insisti\u00f3.<\/p>\n\n\n\n<p class=\"has-medium-font-size\"><strong>Elecciones y la renuncia de Espert<\/strong><\/p>\n\n\n\n<p><strong>Milei tambi\u00e9n fue consultado por la renuncia de Jos\u00e9 Luis Espert y su impacto en la recta final de la campa\u00f1a electoral. All\u00ed descart\u00f3 cualquier v\u00ednculo con el narcotr\u00e1fico y atribuy\u00f3 esas versiones a campa\u00f1as sucias que desv\u00edan la atenci\u00f3n de los debates relevantes.<\/strong> Rest\u00f3 importancia al da\u00f1o causado y afirm\u00f3 que su prioridad es mirar hacia adelante.<\/p>\n\n\n\n<p>Pasadas las elecciones legislativas, para el presidente se podr\u00e1 avanzar en un periodo de mayores consensos \u201ccon todos los que quieran ir para el lado de las ideas de la libertad\u201d.<\/p>\n\n\n\n<p><strong>\u201cCon los que usted no puede negociar es con los delincuentes, que son los kirchneristas. Con todos los demas, puede tener diferencias, pero hay consensos. Claramente puedo negociar con Provincias Unidas\u201d, <\/strong>dijo el presidente.<\/p>\n\n\n\n<p class=\"has-medium-font-size\"><strong>Acuerdos comerciales con EEUU<\/strong><\/p>\n\n\n\n<p>Sin profundizar en detalles, Milei adelant\u00f3 que habr\u00e1 anuncios en el corto plazo de entendimientos comerciales con el gobierno de Trump.<strong> \u201cSon acuerdos sobre posiciones comerciales, no es tratado de libre comercio, es preliminar. Usted tiene etapas, usted empieza a correr hoy, ma\u00f1ana no puede ir a disputarle a Usain Bolt\u201d, <\/strong>indic\u00f3.<\/p>\n\n\n\n<p>Respecto a la pol\u00edtica internacional, Milei neg\u00f3 que existan presiones externas para cortar la relaci\u00f3n con China y calific\u00f3 de malintencionadas las versiones que sugieren lo contrario. Explic\u00f3 que funcionarios como Caputo y Bausilli mantienen reuniones con representantes chinos en el marco del Banco Mundial, y critic\u00f3 el uso de discursos nacionalistas, argumentando que esas posturas han contribuido al estancamiento y subdesarrollo del pa\u00eds. <strong>En su visi\u00f3n, la geopol\u00edtica global se encamina hacia la formaci\u00f3n de bloques alineados con Estados Unidos, China o Rusia, y remarc\u00f3 que Argentina es considerada el principal aliado de Estados Unidos en la regi\u00f3n.<\/strong><\/p>\n\n\n\n<p>Milei insisti\u00f3 en que el control estricto de la cantidad de dinero es el principal factor detr\u00e1s de la baja inflaci\u00f3n, rechazando la noci\u00f3n de que la desaceleraci\u00f3n inflacionaria se deba a una econom\u00eda paralizada. \u201cEs una burrada de los economistas decir que la inflaci\u00f3n baj\u00f3 porque est\u00e1 parada la econom\u00eda. Alfons\u00edn ten\u00eda la econom\u00eda destrozada e h\u00edperinflaci\u00f3n\u201d, afirm\u00f3.<\/p>\n\n\n\n<p><strong>\u201cYo no dije que estamos viviendo en Suiza. Punto dos, si segu\u00edamos con el modelo castrochavista este momento ser\u00eda peor. Pero sacamos a 12 millones de personas de la pobreza. Estamos a mitad de camino\u201d,<\/strong> expres\u00f3.<\/p>\n","protected":false},"excerpt":{"rendered":"<p>El jefe de Estado habl\u00f3 tras la reuni\u00f3n con Trump y ratific\u00f3 que todos los anuncios financieros hechos por el Tesoro norteamericano se mantendr\u00e1n m\u00e1s all\u00e1 de lo que ocurra el 26 de octubre. \u201cEl status quo quiere que a la Argentina le vaya mal\u201d, afirm\u00f3. Javier Milei habl\u00f3 por primera vez luego de regresar [&hellip;]<\/p>\n","protected":false},"author":49,"featured_media":434406,"comment_status":"open","ping_status":"open","sticky":false,"template":"","format":"standard","meta":{"_stopmodifiedupdate":false,"_modified_date":"","inline_featured_image":false,"spay_email":"","jetpack_publicize_message":""},"categories":[2,501],"tags":[],"jetpack_featured_media_url":"https:\/\/notinor.com\/jujuy\/wp-content\/uploads\/2025\/10\/javier-milei.jpg","jetpack_publicize_connections":[],"_links":{"self":[{"href":"https:\/\/notinor.com\/jujuy\/wp-json\/wp\/v2\/posts\/434405"}],"collection":[{"href":"https:\/\/notinor.com\/jujuy\/wp-json\/wp\/v2\/posts"}],"about":[{"href":"https:\/\/notinor.com\/jujuy\/wp-json\/wp\/v2\/types\/post"}],"author":[{"embeddable":true,"href":"https:\/\/notinor.com\/jujuy\/wp-json\/wp\/v2\/users\/49"}],"replies":[{"embeddable":true,"href":"https:\/\/notinor.com\/jujuy\/wp-json\/wp\/v2\/comments?post=434405"}],"version-history":[{"count":1,"href":"https:\/\/notinor.com\/jujuy\/wp-json\/wp\/v2\/posts\/434405\/revisions"}],"predecessor-version":[{"id":434407,"href":"https:\/\/notinor.com\/jujuy\/wp-json\/wp\/v2\/posts\/434405\/revisions\/434407"}],"wp:featuredmedia":[{"embeddable":true,"href":"https:\/\/notinor.com\/jujuy\/wp-json\/wp\/v2\/media\/434406"}],"wp:attachment":[{"href":"https:\/\/notinor.com\/jujuy\/wp-json\/wp\/v2\/media?parent=434405"}],"wp:term":[{"taxonomy":"category","embeddable":true,"href":"https:\/\/notinor.com\/jujuy\/wp-json\/wp\/v2\/categories?post=434405"},{"taxonomy":"post_tag","embeddable":true,"href":"https:\/\/notinor.com\/jujuy\/wp-json\/wp\/v2\/tags?post=434405"}],"curies":[{"name":"wp","href":"https:\/\/api.w.org\/{rel}","templated":true}]}}