{"id":434363,"date":"2025-10-14T21:21:00","date_gmt":"2025-10-15T00:21:00","guid":{"rendered":"https:\/\/notinor.com\/jujuy\/?p=434363"},"modified":"2025-10-14T09:21:25","modified_gmt":"2025-10-14T09:21:25","slug":"la-legislatura-hizo-entrega-de-piezas-historicas-del-coronel-alvarez-prado-al-museo-soto-avendano","status":"publish","type":"post","link":"https:\/\/notinor.com\/jujuy\/la-legislatura-hizo-entrega-de-piezas-historicas-del-coronel-alvarez-prado-al-museo-soto-avendano\/","title":{"rendered":"<strong>La Legislatura hizo entrega de piezas hist\u00f3ricas del Coronel \u00c1lvarez Prado al Museo Soto Avenda\u00f1o<\/strong>"},"content":{"rendered":"\n<p class=\"has-medium-font-size\"><strong><em>El vicegobernador de la Provincia, Alberto Bernis, encabez\u00f3 la ceremonia de entrega del sable y la gorra militar de pa\u00f1o azul pertenecientes al Coronel Manuel \u00c1lvarez Prado al Museo Ernesto Soto Avenda\u00f1o de la ciudad de Tilcara.<\/em><\/strong><\/p>\n\n\n<div class=\"wp-block-image\">\n<figure class=\"aligncenter size-large\"><img decoding=\"async\" loading=\"lazy\" width=\"720\" height=\"480\" src=\"https:\/\/notinor.com\/jujuy\/wp-content\/uploads\/2025\/10\/ENTREGA1-720x480.jpeg\" alt=\"\" class=\"wp-image-434365\" srcset=\"https:\/\/notinor.com\/jujuy\/wp-content\/uploads\/2025\/10\/ENTREGA1-720x480.jpeg 720w, https:\/\/notinor.com\/jujuy\/wp-content\/uploads\/2025\/10\/ENTREGA1-548x365.jpeg 548w, https:\/\/notinor.com\/jujuy\/wp-content\/uploads\/2025\/10\/ENTREGA1-768x512.jpeg 768w, https:\/\/notinor.com\/jujuy\/wp-content\/uploads\/2025\/10\/ENTREGA1-1536x1023.jpeg 1536w, https:\/\/notinor.com\/jujuy\/wp-content\/uploads\/2025\/10\/ENTREGA1-750x500.jpeg 750w, https:\/\/notinor.com\/jujuy\/wp-content\/uploads\/2025\/10\/ENTREGA1-1140x760.jpeg 1140w, https:\/\/notinor.com\/jujuy\/wp-content\/uploads\/2025\/10\/ENTREGA1.jpeg 1600w\" sizes=\"(max-width: 720px) 100vw, 720px\" \/><\/figure><\/div>\n\n\n<p>El acto se llev\u00f3 a cabo en las instalaciones del museo provincial y cont\u00f3 con la presencia de la intendente <strong>Sonia P\u00e9re<\/strong>z, el diputado provincial <strong>Santiago Jubert<\/strong>, el secretario de Cultura de la Provincia Jos\u00e9 B\u00e1rcena, el director de Patrimonio <strong>Sebasti\u00e1n Pasin<\/strong>, la encargada del museo<strong> Dina Cha\u00f1i<\/strong>, el periodista e investigador <strong>Jorge Calvetti<\/strong>, el diputado (MC) <strong>Humberto D\u00edaz<\/strong>, y representantes del Centro Gaucho Coronel \u00c1lvarez Prado de la comuna, junto a autoridades provinciales, municipales y vecinos de la regi\u00f3n.<\/p>\n\n\n<div class=\"wp-block-image\">\n<figure class=\"aligncenter size-large\"><img decoding=\"async\" loading=\"lazy\" width=\"720\" height=\"480\" src=\"https:\/\/notinor.com\/jujuy\/wp-content\/uploads\/2025\/10\/ENTREGA1-1-720x480.jpeg\" alt=\"\" class=\"wp-image-434366\" srcset=\"https:\/\/notinor.com\/jujuy\/wp-content\/uploads\/2025\/10\/ENTREGA1-1-720x480.jpeg 720w, https:\/\/notinor.com\/jujuy\/wp-content\/uploads\/2025\/10\/ENTREGA1-1-548x365.jpeg 548w, https:\/\/notinor.com\/jujuy\/wp-content\/uploads\/2025\/10\/ENTREGA1-1-768x512.jpeg 768w, https:\/\/notinor.com\/jujuy\/wp-content\/uploads\/2025\/10\/ENTREGA1-1-1536x1023.jpeg 1536w, https:\/\/notinor.com\/jujuy\/wp-content\/uploads\/2025\/10\/ENTREGA1-1-750x500.jpeg 750w, https:\/\/notinor.com\/jujuy\/wp-content\/uploads\/2025\/10\/ENTREGA1-1-1140x760.jpeg 1140w, https:\/\/notinor.com\/jujuy\/wp-content\/uploads\/2025\/10\/ENTREGA1-1.jpeg 1600w\" sizes=\"(max-width: 720px) 100vw, 720px\" \/><\/figure><\/div>\n\n\n<p>La entrega de estas piezas hist\u00f3ricas -el sable y la gorra militar de pa\u00f1o azul- fue considerada <strong>un hecho de gran trascendencia hist\u00f3rica y cultural<\/strong>, dado que pertenecieron al h\u00e9roe juje\u00f1o <strong>Coronel Manuel \u00c1lvarez Prado<\/strong>, destacado protagonista de las gestas por la independencia nacional.<\/p>\n\n\n<div class=\"wp-block-image\">\n<figure class=\"aligncenter size-large\"><img decoding=\"async\" loading=\"lazy\" width=\"720\" height=\"480\" src=\"https:\/\/notinor.com\/jujuy\/wp-content\/uploads\/2025\/10\/ENTREGA1-2-720x480.jpeg\" alt=\"\" class=\"wp-image-434367\" srcset=\"https:\/\/notinor.com\/jujuy\/wp-content\/uploads\/2025\/10\/ENTREGA1-2-720x480.jpeg 720w, https:\/\/notinor.com\/jujuy\/wp-content\/uploads\/2025\/10\/ENTREGA1-2-548x365.jpeg 548w, https:\/\/notinor.com\/jujuy\/wp-content\/uploads\/2025\/10\/ENTREGA1-2-768x512.jpeg 768w, https:\/\/notinor.com\/jujuy\/wp-content\/uploads\/2025\/10\/ENTREGA1-2-1536x1023.jpeg 1536w, https:\/\/notinor.com\/jujuy\/wp-content\/uploads\/2025\/10\/ENTREGA1-2-750x500.jpeg 750w, https:\/\/notinor.com\/jujuy\/wp-content\/uploads\/2025\/10\/ENTREGA1-2-1140x760.jpeg 1140w, https:\/\/notinor.com\/jujuy\/wp-content\/uploads\/2025\/10\/ENTREGA1-2.jpeg 1600w\" sizes=\"(max-width: 720px) 100vw, 720px\" \/><\/figure><\/div>\n\n\n<p>Los elementos, donados por la familia del pr\u00f3cer, permanec\u00edan en resguardo en la Legislatura de Jujuy y desde ahora pasar\u00e1n a integrar el patrimonio del Museo Soto Avenda\u00f1o, donde ser\u00e1n preservados y exhibidos para su puesta en valor y difusi\u00f3n p\u00fablica.<\/p>\n\n\n<div class=\"wp-block-image\">\n<figure class=\"aligncenter size-large\"><img decoding=\"async\" loading=\"lazy\" width=\"720\" height=\"480\" src=\"https:\/\/notinor.com\/jujuy\/wp-content\/uploads\/2025\/10\/ENTREGA1-3-720x480.jpeg\" alt=\"\" class=\"wp-image-434368\" srcset=\"https:\/\/notinor.com\/jujuy\/wp-content\/uploads\/2025\/10\/ENTREGA1-3-720x480.jpeg 720w, https:\/\/notinor.com\/jujuy\/wp-content\/uploads\/2025\/10\/ENTREGA1-3-548x365.jpeg 548w, https:\/\/notinor.com\/jujuy\/wp-content\/uploads\/2025\/10\/ENTREGA1-3-768x512.jpeg 768w, https:\/\/notinor.com\/jujuy\/wp-content\/uploads\/2025\/10\/ENTREGA1-3-1536x1023.jpeg 1536w, https:\/\/notinor.com\/jujuy\/wp-content\/uploads\/2025\/10\/ENTREGA1-3-750x500.jpeg 750w, https:\/\/notinor.com\/jujuy\/wp-content\/uploads\/2025\/10\/ENTREGA1-3-1140x760.jpeg 1140w, https:\/\/notinor.com\/jujuy\/wp-content\/uploads\/2025\/10\/ENTREGA1-3.jpeg 1600w\" sizes=\"(max-width: 720px) 100vw, 720px\" \/><\/figure><\/div>\n\n\n<p>En el marco del mismo acto, entreg\u00f3 de la Resoluci\u00f3n N\u00b0 10-L.J. de la Legislatura de Jujuy, que formaliza la entrega de los objetos hist\u00f3ricos al museo provincial.<\/p>\n\n\n\n<p>En ese contexto, el vicegobernador Bernis expres\u00f3 su satisfacci\u00f3n y orgullo en encabezar la ceremonia cargada de historia, \"ha sido un acto muy importante y emocionante, porque revalorizamos la actuaci\u00f3n de muchos h\u00e9roes juje\u00f1os que no tienen el reconocimiento nacional que merecen. Los juje\u00f1os siempre bregamos para que todos conozcan la verdadera historia de nuestra lucha por la independencia\", sostuvo.<\/p>\n\n\n<div class=\"wp-block-image\">\n<figure class=\"aligncenter size-large\"><img decoding=\"async\" loading=\"lazy\" width=\"720\" height=\"480\" src=\"https:\/\/notinor.com\/jujuy\/wp-content\/uploads\/2025\/10\/ENTREGA1-4-720x480.jpeg\" alt=\"\" class=\"wp-image-434369\" srcset=\"https:\/\/notinor.com\/jujuy\/wp-content\/uploads\/2025\/10\/ENTREGA1-4-720x480.jpeg 720w, https:\/\/notinor.com\/jujuy\/wp-content\/uploads\/2025\/10\/ENTREGA1-4-548x365.jpeg 548w, https:\/\/notinor.com\/jujuy\/wp-content\/uploads\/2025\/10\/ENTREGA1-4-768x512.jpeg 768w, https:\/\/notinor.com\/jujuy\/wp-content\/uploads\/2025\/10\/ENTREGA1-4-1536x1023.jpeg 1536w, https:\/\/notinor.com\/jujuy\/wp-content\/uploads\/2025\/10\/ENTREGA1-4-750x500.jpeg 750w, https:\/\/notinor.com\/jujuy\/wp-content\/uploads\/2025\/10\/ENTREGA1-4-1140x760.jpeg 1140w, https:\/\/notinor.com\/jujuy\/wp-content\/uploads\/2025\/10\/ENTREGA1-4.jpeg 1600w\" sizes=\"(max-width: 720px) 100vw, 720px\" \/><\/figure><\/div>\n\n\n<p>\"El coronel \u00c1lvarez Prado, desde 1810, tras la declaraci\u00f3n del 25 de Mayo, sigui\u00f3 combatiendo en defensa de nuestro suelo, de nuestra Quebrada y de nuestra Rep\u00fablica Argentina. Fue \u00e9l quien, a trav\u00e9s de diversas escaramuzas y batallas, desarm\u00f3 al ej\u00e9rcito espa\u00f1ol, permitiendo que <strong>el pueblo juje\u00f1o librara la hist\u00f3rica Batalla de Le\u00f3n<\/strong>, el 27 de abril, D\u00eda Grande de Jujuy, una gesta \u00e9pica y fundamental para la libertad y la Independencia Argentina\", rese\u00f1\u00f3 el vicegobernador.<\/p>\n\n\n\n<p>Asimismo, Bernis valor\u00f3 la presencia de las autoridades y del pueblo tilcare\u00f1o, destacando el compromiso de la comunidad con la memoria y el patrimonio hist\u00f3rico provincial.<\/p>\n\n\n\n<p>Por su parte, la intendenta de la localidad, Sonia P\u00e9rez expres\u00f3 que es un gran d\u00eda para los tilcare\u00f1os, \"porque regresan a nuestro suelo s\u00edmbolos de nuestra historia: la espada y el gorro militar del coronel \u00c1lvarez Prado, que estar\u00e1n exhibidos en el Museo Soto Avenda\u00f1o. Para Tilcara, esto representa un registro hist\u00f3rico de la lucha por la independencia y un valioso recurso educativo para las nuevas generaciones, que podr\u00e1n conocer y valorar que la patria naci\u00f3 en el Norte argentino, especialmente en Tilcara\".<\/p>\n\n\n\n<p>En tanto el periodista e investigador Jorge Calvetti destac\u00f3 la relevancia de la entrega y puso en relieve que, \"el coronel \u00c1lvarez Prado fue parte del escudo de la patria, porque aqu\u00ed se libraron m\u00e1s combates que en otras regiones del pa\u00eds. Es fundamental reconocer el rol de los gauchos quebrade\u00f1os, verdaderos custodios de nuestra independencia. En Humahuaca se cre\u00f3 el primer destacamento de caballer\u00eda gaucha, impulsado por Belgrano y Balcarce con 160 j\u00f3venes de la Quebrada, entre ellos seguro que estuvo \u00c1lvarez Prado, Arias, Gim\u00e9nez y Peloc. Ellos fueron quienes frenaron el avance espa\u00f1ol en su intento de reconquista\", refiri\u00f3.<\/p>\n\n\n\n<p>Por \u00faltimo, la encargada del museo Ernesto Soto Avenda\u00f1o, Dina Cha\u00f1i, expres\u00f3 su emoci\u00f3n por el ingreso de las piezas a la instituci\u00f3n, \"es una emoci\u00f3n muy grande volver a contar con los atributos del coronel. Ya tenemos un sable, y ahora sumamos otro junto con la gorra militar. Estas piezas pasar\u00e1n a formar parte del patrimonio del museo, que debemos cuidar y resguardar. Adem\u00e1s, se realizar\u00e1n refacciones en el edificio para su adecuada conservaci\u00f3n y exposici\u00f3n\", indic\u00f3.<\/p>\n","protected":false},"excerpt":{"rendered":"<p>El vicegobernador de la Provincia, Alberto Bernis, encabez\u00f3 la ceremonia de entrega del sable y la gorra militar de pa\u00f1o azul pertenecientes al Coronel Manuel \u00c1lvarez Prado al Museo Ernesto Soto Avenda\u00f1o de la ciudad de Tilcara. El acto se llev\u00f3 a cabo en las instalaciones del museo provincial y cont\u00f3 con la presencia de [&hellip;]<\/p>\n","protected":false},"author":5,"featured_media":434364,"comment_status":"open","ping_status":"open","sticky":false,"template":"","format":"standard","meta":{"_stopmodifiedupdate":false,"_modified_date":"","inline_featured_image":false,"spay_email":"","jetpack_publicize_message":""},"categories":[13],"tags":[],"jetpack_featured_media_url":"https:\/\/notinor.com\/jujuy\/wp-content\/uploads\/2025\/10\/ENTREGA.jpeg","jetpack_publicize_connections":[],"_links":{"self":[{"href":"https:\/\/notinor.com\/jujuy\/wp-json\/wp\/v2\/posts\/434363"}],"collection":[{"href":"https:\/\/notinor.com\/jujuy\/wp-json\/wp\/v2\/posts"}],"about":[{"href":"https:\/\/notinor.com\/jujuy\/wp-json\/wp\/v2\/types\/post"}],"author":[{"embeddable":true,"href":"https:\/\/notinor.com\/jujuy\/wp-json\/wp\/v2\/users\/5"}],"replies":[{"embeddable":true,"href":"https:\/\/notinor.com\/jujuy\/wp-json\/wp\/v2\/comments?post=434363"}],"version-history":[{"count":1,"href":"https:\/\/notinor.com\/jujuy\/wp-json\/wp\/v2\/posts\/434363\/revisions"}],"predecessor-version":[{"id":434370,"href":"https:\/\/notinor.com\/jujuy\/wp-json\/wp\/v2\/posts\/434363\/revisions\/434370"}],"wp:featuredmedia":[{"embeddable":true,"href":"https:\/\/notinor.com\/jujuy\/wp-json\/wp\/v2\/media\/434364"}],"wp:attachment":[{"href":"https:\/\/notinor.com\/jujuy\/wp-json\/wp\/v2\/media?parent=434363"}],"wp:term":[{"taxonomy":"category","embeddable":true,"href":"https:\/\/notinor.com\/jujuy\/wp-json\/wp\/v2\/categories?post=434363"},{"taxonomy":"post_tag","embeddable":true,"href":"https:\/\/notinor.com\/jujuy\/wp-json\/wp\/v2\/tags?post=434363"}],"curies":[{"name":"wp","href":"https:\/\/api.w.org\/{rel}","templated":true}]}}