{"id":434330,"date":"2025-10-14T11:52:31","date_gmt":"2025-10-14T14:52:31","guid":{"rendered":"https:\/\/notinor.com\/jujuy\/?p=434330"},"modified":"2025-10-14T11:55:13","modified_gmt":"2025-10-14T14:55:13","slug":"el-indec-difundira-la-inflacion-de-septiembre-los-analistas-estiman-que-podria-estar-por-encima-de-2","status":"publish","type":"post","link":"https:\/\/notinor.com\/jujuy\/el-indec-difundira-la-inflacion-de-septiembre-los-analistas-estiman-que-podria-estar-por-encima-de-2\/","title":{"rendered":"El INDEC difundir\u00e1 la inflaci\u00f3n de septiembre: los analistas estiman que podr\u00eda estar por encima de 2%"},"content":{"rendered":"\n<p class=\"has-medium-font-size\"><strong><em>El organismo dar\u00e1 a conocer el \u00cdndice de Precios al Consumidor a las 16. Las consultoras creen que podr\u00eda haber una leve aceleraci\u00f3n en relaci\u00f3n con las cifras de agosto por la suba del d\u00f3la<\/em><\/strong>r.<\/p>\n\n\n<div class=\"wp-block-image\">\n<figure class=\"aligncenter\"><img decoding=\"async\" src=\"https:\/\/tn.com.ar\/resizer\/v2\/el-indec-difundira-la-inflacion-de-septiembre-los-analistas-estiman-que-sera-superior-a-2-foto-reutersagustin-marcarian-JFQGQ4B6SFH5ZGKOZDLBAZNLVI.jpg?auth=981a6dae3b58943df7dba20b79742f5b09e5fa549ef9a3aa1fd820dd939851b9&amp;width=767\" alt=\"El INDEC difundir\u00e1 la inflaci\u00f3n de septiembre: los analistas estiman que ser\u00e1 superior a 2%. (Foto: REUTERS\/Agustin Marcarian)\"\/><figcaption class=\"wp-element-caption\">El INDEC difundir\u00e1 la inflaci\u00f3n de septiembre: los analistas estiman que ser\u00e1 superior a 2%. <\/figcaption><\/figure><\/div>\n\n\n<p>El Instituto Nacional de Estad\u00edstica y Censos (<strong>Indec<\/strong>)&nbsp;<strong>dar\u00e1 a conocer este martes&nbsp;<\/strong>el \u00cdndice de Precios al Consumidor (IPC) de&nbsp;<strong>septiembre<\/strong>. Seg\u00fan&nbsp;<strong>estimaciones privadas<\/strong>, la<strong> inflaci\u00f3n<\/strong><a href=\"https:\/\/tn.com.ar\/economia\/2025\/07\/13\/en-la-previa-al-dato-de-inflacion-de-junio-los-indicadores-muestran-que-el-consumo-sigue-debil\/\"><strong>&nbsp;<\/strong><\/a><strong>podr\u00eda ubicarse por encima de 2%&nbsp;<\/strong>en el noveno mes del a\u00f1o.<\/p>\n\n\n\n<p>Las consultoras relevadas por&nbsp;<strong>TN<\/strong>&nbsp;consideraron que podr\u00eda haber una leve aceleraci\u00f3n en relaci\u00f3n con la cifra de agosto -que fue de 1,9%- por la suba del d\u00f3lar. De confirmarse las proyecciones privadas, se tratar\u00eda de la cifra m\u00e1s alta desde abril.<\/p>\n\n\n\n<p>De acuerdo con el \u00faltimo <strong>Relevamiento de Expectativas del Mercado<\/strong>&nbsp;(<strong>REM<\/strong>) del Banco Central (<strong>BCRA<\/strong>), los analistas corrigieron al alza su estimaci\u00f3n e indicaron que el IPC de septiembre ser\u00e1 de&nbsp;<strong>2,1%<\/strong>. Para las consultoras, en tanto, rondar\u00e1 entre el&nbsp;<strong>2,3%<\/strong>&nbsp;y&nbsp;<strong>2,5%.<\/strong><\/p>\n\n\n\n<p>Al inicio del mes, la previa de las elecciones legislativas bonaerenses marc\u00f3 un escenario de&nbsp;<strong>incertidumbre pol\u00edtica&nbsp;<\/strong>y profundiz\u00f3 la&nbsp;<strong>tendencia alcista del d\u00f3lar.<\/strong>&nbsp;Ante ello, el Gobierno tuvo que intervenir en el Mercado \u00danico y Libre de cambios (MULC) para contener la suba del d\u00f3lar y evitar sobresaltos antes de la contienda electoral.<\/p>\n\n\n\n<p>Sin embargo, los mercados reaccionaron r\u00e1pidamente a la&nbsp;<strong>derrota de La Libertad Avanza en PBA&nbsp;<\/strong>y el tipo de cambio oficial empez\u00f3 a subir hasta superar el<strong>&nbsp;techo de la banda cambiaria<\/strong>, lo que provoc\u00f3 que el Banco Central tenga que salir a vender divisas. Asimismo, el Ejecutivo viaj\u00f3 a Estados Unidos en busca de respaldo econ\u00f3mico y consigui\u00f3&nbsp;<strong>calmar la presi\u00f3n.<\/strong><\/p>\n\n\n\n<p>Para los analistas, ese contexto de&nbsp;<strong>volatilidad cambiaria&nbsp;<\/strong>encendi\u00f3 las alarmas por un posible&nbsp;<strong>traslado a los precios&nbsp;<\/strong>y, por consecuencia, un impacto en el dato de septiembre.<\/p>\n\n\n<div class=\"wp-block-image\">\n<figure class=\"aligncenter\"><img decoding=\"async\" src=\"https:\/\/tn.com.ar\/resizer\/v2\/uno-de-los-rubros-que-mas-escalo-en-septiembre-fue-alimentos-y-bebidas-foto-na-GSGYCMATK5FYZNZSRZUY63UAZA.jpg?auth=37c29475ff53f6aff0a676b0ee2eed4e6a379766d970486466432b9918a400d4&amp;width=767\" alt=\"Uno de los rubros que m\u00e1s escal\u00f3 en septiembre fue Alimentos y bebidas. (Foto: NA)\"\/><figcaption class=\"wp-element-caption\">Uno de los rubros que m\u00e1s escal\u00f3 en septiembre fue Alimentos y bebidas<\/figcaption><\/figure><\/div>\n\n\n<p>\u201cSi bien el&nbsp;<em>pass-through&nbsp;<\/em>(es decir, el traslado a precios) sigue acotado,&nbsp;<strong>se aceler\u00f3 con respecto a agosto y refleja<\/strong>, de forma parcial,&nbsp;<strong>el desancle de expectativas<\/strong>\u201c, se\u00f1alaron desde&nbsp;<em>EcoGo&nbsp;<\/em>y estimaron que el IPC se ubic\u00f3 en&nbsp;<strong>2,3%.<\/strong><\/p>\n\n\n\n<p><em>Equilibra&nbsp;<\/em>coincidi\u00f3 con la estimaci\u00f3n (2,3%) y explic\u00f3 que \u201clos precios&nbsp;<strong>Estacionales&nbsp;<\/strong>lideraron el alza del mes (<strong>4,5%<\/strong>) y los&nbsp;<strong>Regulados&nbsp;<\/strong>treparon&nbsp;<strong>1,8%\u201d.<\/strong><\/p>\n\n\n\n<p>Las consultoras&nbsp;<em>Cohen&nbsp;<\/em>y LCG tambi\u00e9n proyectaron un 2,3% para el dato del noveno mes del a\u00f1o. En esa l\u00ednea, indicaron que&nbsp;<strong>Alimentos y bebidas&nbsp;<\/strong>fue uno de los sectores que m\u00e1s escal\u00f3. En el caso de&nbsp;<em>Invecq<\/em>, el nivel general de precios fue de&nbsp;<strong>2,5%.<\/strong><\/p>\n\n\n\n<p><strong>La inflaci\u00f3n en CABA fue de 2,2% en septiembre<\/strong><\/p>\n\n\n\n<p>La <strong>inflaci\u00f3n <\/strong>de&nbsp;<strong>septiembre<\/strong>&nbsp;fue de<strong>&nbsp;2,2%<\/strong>&nbsp;en la Ciudad de Buenos Aires. Implica una aceleraci\u00f3n contra agosto, cuando hab\u00eda sido de 1,6%.<\/p>\n\n\n\n<p>As\u00ed, el IPC de CABA acumula un&nbsp;<strong>aumento de 22,7% en los primeros nueve meses de 2025<\/strong>. El indicador de precios de la Ciudad acumula un alza de 35% en la medici\u00f3n interanual.<\/p>\n\n\n\n<figure class=\"wp-block-image\"><img decoding=\"async\" src=\"https:\/\/tn.com.ar\/resizer\/v2\/la-inflacion-de-septiembre-en-la-ciudad-de-buenos-aires-cerro-en-22-foto-x-estadisticaba-PJQTETPCQZCXRBSQX5AHRGQFMY.png?auth=0fc7482308fde07c938354c73bd92f58392f133ba1ae9054a963bcfd819b9571&amp;width=767\" alt=\"La inflaci\u00f3n de septiembre en la Ciudad de Buenos Aires cerr\u00f3 en 2,2% (Foto: X \/@EstadisticaBA)\"\/><figcaption class=\"wp-element-caption\">La inflaci\u00f3n de septiembre en la Ciudad de Buenos Aires cerr\u00f3 en 2,2% <\/figcaption><\/figure>\n\n\n\n<p>La variaci\u00f3n de septiembre en los precios porte\u00f1os estuvo impulsada por aumentos en<strong>&nbsp;Transporte<\/strong>;&nbsp;<strong>Recreaci\u00f3n y cultura<\/strong>;&nbsp;<strong>Cuidado personal<\/strong>&nbsp;y&nbsp;<strong>Vivienda, agua, electricidad, gas y otros combustibles<\/strong>.<\/p>\n\n\n\n<p>Fuente Infobae<\/p>\n","protected":false},"excerpt":{"rendered":"<p>El organismo dar\u00e1 a conocer el \u00cdndice de Precios al Consumidor a las 16. Las consultoras creen que podr\u00eda haber una leve aceleraci\u00f3n en relaci\u00f3n con las cifras de agosto por la suba del d\u00f3lar. El Instituto Nacional de Estad\u00edstica y Censos (Indec)&nbsp;dar\u00e1 a conocer este martes&nbsp;el \u00cdndice de Precios al Consumidor (IPC) de&nbsp;septiembre. Seg\u00fan&nbsp;estimaciones [&hellip;]<\/p>\n","protected":false},"author":5,"featured_media":434331,"comment_status":"open","ping_status":"open","sticky":false,"template":"","format":"standard","meta":{"_stopmodifiedupdate":false,"_modified_date":"","inline_featured_image":false,"spay_email":"","jetpack_publicize_message":""},"categories":[676],"tags":[],"jetpack_featured_media_url":"https:\/\/notinor.com\/jujuy\/wp-content\/uploads\/2025\/10\/INDEC.jpg","jetpack_publicize_connections":[],"_links":{"self":[{"href":"https:\/\/notinor.com\/jujuy\/wp-json\/wp\/v2\/posts\/434330"}],"collection":[{"href":"https:\/\/notinor.com\/jujuy\/wp-json\/wp\/v2\/posts"}],"about":[{"href":"https:\/\/notinor.com\/jujuy\/wp-json\/wp\/v2\/types\/post"}],"author":[{"embeddable":true,"href":"https:\/\/notinor.com\/jujuy\/wp-json\/wp\/v2\/users\/5"}],"replies":[{"embeddable":true,"href":"https:\/\/notinor.com\/jujuy\/wp-json\/wp\/v2\/comments?post=434330"}],"version-history":[{"count":2,"href":"https:\/\/notinor.com\/jujuy\/wp-json\/wp\/v2\/posts\/434330\/revisions"}],"predecessor-version":[{"id":434334,"href":"https:\/\/notinor.com\/jujuy\/wp-json\/wp\/v2\/posts\/434330\/revisions\/434334"}],"wp:featuredmedia":[{"embeddable":true,"href":"https:\/\/notinor.com\/jujuy\/wp-json\/wp\/v2\/media\/434331"}],"wp:attachment":[{"href":"https:\/\/notinor.com\/jujuy\/wp-json\/wp\/v2\/media?parent=434330"}],"wp:term":[{"taxonomy":"category","embeddable":true,"href":"https:\/\/notinor.com\/jujuy\/wp-json\/wp\/v2\/categories?post=434330"},{"taxonomy":"post_tag","embeddable":true,"href":"https:\/\/notinor.com\/jujuy\/wp-json\/wp\/v2\/tags?post=434330"}],"curies":[{"name":"wp","href":"https:\/\/api.w.org\/{rel}","templated":true}]}}