{"id":434324,"date":"2025-10-14T11:17:37","date_gmt":"2025-10-14T14:17:37","guid":{"rendered":"https:\/\/notinor.com\/jujuy\/?p=434324"},"modified":"2025-10-14T11:17:39","modified_gmt":"2025-10-14T14:17:39","slug":"rige-el-paro-docente-en-todo-el-pais-y-los-gremios-se-movilizaran-al-congreso","status":"publish","type":"post","link":"https:\/\/notinor.com\/jujuy\/rige-el-paro-docente-en-todo-el-pais-y-los-gremios-se-movilizaran-al-congreso\/","title":{"rendered":"Rige el paro docente en todo el pa\u00eds y los gremios se movilizar\u00e1n al Congreso"},"content":{"rendered":"\n<p class=\"has-medium-font-size\"><strong><em>La medida de fuerza de Ctera se realiza bajo la consigna \u201cla escuela ense\u00f1a y construye esperanza\u201d. El cese total de actividades ser\u00e1 por 24 horas.<\/em><\/strong><\/p>\n\n\n<div class=\"wp-block-image\">\n<figure class=\"aligncenter\"><img decoding=\"async\" src=\"https:\/\/tn.com.ar\/resizer\/v2\/comenzo-el-paro-docente-en-todo-el-pais-y-los-gremios-se-movilizaran-al-congreso-desde-las-10-foto-suteba-QK76XSWS7ZGIVN5XJC24EFWG7Y.jpg?auth=cd7d23c47f03f19bfef95adad51d510f531f20a563a2035a0f5fa2665734690f&amp;width=767\" alt=\"Comenz\u00f3 el paro docente en todo el pa\u00eds y los gremios se movilizar\u00e1n al Congreso desde las 10 (Foto: SUTEBA)\"\/><figcaption class=\"wp-element-caption\">Comenz\u00f3 el paro docente en todo el pa\u00eds y los gremios se movilizar\u00e1n al Congreso desde las 10 <\/figcaption><\/figure><\/div>\n\n\n<p>Este martes 14 de octubre\u00a0<strong>no hay clases en las escuelas p\u00fablicas\u00a0<\/strong>de todo el pa\u00eds por el <strong>paro convocado por CTERA<\/strong>. La medida de fuerza ser\u00e1 por\u00a0<strong>24 horas<\/strong>. Desde las 10, los\u00a0<strong>gremios docentes<\/strong>\u00a0se movilizar\u00e1n al\u00a0<strong>Congreso\u00a0<\/strong>bajo la consigna\u00a0<em>La escuela ense\u00f1a y construye esperanza<\/em>.<\/p>\n\n\n\n<p>La medida de fuerza se debe a la falta de convocatoria del Gobierno a la paritaria nacional del sector. Tambi\u00e9n reclaman la restituci\u00f3n del Fondo Nacional de Incentivo Docente (<strong>FONID<\/strong>). Se espera un&nbsp;<strong>operativo de seguridad especial&nbsp;<\/strong>y desv\u00edos en la zona de&nbsp;<strong>Callao, Entre R\u00edos y Rivadavia<\/strong>.<\/p>\n\n\n\n<p>\u201cFrente al ajuste, los recortes presupuestarios y el desfinanciamiento educativo, la CTERA reafirma su compromiso en defensa de la escuela p\u00fablica, de calidad, democr\u00e1tica y federal\u201d, indicaron desde el sindicato que lidera&nbsp;<strong>Sonia Alesso<\/strong>.<\/p>\n\n\n<div class=\"wp-block-image\">\n<figure class=\"aligncenter\"><img decoding=\"async\" src=\"https:\/\/tn.com.ar\/resizer\/v2\/la-medida-de-fuerza-de-ctera-se-realiza-bajo-la-consigna-la-escuela-ensena-y-construye-esperanza-foto-ctera-56E3ES7MKNCGJNVRGCTNSIDEHY.jpeg?auth=22b0649fd4e82374aea61cb57be792c4565151fd98b007260f8bc77b6566d495&amp;width=767\" alt=\"La medida de fuerza de Ctera se realiza bajo la consigna \u201cla escuela ense\u00f1a y construye esperanza\u201d (Foto: CTERA).\"\/><figcaption class=\"wp-element-caption\">La medida de fuerza de Ctera se realiza bajo la consigna \u201cla escuela ense\u00f1a y construye esperanza\u201d <\/figcaption><\/figure><\/div>\n\n\n<p>En la provincia de Buenos Aires, el Frente de Unidad Docente Bonaerense integrado por AMET, FEB, SADOP, SUTEBA y UDOCBA tambi\u00e9n adhiri\u00f3 a la&nbsp;<strong>medida de fuerza<\/strong>.<\/p>\n\n\n\n<p>En el resto del pa\u00eds, los gremios docentes realizar\u00e1n marchas y concentraciones en las&nbsp;<strong>plazas principales<\/strong>&nbsp;y sedes de los ministerios de Educaci\u00f3n locales.<\/p>\n\n\n\n<p><strong>Paro nacional docente: qu\u00e9 reclaman desde CTERA<\/strong><\/p>\n\n\n\n<p>La Confederaci\u00f3n de Trabajadores de la Educaci\u00f3n de la Rep\u00fablica Argentina (CTERA) comunic\u00f3 que el paro se realiza \u201cen defensa de la&nbsp;<strong>educaci\u00f3n p\u00fablica, gratuita y de calidad<\/strong>\u201d y detallaron los principales reclamos:<\/p>\n\n\n\n<ul>\n<li>Una nueva&nbsp;<strong>Ley de Financiamiento Educativo<\/strong>.<\/li>\n\n\n\n<li>La convocatoria a la&nbsp;<strong>paritaria nacional docente<\/strong>.<\/li>\n\n\n\n<li><strong>La restituci\u00f3n&nbsp;<\/strong>del Fondo Nacional de Incentivo Docente<strong>&nbsp;(FONID)&nbsp;<\/strong>y el pago de las sumas adeudadas.<\/li>\n\n\n\n<li>El aumento del presupuesto educativo y fondos para infraestructura escolar.<\/li>\n\n\n\n<li>Mejoras salariales y laborales para el sector.<\/li>\n\n\n\n<li>Defensa de los derechos previsionales y de las jubilaciones docentes.<\/li>\n<\/ul>\n\n\n<div class=\"wp-block-image\">\n<figure class=\"aligncenter\"><img decoding=\"async\" src=\"https:\/\/tn.com.ar\/resizer\/v2\/paro-de-docentes-universitarios-quienes-adhieren-y-hasta-cuando-es-foto-ctera-2Q4ZFPIMNNCBFMKEPMG2RFDJ7U.png?auth=9f8f7bfc7822e84f63faa6ffd0900c54d691d7c2c2d931b7eb1f65b9194e644f&amp;width=767\" alt=\"Paro de docentes universitarios: qui\u00e9nes adhieren y hasta cu\u00e1ndo es (Foto: CTERA).\"\/><figcaption class=\"wp-element-caption\">Paro de docentes universitarios: qui\u00e9nes adhieren y hasta cu\u00e1ndo es <\/figcaption><\/figure><\/div>\n\n\n<p>Desde CTERA tambi\u00e9n rechazaron el Presupuesto 2026 presentado por el presidente Javier Milei, al que calific\u00f3 como \u201cun ataque directo a la educaci\u00f3n p\u00fablica\u201d. El documento oficial incluye el finde la&nbsp;<strong>obligaci\u00f3n&nbsp;<\/strong>que tiene el Estado&nbsp;<strong>de invertir 6% del PBI&nbsp;<\/strong>en el sistema educativo.<\/p>\n\n\n\n<p>El Presupuesto 2026 fija&nbsp;<strong>$4,8 billones&nbsp;<\/strong>en las partidas para las universidades nacionales. El art\u00edculo 30 de la propuesta oficial, el Ejecutivo busca&nbsp;<strong>derogar<\/strong>&nbsp;la<strong>&nbsp;obligaci\u00f3n que tiene el Estado de invertir 6% del PBI en educaci\u00f3n<\/strong>,que surge de la&nbsp;<strong>ley 26.206<\/strong>. El a\u00f1o pasado, la hoja de estimaci\u00f3n de ingresos y gastos<strong>&nbsp;suspend\u00eda esta norma de 2006 y que se cumpli\u00f3 solo por 12 meses<\/strong>.<\/p>\n\n\n\n<p><strong>Todos los sindicatos que adhieren al paro docente de este 14 de octubre<\/strong><\/p>\n\n\n\n<p>A continuaci\u00f3n, todos los sindicatos que adhieren al paro nacional docente de este martes 14 de octubre:<\/p>\n\n\n\n<ul>\n<li><strong>Ademys<\/strong>&nbsp;(Ciudad de Buenos Aires)<\/li>\n\n\n\n<li>ADEP (Jujuy)<\/li>\n\n\n\n<li>ADOSAC (Santa Cruz)<\/li>\n\n\n\n<li>AGMER (Entre R\u00edos)<\/li>\n\n\n\n<li>ASDE (San Luis)<\/li>\n\n\n\n<li>ATECh (Chubut)<\/li>\n\n\n\n<li>AMP (La Rioja)<\/li>\n\n\n\n<li>AMSAFE (Santa Fe)<\/li>\n\n\n\n<li>ATEN (Neuqu\u00e9n)<\/li>\n\n\n\n<li>ATEP (Tucum\u00e1n)<\/li>\n\n\n\n<li>Federaci\u00f3n Nacional Docente (FND)<\/li>\n\n\n\n<li>SUTE (Mendoza)<\/li>\n\n\n\n<li><strong>SUTEBA (Buenos Aires)<\/strong><\/li>\n\n\n\n<li>SUTEF (Tierra del Fuego)<\/li>\n\n\n\n<li>UDAP (San Juan)<\/li>\n\n\n\n<li>UDPM (Misiones)<\/li>\n\n\n\n<li>UEPC (C\u00f3rdoba)<\/li>\n\n\n\n<li>UNTER (R\u00edo Negro)<\/li>\n\n\n\n<li><strong>UTE (Ciudad de Buenos Aires)<\/strong><\/li>\n\n\n\n<li>UTELPA (La Pampa)<\/li>\n\n\n\n<li>UTRE (Chaco)<\/li>\n\n\n\n<li>SUTECO (Corrientes)<\/li>\n\n\n\n<li>ADF (Formosa)<\/li>\n\n\n\n<li>ATECA (Catamarca)<\/li>\n\n\n\n<li>ADP (Salta)<\/li>\n\n\n\n<li>ADOSAC (Santa Cruz)<\/li>\n\n\n\n<li>SUTESE y CISADEMS (Santiago del Estero)<\/li>\n<\/ul>\n\n\n\n<p>Fuente TN<\/p>\n","protected":false},"excerpt":{"rendered":"<p>La medida de fuerza de Ctera se realiza bajo la consigna \u201cla escuela ense\u00f1a y construye esperanza\u201d. El cese total de actividades ser\u00e1 por 24 horas. Este martes 14 de octubre\u00a0no hay clases en las escuelas p\u00fablicas\u00a0de todo el pa\u00eds por el paro convocado por CTERA. La medida de fuerza ser\u00e1 por\u00a024 horas. Desde las [&hellip;]<\/p>\n","protected":false},"author":5,"featured_media":434325,"comment_status":"open","ping_status":"open","sticky":false,"template":"","format":"standard","meta":{"_stopmodifiedupdate":false,"_modified_date":"","inline_featured_image":false,"spay_email":"","jetpack_publicize_message":""},"categories":[5],"tags":[],"jetpack_featured_media_url":"https:\/\/notinor.com\/jujuy\/wp-content\/uploads\/2025\/10\/CTERA.jpg","jetpack_publicize_connections":[],"_links":{"self":[{"href":"https:\/\/notinor.com\/jujuy\/wp-json\/wp\/v2\/posts\/434324"}],"collection":[{"href":"https:\/\/notinor.com\/jujuy\/wp-json\/wp\/v2\/posts"}],"about":[{"href":"https:\/\/notinor.com\/jujuy\/wp-json\/wp\/v2\/types\/post"}],"author":[{"embeddable":true,"href":"https:\/\/notinor.com\/jujuy\/wp-json\/wp\/v2\/users\/5"}],"replies":[{"embeddable":true,"href":"https:\/\/notinor.com\/jujuy\/wp-json\/wp\/v2\/comments?post=434324"}],"version-history":[{"count":1,"href":"https:\/\/notinor.com\/jujuy\/wp-json\/wp\/v2\/posts\/434324\/revisions"}],"predecessor-version":[{"id":434326,"href":"https:\/\/notinor.com\/jujuy\/wp-json\/wp\/v2\/posts\/434324\/revisions\/434326"}],"wp:featuredmedia":[{"embeddable":true,"href":"https:\/\/notinor.com\/jujuy\/wp-json\/wp\/v2\/media\/434325"}],"wp:attachment":[{"href":"https:\/\/notinor.com\/jujuy\/wp-json\/wp\/v2\/media?parent=434324"}],"wp:term":[{"taxonomy":"category","embeddable":true,"href":"https:\/\/notinor.com\/jujuy\/wp-json\/wp\/v2\/categories?post=434324"},{"taxonomy":"post_tag","embeddable":true,"href":"https:\/\/notinor.com\/jujuy\/wp-json\/wp\/v2\/tags?post=434324"}],"curies":[{"name":"wp","href":"https:\/\/api.w.org\/{rel}","templated":true}]}}