{"id":434292,"date":"2025-10-13T21:10:00","date_gmt":"2025-10-14T00:10:00","guid":{"rendered":"https:\/\/notinor.com\/jujuy\/?p=434292"},"modified":"2025-10-13T09:10:55","modified_gmt":"2025-10-13T09:10:55","slug":"bernis-esto-es-un-antes-y-un-despues-en-la-politica","status":"publish","type":"post","link":"https:\/\/notinor.com\/jujuy\/bernis-esto-es-un-antes-y-un-despues-en-la-politica\/","title":{"rendered":"Bernis: \"Esto es un antes y un despu\u00e9s en la pol\u00edtica\""},"content":{"rendered":"\n<p class=\"has-medium-font-size\"><strong><em>As\u00ed se refiri\u00f3 el vicegobernador de la provincia, Alberto Bernis al hacer referencia a la nueva herramienta digital presentada en la Legislatura: la Plataforma de Participaci\u00f3n Ciudadana.<\/em><\/strong><\/p>\n\n\n<div class=\"wp-block-image\">\n<figure class=\"aligncenter size-large\"><img decoding=\"async\" loading=\"lazy\" width=\"720\" height=\"480\" src=\"https:\/\/notinor.com\/jujuy\/wp-content\/uploads\/2025\/10\/legis1-4-720x480.jpeg\" alt=\"\" class=\"wp-image-434298\" srcset=\"https:\/\/notinor.com\/jujuy\/wp-content\/uploads\/2025\/10\/legis1-4-720x480.jpeg 720w, https:\/\/notinor.com\/jujuy\/wp-content\/uploads\/2025\/10\/legis1-4-548x365.jpeg 548w, https:\/\/notinor.com\/jujuy\/wp-content\/uploads\/2025\/10\/legis1-4-768x512.jpeg 768w, https:\/\/notinor.com\/jujuy\/wp-content\/uploads\/2025\/10\/legis1-4-1536x1023.jpeg 1536w, https:\/\/notinor.com\/jujuy\/wp-content\/uploads\/2025\/10\/legis1-4-750x500.jpeg 750w, https:\/\/notinor.com\/jujuy\/wp-content\/uploads\/2025\/10\/legis1-4-1140x760.jpeg 1140w, https:\/\/notinor.com\/jujuy\/wp-content\/uploads\/2025\/10\/legis1-4.jpeg 1600w\" sizes=\"(max-width: 720px) 100vw, 720px\" \/><\/figure><\/div>\n\n\n<p>El acto protocolar del lanzamiento se llev\u00f3 a cabo en el sal\u00f3n Marcos Paz, estuvo encabezado por el vicegobernador <strong>Alberto Bernis <\/strong>y estuvo acompa\u00f1ado por el vicepresidente 1\u00ba de la Legislatura, el diputado<strong> Fabi\u00e1n Tejerina<\/strong>, el presidente del bloque oficialista <strong>Santiago Jubert,<\/strong> la diputada <strong>Mar\u00eda Uriondo <\/strong>y el legislador <strong>Mart\u00edn Fellner.<\/strong><\/p>\n\n\n<div class=\"wp-block-image\">\n<figure class=\"aligncenter size-large\"><img decoding=\"async\" loading=\"lazy\" width=\"720\" height=\"480\" src=\"https:\/\/notinor.com\/jujuy\/wp-content\/uploads\/2025\/10\/legis1-720x480.jpeg\" alt=\"\" class=\"wp-image-434294\" srcset=\"https:\/\/notinor.com\/jujuy\/wp-content\/uploads\/2025\/10\/legis1-720x480.jpeg 720w, https:\/\/notinor.com\/jujuy\/wp-content\/uploads\/2025\/10\/legis1-548x365.jpeg 548w, https:\/\/notinor.com\/jujuy\/wp-content\/uploads\/2025\/10\/legis1-768x512.jpeg 768w, https:\/\/notinor.com\/jujuy\/wp-content\/uploads\/2025\/10\/legis1-1536x1023.jpeg 1536w, https:\/\/notinor.com\/jujuy\/wp-content\/uploads\/2025\/10\/legis1-750x500.jpeg 750w, https:\/\/notinor.com\/jujuy\/wp-content\/uploads\/2025\/10\/legis1-1140x760.jpeg 1140w, https:\/\/notinor.com\/jujuy\/wp-content\/uploads\/2025\/10\/legis1.jpeg 1600w\" sizes=\"(max-width: 720px) 100vw, 720px\" \/><\/figure><\/div>\n\n\n<p>Participaron tambi\u00e9n el secretario Parlamentario Mart\u00edn Luque, los diputados y diputadas: Omar Guti\u00e9rrez, Iv\u00e1n Poncio, Gisel Bravo, Ang\u00e9lica Castillo, Mario Fiad, Guido Luna, Agustina Guzm\u00e1n, Hilda Prolongo, Malena Amerise, Mariela Ortiz, Adriano Morone, Natalia Guevara, y Mar\u00eda Quir\u00f3s, Diego Cruz, Gustavo Arias y Daniela V\u00e9lez .<\/p>\n\n\n<div class=\"wp-block-image\">\n<figure class=\"aligncenter size-large\"><img decoding=\"async\" loading=\"lazy\" width=\"720\" height=\"480\" src=\"https:\/\/notinor.com\/jujuy\/wp-content\/uploads\/2025\/10\/legis1-2-720x480.jpeg\" alt=\"\" class=\"wp-image-434296\" srcset=\"https:\/\/notinor.com\/jujuy\/wp-content\/uploads\/2025\/10\/legis1-2-720x480.jpeg 720w, https:\/\/notinor.com\/jujuy\/wp-content\/uploads\/2025\/10\/legis1-2-548x365.jpeg 548w, https:\/\/notinor.com\/jujuy\/wp-content\/uploads\/2025\/10\/legis1-2-768x512.jpeg 768w, https:\/\/notinor.com\/jujuy\/wp-content\/uploads\/2025\/10\/legis1-2-1536x1023.jpeg 1536w, https:\/\/notinor.com\/jujuy\/wp-content\/uploads\/2025\/10\/legis1-2-750x500.jpeg 750w, https:\/\/notinor.com\/jujuy\/wp-content\/uploads\/2025\/10\/legis1-2-1140x760.jpeg 1140w, https:\/\/notinor.com\/jujuy\/wp-content\/uploads\/2025\/10\/legis1-2.jpeg 1600w\" sizes=\"(max-width: 720px) 100vw, 720px\" \/><\/figure><\/div>\n\n\n<p>Es la primera <strong>herramienta digital legislativa en Argentina<\/strong> que permitir\u00e1 a los juje\u00f1os y juje\u00f1as participar directamente en el proceso de creaci\u00f3n de las leyes; y que tiene por objetivo recibir aportes, definir o tomar decisiones para la elaboraci\u00f3n de proyectos de leyes, explic\u00f3 el presidente de la Legislatura, agreg\u00f3 que es un paso fundamental hacia una legislatura \"m\u00e1s moderna, abierta y participativa\".<\/p>\n\n\n<div class=\"wp-block-image\">\n<figure class=\"aligncenter size-large\"><img decoding=\"async\" loading=\"lazy\" width=\"720\" height=\"480\" src=\"https:\/\/notinor.com\/jujuy\/wp-content\/uploads\/2025\/10\/legis1-5-720x480.jpeg\" alt=\"\" class=\"wp-image-434299\" srcset=\"https:\/\/notinor.com\/jujuy\/wp-content\/uploads\/2025\/10\/legis1-5-720x480.jpeg 720w, https:\/\/notinor.com\/jujuy\/wp-content\/uploads\/2025\/10\/legis1-5-547x365.jpeg 547w, https:\/\/notinor.com\/jujuy\/wp-content\/uploads\/2025\/10\/legis1-5-768x512.jpeg 768w, https:\/\/notinor.com\/jujuy\/wp-content\/uploads\/2025\/10\/legis1-5-1536x1024.jpeg 1536w, https:\/\/notinor.com\/jujuy\/wp-content\/uploads\/2025\/10\/legis1-5-750x500.jpeg 750w, https:\/\/notinor.com\/jujuy\/wp-content\/uploads\/2025\/10\/legis1-5-1140x760.jpeg 1140w, https:\/\/notinor.com\/jujuy\/wp-content\/uploads\/2025\/10\/legis1-5.jpeg 1600w\" sizes=\"(max-width: 720px) 100vw, 720px\" \/><\/figure><\/div>\n\n\n<p>Se\u00f1al\u00f3 que esta plataforma nace de una convicci\u00f3n profunda \"la democracia se fortalece cuando la gesti\u00f3n y la gente participa, cuando la gente puede ser parte de las decisiones y de la construcci\u00f3n de las leyes que mejoran las vidas de los ciudadanos\", y ofrece una oportunidad de involucrar activamente a las personas en la construcci\u00f3n de pol\u00edticas p\u00fablicas.<\/p>\n\n\n<div class=\"wp-block-image\">\n<figure class=\"aligncenter size-large\"><img decoding=\"async\" loading=\"lazy\" width=\"719\" height=\"480\" src=\"https:\/\/notinor.com\/jujuy\/wp-content\/uploads\/2025\/10\/legis1-6-719x480.jpeg\" alt=\"\" class=\"wp-image-434300\" srcset=\"https:\/\/notinor.com\/jujuy\/wp-content\/uploads\/2025\/10\/legis1-6-719x480.jpeg 719w, https:\/\/notinor.com\/jujuy\/wp-content\/uploads\/2025\/10\/legis1-6-547x365.jpeg 547w, https:\/\/notinor.com\/jujuy\/wp-content\/uploads\/2025\/10\/legis1-6-768x513.jpeg 768w, https:\/\/notinor.com\/jujuy\/wp-content\/uploads\/2025\/10\/legis1-6-1536x1025.jpeg 1536w, https:\/\/notinor.com\/jujuy\/wp-content\/uploads\/2025\/10\/legis1-6-750x501.jpeg 750w, https:\/\/notinor.com\/jujuy\/wp-content\/uploads\/2025\/10\/legis1-6-1140x761.jpeg 1140w, https:\/\/notinor.com\/jujuy\/wp-content\/uploads\/2025\/10\/legis1-6.jpeg 1600w\" sizes=\"(max-width: 719px) 100vw, 719px\" \/><\/figure><\/div>\n\n\n<p>La implementaci\u00f3n de esta iniciativa representa un evento institucional de gran importancia, que se\u00f1ala un avance significativo hacia una Legislatura accesible, din\u00e1mica y creativa, reafirmando el compromiso con la transparencia y la participaci\u00f3n activa de los ciudadanos \"estamos convencidos que esto va a marcar un antes y un despu\u00e9s\", a la vez que manifest\u00f3 su deseo \"que podamos modernizar esta Legislatura que es la caja de resonancia del pueblo, donde est\u00e1n representadas todas las ideas pol\u00edticas\".<\/p>\n\n\n<div class=\"wp-block-image\">\n<figure class=\"aligncenter size-large\"><img decoding=\"async\" loading=\"lazy\" width=\"719\" height=\"480\" src=\"https:\/\/notinor.com\/jujuy\/wp-content\/uploads\/2025\/10\/legis1-7-719x480.jpeg\" alt=\"\" class=\"wp-image-434301\" srcset=\"https:\/\/notinor.com\/jujuy\/wp-content\/uploads\/2025\/10\/legis1-7-719x480.jpeg 719w, https:\/\/notinor.com\/jujuy\/wp-content\/uploads\/2025\/10\/legis1-7-547x365.jpeg 547w, https:\/\/notinor.com\/jujuy\/wp-content\/uploads\/2025\/10\/legis1-7-768x513.jpeg 768w, https:\/\/notinor.com\/jujuy\/wp-content\/uploads\/2025\/10\/legis1-7-1536x1025.jpeg 1536w, https:\/\/notinor.com\/jujuy\/wp-content\/uploads\/2025\/10\/legis1-7-750x501.jpeg 750w, https:\/\/notinor.com\/jujuy\/wp-content\/uploads\/2025\/10\/legis1-7-1140x761.jpeg 1140w, https:\/\/notinor.com\/jujuy\/wp-content\/uploads\/2025\/10\/legis1-7.jpeg 1600w\" sizes=\"(max-width: 719px) 100vw, 719px\" \/><\/figure><\/div>\n\n\n<p>Hizo hincapi\u00e9 en la implementaci\u00f3n de una plataforma de participaci\u00f3n ciudadana que abre la puerta \"al mundo digital para que desde cualquier punto de la provincia cada ciudadano pueda participar\" y colaborar en la b\u00fasqueda de soluciones a los desaf\u00edos de Jujuy.<\/p>\n\n\n\n<p>Agradeci\u00f3 a todos los que hicieron parte del proceso, t\u00e9cnicos, legisladores y legisladoras de todas las bancadas, y a los trabajadores \"a todos los que d\u00eda a d\u00eda hacen posible el camino de la transformaci\u00f3n\".<\/p>\n\n\n\n<p>La plataforma permite ingresar con el usuario de la aplicaci\u00f3n de Mi Argentina para conocer los proyectos de Ley, opinar, aportar ideas y compartir propuestas afirm\u00f3 el titular del Poder Legislativo \"cada comentario es un aporte valioso para enriquecer el debate legislativo. La mejor manera de gobernar es escuchar al pueblo las necesidades que tiene\", afirm\u00f3 Bernis.<\/p>\n\n\n\n<p>En ese sentido, el secretario Parlamentario, Mart\u00edn Luque, describi\u00f3 el funcionamiento de la plataforma que se encuentra disponible en la web de la Legislatura y a la que se accede a trav\u00e9s del usuario de Mi Argentina. Explic\u00f3 que este mecanismo permite evitar que la herramienta \"se convierta en una red social, para prevenir comentarios ofensivos o que no sean constructivos a la propuesta legislativa\".<\/p>\n\n\n\n<p>Adem\u00e1s, detall\u00f3 que con la ayuda de la inteligencia artificial ser\u00e1 posible bloquear exabruptos o t\u00e9rminos inapropiados, garantizando as\u00ed un espacio de participaci\u00f3n respetuoso y productivo.<\/p>\n\n\n\n<p>Por su parte el diputado Santiago Jubert puntualiz\u00f3 lo valioso de esta plataforma destacando que desde \"el 2023 hasta la fecha la Legislatura empez\u00f3 a tener en cuenta la opini\u00f3n de los ciudadanos, y hoy con esta aplicaci\u00f3n se van a poder ver los proyectos y realizar aportes\".<\/p>\n\n\n\n<p>Agreg\u00f3 que esto es una muestra m\u00e1s de apertura \"a la Legislatura le interesa y necesita del aporte ciudadano y, a la vez que hace enriquecer los proyectos\". Cuando se sanciona una ley puede modificar la vida de un ciudadano, por eso su opini\u00f3n hace enriquecer el proyecto\".<\/p>\n\n\n\n<p>Para finalizar Jubert reconoci\u00f3 que este proyecto lo \"pens\u00f3 el presidente Alberto Bernis y cada uno de los diputados fuimos aportando nuestra visi\u00f3n para optimizarlo. El objetivo fue ese: que cada uno aporte y que los vecinos participen de manera responsable en cada uno de los proyectos que vayamos tratando\".<\/p>\n","protected":false},"excerpt":{"rendered":"<p>As\u00ed se refiri\u00f3 el vicegobernador de la provincia, Alberto Bernis al hacer referencia a la nueva herramienta digital presentada en la Legislatura: la Plataforma de Participaci\u00f3n Ciudadana. El acto protocolar del lanzamiento se llev\u00f3 a cabo en el sal\u00f3n Marcos Paz, estuvo encabezado por el vicegobernador Alberto Bernis y estuvo acompa\u00f1ado por el vicepresidente 1\u00ba [&hellip;]<\/p>\n","protected":false},"author":5,"featured_media":434293,"comment_status":"open","ping_status":"open","sticky":false,"template":"","format":"standard","meta":{"_stopmodifiedupdate":false,"_modified_date":"","inline_featured_image":false,"spay_email":"","jetpack_publicize_message":""},"categories":[514],"tags":[],"jetpack_featured_media_url":"https:\/\/notinor.com\/jujuy\/wp-content\/uploads\/2025\/10\/LEGIS.jpeg","jetpack_publicize_connections":[],"_links":{"self":[{"href":"https:\/\/notinor.com\/jujuy\/wp-json\/wp\/v2\/posts\/434292"}],"collection":[{"href":"https:\/\/notinor.com\/jujuy\/wp-json\/wp\/v2\/posts"}],"about":[{"href":"https:\/\/notinor.com\/jujuy\/wp-json\/wp\/v2\/types\/post"}],"author":[{"embeddable":true,"href":"https:\/\/notinor.com\/jujuy\/wp-json\/wp\/v2\/users\/5"}],"replies":[{"embeddable":true,"href":"https:\/\/notinor.com\/jujuy\/wp-json\/wp\/v2\/comments?post=434292"}],"version-history":[{"count":1,"href":"https:\/\/notinor.com\/jujuy\/wp-json\/wp\/v2\/posts\/434292\/revisions"}],"predecessor-version":[{"id":434302,"href":"https:\/\/notinor.com\/jujuy\/wp-json\/wp\/v2\/posts\/434292\/revisions\/434302"}],"wp:featuredmedia":[{"embeddable":true,"href":"https:\/\/notinor.com\/jujuy\/wp-json\/wp\/v2\/media\/434293"}],"wp:attachment":[{"href":"https:\/\/notinor.com\/jujuy\/wp-json\/wp\/v2\/media?parent=434292"}],"wp:term":[{"taxonomy":"category","embeddable":true,"href":"https:\/\/notinor.com\/jujuy\/wp-json\/wp\/v2\/categories?post=434292"},{"taxonomy":"post_tag","embeddable":true,"href":"https:\/\/notinor.com\/jujuy\/wp-json\/wp\/v2\/tags?post=434292"}],"curies":[{"name":"wp","href":"https:\/\/api.w.org\/{rel}","templated":true}]}}