{"id":434283,"date":"2025-10-13T20:45:00","date_gmt":"2025-10-13T23:45:00","guid":{"rendered":"https:\/\/notinor.com\/jujuy\/?p=434283"},"modified":"2025-10-14T09:10:16","modified_gmt":"2025-10-14T12:10:16","slug":"declararon-huesped-de-honor-al-periodista-luis-otero","status":"publish","type":"post","link":"https:\/\/notinor.com\/jujuy\/declararon-huesped-de-honor-al-periodista-luis-otero\/","title":{"rendered":"Declararon Hu\u00e9sped de Honor al periodista Luis Otero"},"content":{"rendered":"\n<p class=\"has-medium-font-size\"><strong><em>El Presidente del Concejo Deliberante, Lisandro Aguiar y la concejala Mar\u00eda Gal\u00e1n, entregaron la ordenanza N\u00b0 8198\/2025, que declara Hu\u00e9sped de Honor, m\u00e1s una placa honor\u00edfica, al periodista Luis Otero, en reconocimiento a su destacada trayectoria profesional, \u00e9tica y compromiso con la comunidad.<\/em><\/strong><\/p>\n\n\n<div class=\"wp-block-image\">\n<figure class=\"aligncenter size-large\"><img decoding=\"async\" loading=\"lazy\" width=\"720\" height=\"480\" src=\"https:\/\/notinor.com\/jujuy\/wp-content\/uploads\/2025\/10\/Entrega-1-1-720x480.jpg\" alt=\"\" class=\"wp-image-434285\" srcset=\"https:\/\/notinor.com\/jujuy\/wp-content\/uploads\/2025\/10\/Entrega-1-1-720x480.jpg 720w, https:\/\/notinor.com\/jujuy\/wp-content\/uploads\/2025\/10\/Entrega-1-1-547x365.jpg 547w, https:\/\/notinor.com\/jujuy\/wp-content\/uploads\/2025\/10\/Entrega-1-1-768x512.jpg 768w, https:\/\/notinor.com\/jujuy\/wp-content\/uploads\/2025\/10\/Entrega-1-1-1536x1024.jpg 1536w, https:\/\/notinor.com\/jujuy\/wp-content\/uploads\/2025\/10\/Entrega-1-1-2048x1366.jpg 2048w, https:\/\/notinor.com\/jujuy\/wp-content\/uploads\/2025\/10\/Entrega-1-1-750x500.jpg 750w, https:\/\/notinor.com\/jujuy\/wp-content\/uploads\/2025\/10\/Entrega-1-1-1140x760.jpg 1140w\" sizes=\"(max-width: 720px) 100vw, 720px\" \/><figcaption class=\"wp-element-caption\">El Presidente del Concejo Deliberante, Lisandro Aguiar, la concejala Mar\u00eda Gal\u00e1n y el periodista Luis Otero<\/figcaption><\/figure><\/div>\n\n\n<p>En los argumentos de la norma entregada, se destaca que la trayectoria de <strong>Luis Otero trasciende<\/strong> el \u00e1mbito profesional, proyect\u00e1ndose tambi\u00e9n en lo comunitario, lo educativo y lo social. Su figura constituye un ejemplo de integridad, compromiso y servicio, valores que merecen ser reconocidos y celebrados por nuestra comunidad.<\/p>\n\n\n<div class=\"wp-block-image\">\n<figure class=\"aligncenter size-large\"><img decoding=\"async\" loading=\"lazy\" width=\"720\" height=\"480\" src=\"https:\/\/notinor.com\/jujuy\/wp-content\/uploads\/2025\/10\/Entrega-1-2-720x480.jpg\" alt=\"\" class=\"wp-image-434286\" srcset=\"https:\/\/notinor.com\/jujuy\/wp-content\/uploads\/2025\/10\/Entrega-1-2-720x480.jpg 720w, https:\/\/notinor.com\/jujuy\/wp-content\/uploads\/2025\/10\/Entrega-1-2-548x365.jpg 548w, https:\/\/notinor.com\/jujuy\/wp-content\/uploads\/2025\/10\/Entrega-1-2-768x512.jpg 768w, https:\/\/notinor.com\/jujuy\/wp-content\/uploads\/2025\/10\/Entrega-1-2-1536x1024.jpg 1536w, https:\/\/notinor.com\/jujuy\/wp-content\/uploads\/2025\/10\/Entrega-1-2-2048x1365.jpg 2048w, https:\/\/notinor.com\/jujuy\/wp-content\/uploads\/2025\/10\/Entrega-1-2-750x500.jpg 750w, https:\/\/notinor.com\/jujuy\/wp-content\/uploads\/2025\/10\/Entrega-1-2-1140x760.jpg 1140w\" sizes=\"(max-width: 720px) 100vw, 720px\" \/><\/figure><\/div>\n\n\n<p>La entrega se realiz\u00f3 el pasado s\u00e1bado por la ma\u00f1ana en el Centro Cultural y Museo \"Casa Macedonio Graz\", en el marco del lanzamiento del Instituto de Comunicaci\u00f3n Audiovisual (IMCA). El encuentro cont\u00f3 con la presencia del Gobernador de la provincia, <strong>Carlos Sadir<\/strong>, el rector de la nueva instituci\u00f3n, <strong>Osvaldo Fabi\u00e1n Gorena,<\/strong> el locutor, periodista del canal \"El Trece\" y referente del Ente Nacional de Comunicaciones (ENACOM), <strong>Luis Otero<\/strong>, junto a directivos del Instituto Superior de Ense\u00f1anza Radiof\u00f3nica (ISER).<\/p>\n\n\n<div class=\"wp-block-image\">\n<figure class=\"aligncenter size-large\"><img decoding=\"async\" loading=\"lazy\" width=\"720\" height=\"480\" src=\"https:\/\/notinor.com\/jujuy\/wp-content\/uploads\/2025\/10\/Entrega-1-3-720x480.jpg\" alt=\"\" class=\"wp-image-434287\" srcset=\"https:\/\/notinor.com\/jujuy\/wp-content\/uploads\/2025\/10\/Entrega-1-3-720x480.jpg 720w, https:\/\/notinor.com\/jujuy\/wp-content\/uploads\/2025\/10\/Entrega-1-3-548x365.jpg 548w, https:\/\/notinor.com\/jujuy\/wp-content\/uploads\/2025\/10\/Entrega-1-3-768x512.jpg 768w, https:\/\/notinor.com\/jujuy\/wp-content\/uploads\/2025\/10\/Entrega-1-3-1536x1024.jpg 1536w, https:\/\/notinor.com\/jujuy\/wp-content\/uploads\/2025\/10\/Entrega-1-3-2048x1365.jpg 2048w, https:\/\/notinor.com\/jujuy\/wp-content\/uploads\/2025\/10\/Entrega-1-3-750x500.jpg 750w, https:\/\/notinor.com\/jujuy\/wp-content\/uploads\/2025\/10\/Entrega-1-3-1140x760.jpg 1140w\" sizes=\"(max-width: 720px) 100vw, 720px\" \/><\/figure><\/div>\n\n\n<p>Al respecto, Lisandro Aguiar, destac\u00f3: \"Fue un gusto recibir a Luis Otero y realizar este reconocimiento como Hu\u00e9sped de Honor desde el Concejo Deliberante de San Salvador de Jujuy. Destacar su trayectoria y la finalidad de su visita, que es la posibilidad de que en San Salvador de Jujuy, en nuestra provincia, podamos emitir a trav\u00e9s del IMCA (Instituto Modelo de Comunicaci\u00f3n Audiovisual) t\u00edtulos de locutor nacional en el marco del ISER\".<\/p>\n\n\n<div class=\"wp-block-image\">\n<figure class=\"aligncenter size-large\"><img decoding=\"async\" loading=\"lazy\" width=\"720\" height=\"480\" src=\"https:\/\/notinor.com\/jujuy\/wp-content\/uploads\/2025\/10\/Entrega-1-4-720x480.jpg\" alt=\"\" class=\"wp-image-434288\" srcset=\"https:\/\/notinor.com\/jujuy\/wp-content\/uploads\/2025\/10\/Entrega-1-4-720x480.jpg 720w, https:\/\/notinor.com\/jujuy\/wp-content\/uploads\/2025\/10\/Entrega-1-4-548x365.jpg 548w, https:\/\/notinor.com\/jujuy\/wp-content\/uploads\/2025\/10\/Entrega-1-4-768x512.jpg 768w, https:\/\/notinor.com\/jujuy\/wp-content\/uploads\/2025\/10\/Entrega-1-4-1536x1024.jpg 1536w, https:\/\/notinor.com\/jujuy\/wp-content\/uploads\/2025\/10\/Entrega-1-4-2048x1365.jpg 2048w, https:\/\/notinor.com\/jujuy\/wp-content\/uploads\/2025\/10\/Entrega-1-4-750x500.jpg 750w, https:\/\/notinor.com\/jujuy\/wp-content\/uploads\/2025\/10\/Entrega-1-4-1140x760.jpg 1140w\" sizes=\"(max-width: 720px) 100vw, 720px\" \/><\/figure><\/div>\n\n\n<p>Asimismo, Aguiar remarc\u00f3: \"Realmente es un verdadero gusto y creo que hay un desaf\u00edo muy importante para seguir creciendo con esta y otras carreras que puedan brindar, desde el polo de desarrollo que est\u00e1 gener\u00e1ndose en nuestra ciudad, la posibilidad que muchos estudiantes de San Salvador de Jujuy y de la provincia, tambi\u00e9n de provincias cercanas, puedan venir a estudiar\".<\/p>\n\n\n<div class=\"wp-block-image\">\n<figure class=\"aligncenter size-large\"><img decoding=\"async\" loading=\"lazy\" width=\"720\" height=\"480\" src=\"https:\/\/notinor.com\/jujuy\/wp-content\/uploads\/2025\/10\/Entrega-1-5-720x480.jpg\" alt=\"\" class=\"wp-image-434289\" srcset=\"https:\/\/notinor.com\/jujuy\/wp-content\/uploads\/2025\/10\/Entrega-1-5-720x480.jpg 720w, https:\/\/notinor.com\/jujuy\/wp-content\/uploads\/2025\/10\/Entrega-1-5-548x365.jpg 548w, https:\/\/notinor.com\/jujuy\/wp-content\/uploads\/2025\/10\/Entrega-1-5-768x512.jpg 768w, https:\/\/notinor.com\/jujuy\/wp-content\/uploads\/2025\/10\/Entrega-1-5-1536x1024.jpg 1536w, https:\/\/notinor.com\/jujuy\/wp-content\/uploads\/2025\/10\/Entrega-1-5-2048x1365.jpg 2048w, https:\/\/notinor.com\/jujuy\/wp-content\/uploads\/2025\/10\/Entrega-1-5-750x500.jpg 750w, https:\/\/notinor.com\/jujuy\/wp-content\/uploads\/2025\/10\/Entrega-1-5-1140x760.jpg 1140w\" sizes=\"(max-width: 720px) 100vw, 720px\" \/><\/figure><\/div>\n\n\n<p>Finalmente, el concejal agradeci\u00f3 \"a Fabi\u00e1n Gorena y a todo el equipo que hizo posible esta realidad y, por supuesto, al Gobernador de la provincia que permanentemente est\u00e1 articulando para que la oferta acad\u00e9mica, como lo que ha pasado con la carrera de Medicina o Abogac\u00eda, pueda seguir creciendo\", concluy\u00f3.<\/p>\n\n\n\n<p>Nota Audiovisual:&nbsp;<a href=\"https:\/\/youtu.be\/8eHHWPo9Avc\" target=\"_blank\" rel=\"noreferrer noopener\">https:\/\/youtu.be\/8eHHWPo9Avc<\/a><\/p>\n","protected":false},"excerpt":{"rendered":"<p>El Presidente del Concejo Deliberante, Lisandro Aguiar y la concejala Mar\u00eda Gal\u00e1n, entregaron la ordenanza N\u00b0 8198\/2025, que declara Hu\u00e9sped de Honor, m\u00e1s una placa honor\u00edfica, al periodista Luis Otero, en reconocimiento a su destacada trayectoria profesional, \u00e9tica y compromiso con la comunidad. En los argumentos de la norma entregada, se destaca que la trayectoria [&hellip;]<\/p>\n","protected":false},"author":5,"featured_media":434284,"comment_status":"open","ping_status":"open","sticky":false,"template":"","format":"standard","meta":{"_stopmodifiedupdate":false,"_modified_date":"","inline_featured_image":false,"spay_email":"","jetpack_publicize_message":""},"categories":[514],"tags":[],"jetpack_featured_media_url":"https:\/\/notinor.com\/jujuy\/wp-content\/uploads\/2025\/10\/Entrega-7.jpg","jetpack_publicize_connections":[],"_links":{"self":[{"href":"https:\/\/notinor.com\/jujuy\/wp-json\/wp\/v2\/posts\/434283"}],"collection":[{"href":"https:\/\/notinor.com\/jujuy\/wp-json\/wp\/v2\/posts"}],"about":[{"href":"https:\/\/notinor.com\/jujuy\/wp-json\/wp\/v2\/types\/post"}],"author":[{"embeddable":true,"href":"https:\/\/notinor.com\/jujuy\/wp-json\/wp\/v2\/users\/5"}],"replies":[{"embeddable":true,"href":"https:\/\/notinor.com\/jujuy\/wp-json\/wp\/v2\/comments?post=434283"}],"version-history":[{"count":2,"href":"https:\/\/notinor.com\/jujuy\/wp-json\/wp\/v2\/posts\/434283\/revisions"}],"predecessor-version":[{"id":434291,"href":"https:\/\/notinor.com\/jujuy\/wp-json\/wp\/v2\/posts\/434283\/revisions\/434291"}],"wp:featuredmedia":[{"embeddable":true,"href":"https:\/\/notinor.com\/jujuy\/wp-json\/wp\/v2\/media\/434284"}],"wp:attachment":[{"href":"https:\/\/notinor.com\/jujuy\/wp-json\/wp\/v2\/media?parent=434283"}],"wp:term":[{"taxonomy":"category","embeddable":true,"href":"https:\/\/notinor.com\/jujuy\/wp-json\/wp\/v2\/categories?post=434283"},{"taxonomy":"post_tag","embeddable":true,"href":"https:\/\/notinor.com\/jujuy\/wp-json\/wp\/v2\/tags?post=434283"}],"curies":[{"name":"wp","href":"https:\/\/api.w.org\/{rel}","templated":true}]}}