{"id":434108,"date":"2025-10-08T21:10:00","date_gmt":"2025-10-09T00:10:00","guid":{"rendered":"https:\/\/notinor.com\/jujuy\/?p=434108"},"modified":"2025-10-08T09:10:42","modified_gmt":"2025-10-08T09:10:42","slug":"declararon-de-interes-municipal-el-iv-congreso-argentino-de-agroecologia","status":"publish","type":"post","link":"https:\/\/notinor.com\/jujuy\/declararon-de-interes-municipal-el-iv-congreso-argentino-de-agroecologia\/","title":{"rendered":"Declararon de Inter\u00e9s Municipal el IV Congreso Argentino de Agroecolog\u00eda"},"content":{"rendered":"\n<p class=\"has-medium-font-size\"><strong><em>En el marco de la comisi\u00f3n de Cultura, Educaci\u00f3n y Turismo, concejales hicieron entrega de la Minuta N\u00ba 120, que declara de Inter\u00e9s Municipal el IV Congreso argentino de Agroecolog\u00eda, que se llevar\u00e1 a cabo el 12, 13 y 14 de noviembre pr\u00f3ximo, en instalaciones del Rectorado de la Universidad Nacional de Jujuy. Los interesados en participar de conferencias, mesas redondas, talleres y dem\u00e1s, pueden visitar la p\u00e1gina web del Congreso:\u00a0<a rel=\"noreferrer noopener\" href=\"https:\/\/ivcaaejujuy.unju.edu.ar\/\" target=\"_blank\">https:\/\/ivcaaejujuy.unju.edu.ar\/<\/a><\/em><\/strong><\/p>\n\n\n<div class=\"wp-block-image\">\n<figure class=\"aligncenter size-large\"><img decoding=\"async\" loading=\"lazy\" width=\"720\" height=\"480\" src=\"https:\/\/notinor.com\/jujuy\/wp-content\/uploads\/2025\/10\/Entrega1-720x480.jpg\" alt=\"\" class=\"wp-image-434110\" srcset=\"https:\/\/notinor.com\/jujuy\/wp-content\/uploads\/2025\/10\/Entrega1-720x480.jpg 720w, https:\/\/notinor.com\/jujuy\/wp-content\/uploads\/2025\/10\/Entrega1-548x365.jpg 548w, https:\/\/notinor.com\/jujuy\/wp-content\/uploads\/2025\/10\/Entrega1-768x512.jpg 768w, https:\/\/notinor.com\/jujuy\/wp-content\/uploads\/2025\/10\/Entrega1-1536x1024.jpg 1536w, https:\/\/notinor.com\/jujuy\/wp-content\/uploads\/2025\/10\/Entrega1-2048x1365.jpg 2048w, https:\/\/notinor.com\/jujuy\/wp-content\/uploads\/2025\/10\/Entrega1-750x500.jpg 750w, https:\/\/notinor.com\/jujuy\/wp-content\/uploads\/2025\/10\/Entrega1-1140x760.jpg 1140w\" sizes=\"(max-width: 720px) 100vw, 720px\" \/><\/figure><\/div>\n\n\n<p>El concejal <strong>Gast\u00f3n Mill\u00f3n<\/strong>, a cargo de la comisi\u00f3n mencionada, coment\u00f3 que recibieron la visita de la Comisi\u00f3n Organizadora del Congreso de Agroecolog\u00eda y en este sentido, detall\u00f3: \"Fuimos sorprendidos cuando preguntamos por la cantidad de concurrentes que se espera y nos dicen que probablemente m\u00e1s de mil personas; es un n\u00famero sorprendente\". En cuanto al Congreso, asegur\u00f3 que las actividades son muy interesantes \"tendr\u00e1 una participaci\u00f3n de artistas locales muy importante, adem\u00e1s se van a llevar adelante experiencias agroecol\u00f3gicas vinculadas a las Yungas, Quebrada, Valles. En definitiva, tambi\u00e9n sorprendi\u00f3 cuando dijeron que menos de la mitad son de Jujuy, con lo cual es concurrencia nacional e internacional, porque tambi\u00e9n confirmaron varias delegaciones internacionales\".<\/p>\n\n\n<div class=\"wp-block-image\">\n<figure class=\"aligncenter size-large\"><img decoding=\"async\" loading=\"lazy\" width=\"720\" height=\"480\" src=\"https:\/\/notinor.com\/jujuy\/wp-content\/uploads\/2025\/10\/Entrega1-1-720x480.jpg\" alt=\"\" class=\"wp-image-434111\" srcset=\"https:\/\/notinor.com\/jujuy\/wp-content\/uploads\/2025\/10\/Entrega1-1-720x480.jpg 720w, https:\/\/notinor.com\/jujuy\/wp-content\/uploads\/2025\/10\/Entrega1-1-548x365.jpg 548w, https:\/\/notinor.com\/jujuy\/wp-content\/uploads\/2025\/10\/Entrega1-1-768x512.jpg 768w, https:\/\/notinor.com\/jujuy\/wp-content\/uploads\/2025\/10\/Entrega1-1-1536x1024.jpg 1536w, https:\/\/notinor.com\/jujuy\/wp-content\/uploads\/2025\/10\/Entrega1-1-2048x1365.jpg 2048w, https:\/\/notinor.com\/jujuy\/wp-content\/uploads\/2025\/10\/Entrega1-1-750x500.jpg 750w, https:\/\/notinor.com\/jujuy\/wp-content\/uploads\/2025\/10\/Entrega1-1-1140x760.jpg 1140w\" sizes=\"(max-width: 720px) 100vw, 720px\" \/><\/figure><\/div>\n\n\n<p>Por su parte, la Mg. <strong>Susana \u00c1lvarez<\/strong>, defini\u00f3 de muy importante que todos conozcan este evento, ya que \"es un evento nacional que convoca no solamente participantes de todas las provincias, sino tambi\u00e9n incluso de pa\u00edses lim\u00edtrofes, porque obviamente nuestra provincia es productiva, agr\u00edcola, constituida por una gran diversidad cultural de formas de producci\u00f3n; tambi\u00e9n donde hay peque\u00f1os productores agricultores, familiares, emprendedores y productores industrializados\". Y continu\u00f3, \"en estos congresos se debaten todas estas formas de producci\u00f3n de manera que sean sostenibles, amigables con el ambiente, que generen productos sanos para el consumo tanto nuestro como para el consumo de otros mercados\".<\/p>\n\n\n<div class=\"wp-block-image\">\n<figure class=\"aligncenter size-large\"><img decoding=\"async\" loading=\"lazy\" width=\"720\" height=\"480\" src=\"https:\/\/notinor.com\/jujuy\/wp-content\/uploads\/2025\/10\/Entrega1-2-720x480.jpg\" alt=\"\" class=\"wp-image-434112\" srcset=\"https:\/\/notinor.com\/jujuy\/wp-content\/uploads\/2025\/10\/Entrega1-2-720x480.jpg 720w, https:\/\/notinor.com\/jujuy\/wp-content\/uploads\/2025\/10\/Entrega1-2-548x365.jpg 548w, https:\/\/notinor.com\/jujuy\/wp-content\/uploads\/2025\/10\/Entrega1-2-768x512.jpg 768w, https:\/\/notinor.com\/jujuy\/wp-content\/uploads\/2025\/10\/Entrega1-2-1536x1024.jpg 1536w, https:\/\/notinor.com\/jujuy\/wp-content\/uploads\/2025\/10\/Entrega1-2-2048x1365.jpg 2048w, https:\/\/notinor.com\/jujuy\/wp-content\/uploads\/2025\/10\/Entrega1-2-750x500.jpg 750w, https:\/\/notinor.com\/jujuy\/wp-content\/uploads\/2025\/10\/Entrega1-2-1140x760.jpg 1140w\" sizes=\"(max-width: 720px) 100vw, 720px\" \/><\/figure><\/div>\n\n\n<p>Por \u00faltimo, Susana \u00c1lvarez remarc\u00f3: \"Aspiramos a que sea un encuentro no s\u00f3lo para aprender, intercambiar saberes cient\u00edficos, sino tambi\u00e9n experiencias y saberes de nuestras comunidades y pueblos, porque el lema del Congreso es: Tejiendo redes entre ciencia y tradici\u00f3n, al abrigo de la Pachamama\".<\/p>\n\n\n<div class=\"wp-block-image\">\n<figure class=\"aligncenter size-large\"><img decoding=\"async\" loading=\"lazy\" width=\"720\" height=\"480\" src=\"https:\/\/notinor.com\/jujuy\/wp-content\/uploads\/2025\/10\/Entrega1-3-720x480.jpg\" alt=\"\" class=\"wp-image-434113\" srcset=\"https:\/\/notinor.com\/jujuy\/wp-content\/uploads\/2025\/10\/Entrega1-3-720x480.jpg 720w, https:\/\/notinor.com\/jujuy\/wp-content\/uploads\/2025\/10\/Entrega1-3-548x365.jpg 548w, https:\/\/notinor.com\/jujuy\/wp-content\/uploads\/2025\/10\/Entrega1-3.jpg 750w\" sizes=\"(max-width: 720px) 100vw, 720px\" \/><\/figure><\/div>\n\n\n<p>Participaron de la entrega de la r\u00fabrica, el Presidente del Concejo Deliberante, <strong>Lisandro Aguiar, <\/strong>junto a los concejales: <strong>Gast\u00f3n Mill\u00f3n<\/strong>, <strong>Melisa Silva,<\/strong> <strong>Mar\u00eda Gal\u00e1n<\/strong>, <strong>Liliana Gim\u00e9nez <\/strong>y <strong>Keila Zequeiros<\/strong>. Por parte de la comisi\u00f3n organizadora del Congreso estuvieron presentes: Mg. <strong>Susana \u00c1lvarez<\/strong>, Ing.<strong> Nancy Sivila <\/strong>y Dra.<strong> Cristina Rueda.<\/strong><\/p>\n\n\n<div class=\"wp-block-image\">\n<figure class=\"aligncenter size-large\"><img decoding=\"async\" loading=\"lazy\" width=\"720\" height=\"480\" src=\"https:\/\/notinor.com\/jujuy\/wp-content\/uploads\/2025\/10\/Entrega1-4-720x480.jpg\" alt=\"\" class=\"wp-image-434114\" srcset=\"https:\/\/notinor.com\/jujuy\/wp-content\/uploads\/2025\/10\/Entrega1-4-720x480.jpg 720w, https:\/\/notinor.com\/jujuy\/wp-content\/uploads\/2025\/10\/Entrega1-4-548x365.jpg 548w, https:\/\/notinor.com\/jujuy\/wp-content\/uploads\/2025\/10\/Entrega1-4.jpg 750w\" sizes=\"(max-width: 720px) 100vw, 720px\" \/><\/figure><\/div>\n\n\n<p>Nota Audiovisual:&nbsp;<a href=\"https:\/\/youtu.be\/X_Phy_TMK-k\" target=\"_blank\" rel=\"noreferrer noopener\">https:\/\/youtu.be\/X_Phy_TMK-k<\/a><\/p>\n","protected":false},"excerpt":{"rendered":"<p>En el marco de la comisi\u00f3n de Cultura, Educaci\u00f3n y Turismo, concejales hicieron entrega de la Minuta N\u00ba 120, que declara de Inter\u00e9s Municipal el IV Congreso argentino de Agroecolog\u00eda, que se llevar\u00e1 a cabo el 12, 13 y 14 de noviembre pr\u00f3ximo, en instalaciones del Rectorado de la Universidad Nacional de Jujuy. Los interesados [&hellip;]<\/p>\n","protected":false},"author":5,"featured_media":434109,"comment_status":"open","ping_status":"open","sticky":false,"template":"","format":"standard","meta":{"_stopmodifiedupdate":false,"_modified_date":"","inline_featured_image":false,"spay_email":"","jetpack_publicize_message":""},"categories":[514],"tags":[],"jetpack_featured_media_url":"https:\/\/notinor.com\/jujuy\/wp-content\/uploads\/2025\/10\/Entrega-6-scaled.jpg","jetpack_publicize_connections":[],"_links":{"self":[{"href":"https:\/\/notinor.com\/jujuy\/wp-json\/wp\/v2\/posts\/434108"}],"collection":[{"href":"https:\/\/notinor.com\/jujuy\/wp-json\/wp\/v2\/posts"}],"about":[{"href":"https:\/\/notinor.com\/jujuy\/wp-json\/wp\/v2\/types\/post"}],"author":[{"embeddable":true,"href":"https:\/\/notinor.com\/jujuy\/wp-json\/wp\/v2\/users\/5"}],"replies":[{"embeddable":true,"href":"https:\/\/notinor.com\/jujuy\/wp-json\/wp\/v2\/comments?post=434108"}],"version-history":[{"count":1,"href":"https:\/\/notinor.com\/jujuy\/wp-json\/wp\/v2\/posts\/434108\/revisions"}],"predecessor-version":[{"id":434115,"href":"https:\/\/notinor.com\/jujuy\/wp-json\/wp\/v2\/posts\/434108\/revisions\/434115"}],"wp:featuredmedia":[{"embeddable":true,"href":"https:\/\/notinor.com\/jujuy\/wp-json\/wp\/v2\/media\/434109"}],"wp:attachment":[{"href":"https:\/\/notinor.com\/jujuy\/wp-json\/wp\/v2\/media?parent=434108"}],"wp:term":[{"taxonomy":"category","embeddable":true,"href":"https:\/\/notinor.com\/jujuy\/wp-json\/wp\/v2\/categories?post=434108"},{"taxonomy":"post_tag","embeddable":true,"href":"https:\/\/notinor.com\/jujuy\/wp-json\/wp\/v2\/tags?post=434108"}],"curies":[{"name":"wp","href":"https:\/\/api.w.org\/{rel}","templated":true}]}}