{"id":434092,"date":"2025-10-08T14:15:48","date_gmt":"2025-10-08T17:15:48","guid":{"rendered":"https:\/\/notinor.com\/jujuy\/?p=434092"},"modified":"2025-10-08T14:15:50","modified_gmt":"2025-10-08T17:15:50","slug":"pescadores-artesanales-denunciaron-que-una-flota-china-ilegal-esta-depredando-el-mar-territorial-de-chile","status":"publish","type":"post","link":"https:\/\/notinor.com\/jujuy\/pescadores-artesanales-denunciaron-que-una-flota-china-ilegal-esta-depredando-el-mar-territorial-de-chile\/","title":{"rendered":"Pescadores artesanales denunciaron que una flota china ilegal est\u00e1 depredando el mar territorial de Chile"},"content":{"rendered":"\n<p class=\"has-medium-font-size\"><strong><em>Aseguran que 166 barcos se dedican a saquear la jibia, un molusco que ha desaparecido progresivamente de las costas. Piden que las autoridades hagan respetar la Zona Econ\u00f3mica Exclusiva de 200 millas.<\/em><\/strong><\/p>\n\n\n\n<p class=\"has-text-align-center\"><img decoding=\"async\" loading=\"lazy\" height=\"1080\" width=\"1920\" src=\"https:\/\/www.infobae.com\/resizer\/v2\/4UVW5YEITVCZRJH5AJDT4BS5C4.jpg?auth=b8c5a315850a7a8bb06d11cd3b347db756166144fc5bd6543e7f96ae227eda55&amp;smart=true&amp;width=350&amp;height=197&amp;quality=85\" alt=\"La flota est\u00e1 compuesta mayormente\">La flota est\u00e1 compuesta mayormente por embarcaciones bajo bandera china, pero tambi\u00e9n coreana y de Vanuatu.<\/p>\n\n\n\n<p>En estado de&nbsp;<strong>alerta<\/strong>&nbsp;se encuentran buena parte de los&nbsp;<strong>pescadores artesanales<\/strong>&nbsp;chilenos, quienes acusan que una&nbsp;<strong>flota de barcos mayormente chinos<\/strong>&nbsp;est\u00e1&nbsp;<strong>operando ilegalmente<\/strong>&nbsp;dentro de aguas nacionales depredando espec\u00edficamente la&nbsp;<strong>jibia<\/strong>, recurso que, aseguran, desapareci\u00f3 hace ya tres meses de las costas.<\/p>\n\n\n\n<p>De acuerdo a diversos dirigentes, se trata de unas&nbsp;<strong>166 embarcaciones<\/strong>&nbsp;que traspasar\u00edan la&nbsp;<strong>Zona Econ\u00f3mica Exclusiva de 200 millas<\/strong>&nbsp;sin ser fiscalizados por la autoridad mar\u00edtima correspondiente, la que no dar\u00eda abasto. Debido a esto, varias protestas se han desarrollado en los puertos de&nbsp;<strong>Coquimbo, Valpara\u00edso y San Antonio,<\/strong>&nbsp;donde los hombres de mar han encendido barricadas y bloqueado calles, enfrent\u00e1ndose a la polic\u00eda.<\/p>\n\n\n\n<p>Seg\u00fan&nbsp;<strong>Hugo Poblete, presidente de la Federaci\u00f3n de Pescadores Artesanales de la Bah\u00eda Narau de Quintero y Puchuncav\u00ed<\/strong>, en tiempos pasados \u201cla Armada escoltaba a estos barcos hasta las 200 millas y ah\u00ed hac\u00edan sus faenas. Pero<strong>&nbsp;ahora est\u00e1n ingresando de a dos barcos hacia la costa, quedando apenas a 15 o 20 millas, justo donde se captura la jibia\u201d,<\/strong>&nbsp;acus\u00f3 en conversaci\u00f3n con&nbsp;<em>Radio B\u00edo B\u00edo Valpara\u00edso.<\/em><\/p>\n\n\n\n<p><strong>\u201cNo hay jibia hace tres meses<\/strong>\u00a0y creemos que este puede ser un factor. Hay m\u00e1s de 50 barcos pescando en las 200 millas, un enjambre que no deja entrar el recurso hacia las costas\u201d, agreg\u00f3.<\/p>\n\n\n\n<p class=\"has-text-align-center\"><img decoding=\"async\" loading=\"lazy\" height=\"1080\" width=\"1920\" src=\"https:\/\/www.infobae.com\/resizer\/v2\/RKU7XUZHNVB7RKBKNBVIVRZMAY.jpg?auth=2f8fa5ed759be4e27e0fa5332b4142a8abb33cd00729c0c4ff0a5ab162485e3b&amp;smart=true&amp;width=350&amp;height=197&amp;quality=85\" alt=\"\u201cNo hay jibia hace tres\">\u201cNo hay jibia hace tres meses\", acusan los pescadores artesanales.<\/p>\n\n\n\n<p>De la misma opini\u00f3n fue&nbsp;<strong>Alberto Olivares, presidente de la Federaci\u00f3n de Pescadores de Iquique,<\/strong>&nbsp;quien sostuvo que dicha flota se comporta como \u201cverdaderas termitas que destruyen todo, arrasan todo el ecosistema (\u2026)&nbsp;<strong>Han sido denunciadas por traspasar las 200 millas en otros pa\u00edses y no tenemos certeza de que no lo est\u00e9n haciendo ac\u00e1\u201d,<\/strong>&nbsp;esta vez en entrevista con<em>&nbsp;Radio B\u00edo B\u00edo de Santiago.<\/em><\/p>\n\n\n\n<p><strong>\u201cPrenden todas sus luces y parecen \u00e1rboles de Pascua. La jibia se siente atra\u00edda por la luminosidad, por lo que podr\u00edan estar pescando dentro del territorio chileno\u201d,<\/strong>&nbsp;complement\u00f3.<\/p>\n\n\n\n<p>Olivares asegur\u00f3 adem\u00e1s que \u201cSernapesca (Servicio Nacional de Pesca) no tiene la log\u00edstica para controlar estas flotas y la Armada no puede hacerlo las 24 horas del d\u00eda. Por eso pedimos&nbsp;<strong>mayor monitoreo&nbsp;<\/strong>y que los buques sean escoltados cuando ingresen y salgan de puertos nacionales. Si desaparece la jibia, tambi\u00e9n se ver\u00e1 afectado el pez espada, del cual viven muchas familias en el norte\u201d, exhort\u00f3.<\/p>\n\n\n\n<p>As\u00ed las cosas, los pescadores artesanales anunciaron para esta jornada diversas\u00a0<strong>manifestaciones a lo largo del pa\u00eds<\/strong>, a fin de visibilizar esta situaci\u00f3n.<\/p>\n\n\n\n<p class=\"has-text-align-center\"><img decoding=\"async\" loading=\"lazy\" height=\"1080\" width=\"1920\" src=\"https:\/\/www.infobae.com\/resizer\/v2\/SYCSL3FSK5ACHE6OL4SVH77QRU.jpg?auth=8ee50d3524c679fe5e81678004c52f680d318a8405b836819d00aa714e68b73c&amp;smart=true&amp;width=350&amp;height=197&amp;quality=85\" alt=\"Los pescadores artesanales ya han\">Los pescadores artesanales ya han realizado protestas en diversos puertos y llamaron a una movilizaci\u00f3n nacional para esta jornada.<\/p>\n\n\n\n<p><strong>Autoridad niega pesca ilega<\/strong>l<\/p>\n\n\n\n<p>Sin embargo, desde la&nbsp;<strong>Armada y Sernapesca<\/strong>&nbsp;aseguraron que la flota china est\u00e1 siendo&nbsp;<strong>monitoreada constantemente&nbsp;<\/strong>y que ninguna embarcaci\u00f3n ha sido detectada dentro de la Zona Econ\u00f3mica Exclusiva.<\/p>\n\n\n\n<p>\u201cTuvimos el caso de dos o tres embarcaciones que encendieron sus luces de pesca. Esa situaci\u00f3n fue corregida, se le inform\u00f3 a esas naves que no est\u00e1n autorizadas a encender sus luces de pesca y, por lo tanto, lo que eventualmente se pudo haber apreciado es el encendido de estas luces, pero&nbsp;<strong>en ning\u00fan caso faenas de pesca\u201d,<\/strong>&nbsp;asegur\u00f3 a Cooperativa&nbsp;<strong>el contraalmirante Sigfrido Ram\u00edrez,&nbsp;<\/strong>director de Seguridad y Operaciones Mar\u00edtimas de la Armada.<\/p>\n\n\n\n<p>\u201cEsta flota se dedica a la pesca del&nbsp;<strong>calamar rojo<\/strong>, la flota potera<strong>,<\/strong>&nbsp;que es principalmente de&nbsp;<strong>bandera china,<\/strong>&nbsp;<strong>bandera coreana y en menor n\u00famero de banderas de Vanuatu.<\/strong>&nbsp;Es una flota din\u00e1mica que cambia sus \u00e1reas de pesca y va alternando el \u00e1rea del Pac\u00edfico, al sur de las Islas Gal\u00e1pagos, al Atl\u00e1ntico\", detall\u00f3.<\/p>\n\n\n\n<p><strong>\u201cLo m\u00e1s probable es que est\u00e9 pr\u00f3xima a hacer su cambio de \u00e1reas de pesca desde el Pac\u00edfico hasta el Atl\u00e1ntico<\/strong>. Por lo tanto, se est\u00e1 generando un desplazamiento hacia el sur y actualmente frente a las costas de Iquique tenemos 66 naves que est\u00e1n fuera de la Zona Econ\u00f3mica Exclusiva, y si hacemos un un barrido m\u00e1s amplio, en total frente a las costas de Arica e Iquique, siempre por fuera de las 200 millas, aproximadamente 166 naves, que es el n\u00famero habitual que hace el cruce desde el Pac\u00edfico al Atl\u00e1ntico\", cerr\u00f3 Ram\u00edrez.<\/p>\n\n\n\n<p>Por su parte,&nbsp;<strong>Esteban Donoso, director nacional de Sernapesca subrogante<\/strong>, indic\u00f3 al medio citado que&nbsp;<strong>\u201cen los \u00faltimos dos a\u00f1os, no hemos verificado operaci\u00f3n de buques pesqueros extranjeros dentro de la Zona Econ\u00f3mica Exclusiva<\/strong>&nbsp;(...) Todos los buques que recalan dentro de nuestros puertos tienen fiscalizaci\u00f3n y adem\u00e1s son&nbsp;<strong>fiscalizados y monitoreados a trav\u00e9s de la se\u00f1al satelital<\/strong>: verificamos los tracks de navegaci\u00f3n, verificamos la correcta transmisi\u00f3n de los instrumentos y verificamos adem\u00e1s las bodegas para verificar efectivamente la condici\u00f3n de pesca o no pesca que ellos hayan declarado\", asever\u00f3.<\/p>\n\n\n\n<p>\u201cHace una semana devolvimos a un buque porque hab\u00eda&nbsp;<strong>declarado que no ten\u00eda pesca<\/strong>, bajamos a la bodega y ten\u00eda pesca que hab\u00eda hecho como resultado de sus operaciones pesqueras en la Zona Econ\u00f3mica Exclusiva, y lo aclar\u00f3\u201c, remat\u00f3 la autoridad mar\u00edtima.<\/p>\n","protected":false},"excerpt":{"rendered":"<p>Aseguran que 166 barcos se dedican a saquear la jibia, un molusco que ha desaparecido progresivamente de las costas. Piden que las autoridades hagan respetar la Zona Econ\u00f3mica Exclusiva de 200 millas. La flota est\u00e1 compuesta mayormente por embarcaciones bajo bandera china, pero tambi\u00e9n coreana y de Vanuatu. En estado de&nbsp;alerta&nbsp;se encuentran buena parte de [&hellip;]<\/p>\n","protected":false},"author":5,"featured_media":434093,"comment_status":"open","ping_status":"open","sticky":false,"template":"","format":"standard","meta":{"_stopmodifiedupdate":false,"_modified_date":"","inline_featured_image":false,"spay_email":"","jetpack_publicize_message":""},"categories":[6],"tags":[],"jetpack_featured_media_url":"https:\/\/notinor.com\/jujuy\/wp-content\/uploads\/2025\/10\/BARCOS.jpg","jetpack_publicize_connections":[],"_links":{"self":[{"href":"https:\/\/notinor.com\/jujuy\/wp-json\/wp\/v2\/posts\/434092"}],"collection":[{"href":"https:\/\/notinor.com\/jujuy\/wp-json\/wp\/v2\/posts"}],"about":[{"href":"https:\/\/notinor.com\/jujuy\/wp-json\/wp\/v2\/types\/post"}],"author":[{"embeddable":true,"href":"https:\/\/notinor.com\/jujuy\/wp-json\/wp\/v2\/users\/5"}],"replies":[{"embeddable":true,"href":"https:\/\/notinor.com\/jujuy\/wp-json\/wp\/v2\/comments?post=434092"}],"version-history":[{"count":1,"href":"https:\/\/notinor.com\/jujuy\/wp-json\/wp\/v2\/posts\/434092\/revisions"}],"predecessor-version":[{"id":434094,"href":"https:\/\/notinor.com\/jujuy\/wp-json\/wp\/v2\/posts\/434092\/revisions\/434094"}],"wp:featuredmedia":[{"embeddable":true,"href":"https:\/\/notinor.com\/jujuy\/wp-json\/wp\/v2\/media\/434093"}],"wp:attachment":[{"href":"https:\/\/notinor.com\/jujuy\/wp-json\/wp\/v2\/media?parent=434092"}],"wp:term":[{"taxonomy":"category","embeddable":true,"href":"https:\/\/notinor.com\/jujuy\/wp-json\/wp\/v2\/categories?post=434092"},{"taxonomy":"post_tag","embeddable":true,"href":"https:\/\/notinor.com\/jujuy\/wp-json\/wp\/v2\/tags?post=434092"}],"curies":[{"name":"wp","href":"https:\/\/api.w.org\/{rel}","templated":true}]}}