{"id":434089,"date":"2025-10-08T14:05:37","date_gmt":"2025-10-08T17:05:37","guid":{"rendered":"https:\/\/notinor.com\/jujuy\/?p=434089"},"modified":"2025-10-08T14:05:39","modified_gmt":"2025-10-08T17:05:39","slug":"veronica-castro-fue-vista-en-silla-de-ruedas-y-su-salud-encendio-las-alarmas","status":"publish","type":"post","link":"https:\/\/notinor.com\/jujuy\/veronica-castro-fue-vista-en-silla-de-ruedas-y-su-salud-encendio-las-alarmas\/","title":{"rendered":"Ver\u00f3nica Castro fue vista en silla de ruedas y su salud encendi\u00f3 las alarmas"},"content":{"rendered":"\n<p class=\"has-medium-font-size\"><strong><em>La artista mexicana fue vista en el aeropuerto de M\u00e9xico con un tanque de ox\u00edgeno. La misma actriz aclar\u00f3 la situaci\u00f3n.<\/em><\/strong><\/p>\n\n\n<div class=\"wp-block-image\">\n<figure class=\"aligncenter is-resized\"><img decoding=\"async\" loading=\"lazy\" src=\"https:\/\/i0.wp.com\/www.elsol.com.ar\/wp-content\/uploads\/2025\/10\/Veronica-Castro.jpg?fit=620%2C432&amp;ssl=1\" alt=\"\" width=\"589\" height=\"408\"\/><\/figure><\/div>\n\n\n<p>La reciente&nbsp;<strong>aparici\u00f3n p\u00fablica<\/strong>&nbsp;de&nbsp;<strong>Ver\u00f3nica Castro<\/strong>&nbsp;en el Aeropuerto Internacional de la Ciudad de M\u00e9xico&nbsp;<strong>gener\u00f3 preocupaci\u00f3n<\/strong>&nbsp;entre sus seguidores. La actriz fue vista&nbsp;<strong>utilizando un tanque de ox\u00edgeno<\/strong>&nbsp;y&nbsp;<strong>desplaz\u00e1ndose en silla de ruedas<\/strong>.<\/p>\n\n\n\n<p>Acompa\u00f1ada por personal de asistencia, la reconocida actriz&nbsp;<strong>Ver\u00f3nica Castro<\/strong>&nbsp;fue abordada por la prensa a su llegada al aeropuerto y&nbsp;<strong>aclar\u00f3 de inmediato que su estado de salud no reviste gravedad<\/strong>.<\/p>\n\n\n\n<p>Al ser vista en silla de ruedas y con un tanque de ox\u00edgeno, la actriz explic\u00f3 con serenidad: \u201c<strong>Estoy bien, es por comodidad para caminar<\/strong>\u201c. Asegur\u00f3 que el ox\u00edgeno port\u00e1til solo la ayuda a&nbsp;<strong>movilizarse mejor<\/strong>&nbsp;en lugares amplios y concurridos como la terminal a\u00e9rea.<\/p>\n\n\n\n<p>Ante las especulaciones generadas por las im\u00e1genes, Castro se mostr\u00f3 tranquila y&nbsp;<strong>pidi\u00f3 a sus seguidores y a la prensa no dramatizar<\/strong>&nbsp;la situaci\u00f3n, destacando que su estado est\u00e1&nbsp;<strong>bajo control<\/strong>&nbsp;y que el uso del ox\u00edgeno es&nbsp;<strong>preventivo<\/strong>&nbsp;o por conveniencia.<\/p>\n\n\n\n<p>Finalmente, la actriz expres\u00f3 un ligero fastidio por el enfoque medi\u00e1tico: \u201c<strong>No me molesta que me pregunten por mi salud, lo feo es que siempre quieran tocar ese tema negativo<\/strong>\u201c, buscando poner fin a las especulaciones.<\/p>\n","protected":false},"excerpt":{"rendered":"<p>La artista mexicana fue vista en el aeropuerto de M\u00e9xico con un tanque de ox\u00edgeno. La misma actriz aclar\u00f3 la situaci\u00f3n. La reciente&nbsp;aparici\u00f3n p\u00fablica&nbsp;de&nbsp;Ver\u00f3nica Castro&nbsp;en el Aeropuerto Internacional de la Ciudad de M\u00e9xico&nbsp;gener\u00f3 preocupaci\u00f3n&nbsp;entre sus seguidores. La actriz fue vista&nbsp;utilizando un tanque de ox\u00edgeno&nbsp;y&nbsp;desplaz\u00e1ndose en silla de ruedas. Acompa\u00f1ada por personal de asistencia, la reconocida [&hellip;]<\/p>\n","protected":false},"author":5,"featured_media":434090,"comment_status":"open","ping_status":"open","sticky":false,"template":"","format":"standard","meta":{"_stopmodifiedupdate":false,"_modified_date":"","inline_featured_image":false,"spay_email":"","jetpack_publicize_message":""},"categories":[21],"tags":[],"jetpack_featured_media_url":"https:\/\/notinor.com\/jujuy\/wp-content\/uploads\/2025\/10\/CASTRO.jpg","jetpack_publicize_connections":[],"_links":{"self":[{"href":"https:\/\/notinor.com\/jujuy\/wp-json\/wp\/v2\/posts\/434089"}],"collection":[{"href":"https:\/\/notinor.com\/jujuy\/wp-json\/wp\/v2\/posts"}],"about":[{"href":"https:\/\/notinor.com\/jujuy\/wp-json\/wp\/v2\/types\/post"}],"author":[{"embeddable":true,"href":"https:\/\/notinor.com\/jujuy\/wp-json\/wp\/v2\/users\/5"}],"replies":[{"embeddable":true,"href":"https:\/\/notinor.com\/jujuy\/wp-json\/wp\/v2\/comments?post=434089"}],"version-history":[{"count":1,"href":"https:\/\/notinor.com\/jujuy\/wp-json\/wp\/v2\/posts\/434089\/revisions"}],"predecessor-version":[{"id":434091,"href":"https:\/\/notinor.com\/jujuy\/wp-json\/wp\/v2\/posts\/434089\/revisions\/434091"}],"wp:featuredmedia":[{"embeddable":true,"href":"https:\/\/notinor.com\/jujuy\/wp-json\/wp\/v2\/media\/434090"}],"wp:attachment":[{"href":"https:\/\/notinor.com\/jujuy\/wp-json\/wp\/v2\/media?parent=434089"}],"wp:term":[{"taxonomy":"category","embeddable":true,"href":"https:\/\/notinor.com\/jujuy\/wp-json\/wp\/v2\/categories?post=434089"},{"taxonomy":"post_tag","embeddable":true,"href":"https:\/\/notinor.com\/jujuy\/wp-json\/wp\/v2\/tags?post=434089"}],"curies":[{"name":"wp","href":"https:\/\/api.w.org\/{rel}","templated":true}]}}