{"id":434085,"date":"2025-10-08T14:00:08","date_gmt":"2025-10-08T17:00:08","guid":{"rendered":"https:\/\/notinor.com\/jujuy\/?p=434085"},"modified":"2025-10-08T14:00:12","modified_gmt":"2025-10-08T17:00:12","slug":"dos-escritores-argentinos-aparecen-entre-los-favoritos-para-el-nobel-de-literatura","status":"publish","type":"post","link":"https:\/\/notinor.com\/jujuy\/dos-escritores-argentinos-aparecen-entre-los-favoritos-para-el-nobel-de-literatura\/","title":{"rendered":"Dos escritores argentinos aparecen entre los favoritos para el Nobel de Literatura"},"content":{"rendered":"\n<p class=\"has-medium-font-size\"><strong><em>Este jueves, cuando se defina qui\u00e9n es el nuevo Nobel de Literatura, nuestro pa\u00eds puede resultar galardonado en alguno de los dos candidatos argentinos que integran la lista de favorito<\/em><\/strong>s.<\/p>\n\n\n<div class=\"wp-block-image\">\n<figure class=\"aligncenter\"><img decoding=\"async\" src=\"https:\/\/i0.wp.com\/www.elsol.com.ar\/wp-content\/uploads\/2025\/10\/Svenska-Akademien.jpg?fit=780%2C556&amp;ssl=1\" alt=\"\"\/><figcaption class=\"wp-element-caption\">Real Academia Sueca de Ciencias para F\u00edsica, Qu\u00edmica, Medicina, y Econom\u00eda, y la Academia Sueca para Literatura<\/figcaption><\/figure><\/div>\n\n\n<p>El ganador del&nbsp;<strong>Premio Nobel de Literatura 2025&nbsp;<\/strong>ser\u00e1 revelado este a\u00f1o por la&nbsp;<strong>Academia Sueca<\/strong>&nbsp;<strong>el jueves 9 de octubre<\/strong>. Sin dudas, se trata del m\u00e1ximo reconocimiento literario a nivel mundial. La particularidad de este a\u00f1o es que los nombres de<strong>&nbsp;una escritora y un escritor argentinos<\/strong>&nbsp;suenan entre los firmes candidatos a recibirlo.<\/p>\n\n\n\n<p>Se trata, por un lado, del magn\u00edfico y exc\u00e9ntrico&nbsp;<strong>C\u00e9sar Aira<\/strong>, varias veces candidateado (como Borges), quien, a sus<strong>&nbsp;76 a\u00f1os<\/strong>, supera el centenar de t\u00edtulos editados en m\u00e1s de 30 pa\u00edses y con traducciones a varios idiomas. Sin dudas, un autor de culto y una de las figuras m\u00e1s geniales de la literatura nacional.<\/p>\n\n\n<div class=\"wp-block-image\">\n<figure class=\"aligncenter\"><img decoding=\"async\" src=\"https:\/\/i0.wp.com\/www.elsol.com.ar\/wp-content\/uploads\/2025\/10\/aira-op.png?resize=780%2C480&amp;ssl=1\" alt=\"\" class=\"wp-image-2149339\"\/><\/figure><\/div>\n\n\n<p>Para romper la racha de su \u201ceterna\u201d candidatura al premio,&nbsp;<strong>este mi\u00e9rcoles, a las 19,<\/strong>&nbsp;la editorial&nbsp;<strong>La Conjura<\/strong>&nbsp;y el escritor<strong>&nbsp;Daniel Mecca<\/strong>&nbsp;convocan a los seguidores del autor a una&nbsp;<strong>\u201cvigilia antimufa\u201d en el barrio de Flores<\/strong>, donde reside el escritor.<\/p>\n\n\n\n<p>Por otro lado, ubicada m\u00e1s lejos en el ranking de favoritos que Aira, se halla la multipremiada y traducida a m\u00e1s de cuarenta idiomas<em>&nbsp;<\/em><strong>Samantha Schweblin<\/strong>, una de las escritoras latinoamericanas actuales m\u00e1s destacadas, que cuenta con amplio reconocimiento internacional.<\/p>\n\n\n\n<figure class=\"wp-block-image\"><img decoding=\"async\" src=\"https:\/\/i0.wp.com\/www.elsol.com.ar\/wp-content\/uploads\/2025\/10\/ka99pijs0ogww4nk5m0p.jpg?resize=780%2C520&amp;ssl=1\" alt=\"\" class=\"wp-image-2149342\"\/><\/figure>\n\n\n\n<p><strong>\u00bfQu\u00e9 argentinos no lo ganaron?<\/strong><\/p>\n\n\n\n<p><strong>Jorge Luis Borges, el supremo exponente de nuestra literatura<\/strong>, no gan\u00f3 el Premio Nobel, aunque varias veces integr\u00f3 la lista de candidatos.<\/p>\n\n\n\n<p>Seg\u00fan un informe desclasificado de la Academia Sueca,&nbsp;su obra era&nbsp;<em>\u201cdemasiado exclusiva o artificial en su ingenioso arte en miniatura\u201d<\/em>. Otra explicaci\u00f3n conocida acerca de su rechazo es que Borges fue v\u00edctima de una campa\u00f1a ideol\u00f3gica a causa de sus posturas antiperonistas y su visita a Chile, que lo vincul\u00f3 con la dictadura de Pinochet, lo que pudo haber influido en la decisi\u00f3n de la Academia Sueca.&nbsp;<\/p>\n\n\n<div class=\"wp-block-image\">\n<figure class=\"aligncenter size-full\"><img decoding=\"async\" loading=\"lazy\" width=\"779\" height=\"242\" src=\"https:\/\/notinor.com\/jujuy\/wp-content\/uploads\/2025\/10\/BORGES.jpg\" alt=\"\" class=\"wp-image-434086\" srcset=\"https:\/\/notinor.com\/jujuy\/wp-content\/uploads\/2025\/10\/BORGES.jpg 779w, https:\/\/notinor.com\/jujuy\/wp-content\/uploads\/2025\/10\/BORGES-660x205.jpg 660w, https:\/\/notinor.com\/jujuy\/wp-content\/uploads\/2025\/10\/BORGES-768x239.jpg 768w, https:\/\/notinor.com\/jujuy\/wp-content\/uploads\/2025\/10\/BORGES-750x233.jpg 750w\" sizes=\"(max-width: 779px) 100vw, 779px\" \/><\/figure><\/div>\n\n\n<p>Pero Borges no fue el \u00fanico escritor argentino que qued\u00f3 en el camino. En el 2022, varios escritores e intelectuales argentinos y latinoamericanos&nbsp;<strong>impulsaron la candidatura de No\u00e9 Jitrik&nbsp;<\/strong>al codiciado galard\u00f3n, por ser uno de los cr\u00edticos de literatura m\u00e1s reconocidos del pa\u00eds, adem\u00e1s de autor de&nbsp;novelas y libros de poes\u00eda y de cuentos.<\/p>\n\n\n\n<p>En tanto, seis destacados autores ganaron el&nbsp;<strong>Nobel de Literatura en Latinoam\u00e9rica<\/strong>:&nbsp;<strong>Gabriela Mistral<\/strong>&nbsp;(Chile, 1945),&nbsp;<strong>Miguel \u00c1ngel Asturias<\/strong>&nbsp;(Guatemala, 1967),&nbsp;<strong>Pablo Neruda<\/strong>&nbsp;(Chile, 1971),<strong>&nbsp;Gabriel Garc\u00eda M\u00e1rquez<\/strong>&nbsp;(Colombia, 1982),<strong>&nbsp;Octavio Paz<\/strong>&nbsp;(M\u00e9xico, 1990) y<strong>&nbsp;Mario Vargas Llosa<\/strong>&nbsp;(Per\u00fa, 2010).<\/p>\n\n\n\n<p><strong>\u00bfQui\u00e9nes son los Nobeles argentinos?<\/strong><\/p>\n\n\n\n<p>Aunque la Argentina no ha conseguido a\u00fan ser reconocida con un<strong>&nbsp;Nobel de Literatura<\/strong>, cosa que puede modificarse en las siguientes horas, s\u00ed ha logrado en&nbsp;<strong>5 oportunidades<\/strong>&nbsp;la distinci\u00f3n en otras ramas. Los<strong>&nbsp;cinco argentinos que fueron distinguidos con el m\u00e1ximo galard\u00f3n en el mundo&nbsp;<\/strong>son:<\/p>\n\n\n\n<ul>\n<li><strong>C\u00e9sar Milstein<\/strong>&nbsp;en<strong>&nbsp;1984<\/strong>&nbsp;fue Nobel en&nbsp;<strong>Fisiolog\u00eda y Medicina<\/strong>. Su trabajo en Cambridge sobre las inmunoglobulinas, prote\u00ednas clave para la respuesta inmunitaria, lo llev\u00f3 a descubrir el proceso de producci\u00f3n de anticuerpos, que revolucion\u00f3 la biomedicina. Su investigaci\u00f3n sigue consider\u00e1ndose actualmente como un aporte fundamental para el desarrollo de tratamientos m\u00e9dicos.<\/li>\n\n\n\n<li><strong>Adolfo P\u00e9rez Esquivel<\/strong>&nbsp;en&nbsp;<strong>1980<\/strong>&nbsp;obtuvo el<strong>&nbsp;Nobel de la Paz<\/strong>, por su lucha de resistencia pac\u00edfica por los derechos humanos y la democracia en contexto de la \u00faltima dictadura militar en el pa\u00eds.<\/li>\n\n\n\n<li><strong>Luis Federico Leloir<\/strong>&nbsp;en<strong>&nbsp;1970<\/strong>&nbsp;recibi\u00f3 el&nbsp;<strong>Premio Nobel de Qu\u00edmica&nbsp;<\/strong>por su descubrimiento de los az\u00facares nucle\u00f3tidos. Fue el primer iberoamericano en obtener el premio y su trabajo sigue siendo de referencia en investigaciones cient\u00edficas.<\/li>\n\n\n\n<li><strong>Bernardo Alberto Houssay&nbsp;<\/strong>en&nbsp;<strong>1947<\/strong>&nbsp;fue el primer cient\u00edfico argentino galardonado con el&nbsp;<strong>Premio Nobel de Fisiolog\u00eda y Medicina<\/strong>, por sus investigaciones sobre el funcionamiento de las gl\u00e1ndulas que regulan la glucosa en el cuerpo.<\/li>\n\n\n\n<li><strong>Carlos Saavedra Lamas<\/strong>, abogado y pol\u00edtico argentino, fue el primer compatriota que&nbsp;<strong>en 1936<\/strong>&nbsp;fue merecedor de un&nbsp;<strong>Nobel<\/strong>, el&nbsp;<strong>de la Paz<\/strong>, por su labor diplom\u00e1tica antib\u00e9lica, que lo convirti\u00f3 en un referente mundial.<\/li>\n<\/ul>\n\n\n\n<p><strong>\u00bfLlegar\u00e1 el sexto?<\/strong><\/p>\n\n\n\n<p>Las nominaciones, enviadas por acad\u00e9micos, escritores galardonados y distintas instituciones culturales, fueron recibidas hasta el 1 de febrero. Tras ello, el comit\u00e9 de literatura de la Academia revis\u00f3 las candidaturas y redujo la lista inicial hasta establecer una terna sobre la que se centrar\u00e1 la decisi\u00f3n definitiva.<\/p>\n\n\n\n<p>Este&nbsp;<strong>jueves (9 de octubre<\/strong>) se develar\u00e1 la inc\u00f3gnita, que tal vez signifique el sexto Nobel para Argentina, esta vez, en Literatura. Cualquiera sea el resultado,&nbsp;<strong>la entrega ser\u00e1 el 10 de diciembre en Estocolmo<\/strong>, como ya est\u00e1 establecido por tradici\u00f3n.<\/p>\n","protected":false},"excerpt":{"rendered":"<p>Este jueves, cuando se defina qui\u00e9n es el nuevo Nobel de Literatura, nuestro pa\u00eds puede resultar galardonado en alguno de los dos candidatos argentinos que integran la lista de favoritos. El ganador del&nbsp;Premio Nobel de Literatura 2025&nbsp;ser\u00e1 revelado este a\u00f1o por la&nbsp;Academia Sueca&nbsp;el jueves 9 de octubre. Sin dudas, se trata del m\u00e1ximo reconocimiento literario [&hellip;]<\/p>\n","protected":false},"author":5,"featured_media":434087,"comment_status":"open","ping_status":"open","sticky":false,"template":"","format":"standard","meta":{"_stopmodifiedupdate":false,"_modified_date":"","inline_featured_image":false,"spay_email":"","jetpack_publicize_message":""},"categories":[5],"tags":[],"jetpack_featured_media_url":"https:\/\/notinor.com\/jujuy\/wp-content\/uploads\/2025\/10\/ACADEMIA.jpg","jetpack_publicize_connections":[],"_links":{"self":[{"href":"https:\/\/notinor.com\/jujuy\/wp-json\/wp\/v2\/posts\/434085"}],"collection":[{"href":"https:\/\/notinor.com\/jujuy\/wp-json\/wp\/v2\/posts"}],"about":[{"href":"https:\/\/notinor.com\/jujuy\/wp-json\/wp\/v2\/types\/post"}],"author":[{"embeddable":true,"href":"https:\/\/notinor.com\/jujuy\/wp-json\/wp\/v2\/users\/5"}],"replies":[{"embeddable":true,"href":"https:\/\/notinor.com\/jujuy\/wp-json\/wp\/v2\/comments?post=434085"}],"version-history":[{"count":1,"href":"https:\/\/notinor.com\/jujuy\/wp-json\/wp\/v2\/posts\/434085\/revisions"}],"predecessor-version":[{"id":434088,"href":"https:\/\/notinor.com\/jujuy\/wp-json\/wp\/v2\/posts\/434085\/revisions\/434088"}],"wp:featuredmedia":[{"embeddable":true,"href":"https:\/\/notinor.com\/jujuy\/wp-json\/wp\/v2\/media\/434087"}],"wp:attachment":[{"href":"https:\/\/notinor.com\/jujuy\/wp-json\/wp\/v2\/media?parent=434085"}],"wp:term":[{"taxonomy":"category","embeddable":true,"href":"https:\/\/notinor.com\/jujuy\/wp-json\/wp\/v2\/categories?post=434085"},{"taxonomy":"post_tag","embeddable":true,"href":"https:\/\/notinor.com\/jujuy\/wp-json\/wp\/v2\/tags?post=434085"}],"curies":[{"name":"wp","href":"https:\/\/api.w.org\/{rel}","templated":true}]}}