{"id":433745,"date":"2025-09-30T21:23:05","date_gmt":"2025-10-01T00:23:05","guid":{"rendered":"https:\/\/notinor.com\/jujuy\/?p=433745"},"modified":"2025-09-30T21:23:07","modified_gmt":"2025-10-01T00:23:07","slug":"detuvieron-en-peru-a-pequeno-j-presunto-autor-intelectual-del-triple-femicidio-narco-en-florencio-varela","status":"publish","type":"post","link":"https:\/\/notinor.com\/jujuy\/detuvieron-en-peru-a-pequeno-j-presunto-autor-intelectual-del-triple-femicidio-narco-en-florencio-varela\/","title":{"rendered":"Detuvieron en Per\u00fa a \u201cPeque\u00f1o J\u201d, presunto autor intelectual del triple femicidio narco en Florencio Varela"},"content":{"rendered":"\n<p class=\"has-medium-font-size\"><strong><em>Lo atrap\u00f3 la Polic\u00eda Bonaerense tras una serie de entrecruzamientos telef\u00f3nicos. Ya son nueve los detenidos por los cr\u00edmenes de Brenda, Morena y Lara.<\/em><\/strong><\/p>\n\n\n\n<p><\/p>\n\n\n<div class=\"wp-block-image\">\n<figure class=\"aligncenter size-full\"><img decoding=\"async\" loading=\"lazy\" width=\"800\" height=\"450\" src=\"https:\/\/notinor.com\/jujuy\/wp-content\/uploads\/2025\/09\/pequeno-J.jpg\" alt=\"\" class=\"wp-image-433746\" srcset=\"https:\/\/notinor.com\/jujuy\/wp-content\/uploads\/2025\/09\/pequeno-J.jpg 800w, https:\/\/notinor.com\/jujuy\/wp-content\/uploads\/2025\/09\/pequeno-J-649x365.jpg 649w, https:\/\/notinor.com\/jujuy\/wp-content\/uploads\/2025\/09\/pequeno-J-500x280.jpg 500w, https:\/\/notinor.com\/jujuy\/wp-content\/uploads\/2025\/09\/pequeno-J-768x432.jpg 768w, https:\/\/notinor.com\/jujuy\/wp-content\/uploads\/2025\/09\/pequeno-J-750x422.jpg 750w\" sizes=\"(max-width: 800px) 100vw, 800px\" \/><\/figure><\/div>\n\n\n<p><\/p>\n\n\n\n<p><strong>La Polic\u00eda Bonaerense confirm\u00f3 este martes que detuvo en Per\u00fa a \u201cPeque\u00f1o J\u201d, presunto autor intelectual del triple femicidio narco en Florencio Varela y que ten\u00eda pedido de captura internacional.<\/strong><\/p>\n\n\n\n<p>El arresto se conoci\u00f3 apenas un poco m\u00e1s de una hora despu\u00e9s de que en Lima cayera su mano derecha, Mat\u00edas Agust\u00edn Ozorio; y as\u00ed ya son nueve los detenidos por los femicidios de Brenda del Castillo, Lara Guti\u00e9rrez y Morena Verdi.<\/p>\n\n\n\n<p><strong>Los primeros en caer presos fueron Magal\u00ed Celeste Gonz\u00e1lez Guerrero (28), Andr\u00e9s Maximiliano Parra (18), Iara Daniela Ibarra (19) y Miguel \u00c1ngel Villanueva Silva (27), quienes ya fueron trasladados hacia el penal de Melchor Romero.<\/strong><\/p>\n\n\n\n<p>Este fin de semana fueron capturados V\u00edctor Sotacuro L\u00e1zaro, en la ciudad fronteriza de Villaz\u00f3n, en Bolivia; y Ariel Gim\u00e9nez, quien est\u00e1 acusado de cavar la fosa y enterrar a las v\u00edctimas.<\/p>\n\n\n\n<p><strong>Florencia Ib\u00e1\u00f1ez, sobrina de Sotacuro L\u00e1zaro, en tanto fue aprehendida este lunes por haber estado en el mismo auto con su t\u00edo la noche del crimen de las chicas. Ambos fueron indagados en las \u00faltimas horas por el fiscal de Homicidios Carlos Adri\u00e1n Arribas y declararon.<\/strong><\/p>\n\n\n\n<p>La teor\u00eda del caso dice que Lara, Brenda y Morena la noche del viernes 19 de septiembre subieron a una camioneta Chevrolet Tracker blanca en la rotonda de La Tablada. Pensaban que iba a una fiesta en el barrio porte\u00f1o de Flores, pero en realidad iban hacia su muerte.<\/p>\n\n\n\n<p><strong>Morena y Brenda, primas, postearon una foto mientras viajaban. Eran la imagen dentro del veh\u00edculo donde se ve\u00edan dos llaveros, de uno de \u2018Baby Yoda\u2019 y \u2018Luigi\u2019, el personaje de Mario Bros., y una leyenda: \u201cDesastre van a hacer estos dos hoy\u201d. Esos llaveros ten\u00edan unos palitos con los que las chicas consum\u00edan tusi, seg\u00fan la testigo.<\/strong><\/p>\n\n\n\n<p>La imagen fue de las 23 de ese viernes. A las 2 fue su \u00faltima conexi\u00f3n. Una hora despu\u00e9s, seg\u00fan la data de la autopsia, comenzar\u00eda el infierno para las tres. Las torturaron, las mataron y las enterraron. Y trasmitieron en vivo lo sucedido.<\/p>\n\n\n\n<p class=\"has-medium-font-size\"><strong>Tony Janzen Valverde Victoriano<\/strong><\/p>\n\n\n\n<p>La investigaci\u00f3n por el triple femicidio en Florencio Varela siempre tuvo como principal sospechoso a \u201cPeque\u00f1o J\u201d, identificado como Tony Janzen Valverde Victoriano.<strong> La hip\u00f3tesis principal da cuenta que habr\u00eda planeado no solo la ejecuci\u00f3n de las v\u00edctimas, sino tambi\u00e9n la difusi\u00f3n en tiempo real del hecho a trav\u00e9s de las redes sociales.<\/strong><\/p>\n\n\n\n<p>Seg\u00fan trascendi\u00f3, la decisi\u00f3n de transmitir el asesinato en vivo busc\u00f3 amplificar el impacto y dejar un mensaje expl\u00edcito.<\/p>\n\n\n\n<p><strong>El ministro de Seguridad bonaerense, Javier Alonso, hab\u00eda comentado este fin de semana que pretend\u00eda expandirse al Bajo Flores con la venta de tusi y quer\u00eda desembarcar tambi\u00e9n en Florencio Varela.<\/strong><\/p>\n","protected":false},"excerpt":{"rendered":"<p>Lo atrap\u00f3 la Polic\u00eda Bonaerense tras una serie de entrecruzamientos telef\u00f3nicos. Ya son nueve los detenidos por los cr\u00edmenes de Brenda, Morena y Lara. La Polic\u00eda Bonaerense confirm\u00f3 este martes que detuvo en Per\u00fa a \u201cPeque\u00f1o J\u201d, presunto autor intelectual del triple femicidio narco en Florencio Varela y que ten\u00eda pedido de captura internacional. El [&hellip;]<\/p>\n","protected":false},"author":49,"featured_media":433746,"comment_status":"open","ping_status":"open","sticky":false,"template":"","format":"standard","meta":{"_stopmodifiedupdate":false,"_modified_date":"","inline_featured_image":false,"spay_email":"","jetpack_publicize_message":""},"categories":[2,3],"tags":[],"jetpack_featured_media_url":"https:\/\/notinor.com\/jujuy\/wp-content\/uploads\/2025\/09\/pequeno-J.jpg","jetpack_publicize_connections":[],"_links":{"self":[{"href":"https:\/\/notinor.com\/jujuy\/wp-json\/wp\/v2\/posts\/433745"}],"collection":[{"href":"https:\/\/notinor.com\/jujuy\/wp-json\/wp\/v2\/posts"}],"about":[{"href":"https:\/\/notinor.com\/jujuy\/wp-json\/wp\/v2\/types\/post"}],"author":[{"embeddable":true,"href":"https:\/\/notinor.com\/jujuy\/wp-json\/wp\/v2\/users\/49"}],"replies":[{"embeddable":true,"href":"https:\/\/notinor.com\/jujuy\/wp-json\/wp\/v2\/comments?post=433745"}],"version-history":[{"count":1,"href":"https:\/\/notinor.com\/jujuy\/wp-json\/wp\/v2\/posts\/433745\/revisions"}],"predecessor-version":[{"id":433747,"href":"https:\/\/notinor.com\/jujuy\/wp-json\/wp\/v2\/posts\/433745\/revisions\/433747"}],"wp:featuredmedia":[{"embeddable":true,"href":"https:\/\/notinor.com\/jujuy\/wp-json\/wp\/v2\/media\/433746"}],"wp:attachment":[{"href":"https:\/\/notinor.com\/jujuy\/wp-json\/wp\/v2\/media?parent=433745"}],"wp:term":[{"taxonomy":"category","embeddable":true,"href":"https:\/\/notinor.com\/jujuy\/wp-json\/wp\/v2\/categories?post=433745"},{"taxonomy":"post_tag","embeddable":true,"href":"https:\/\/notinor.com\/jujuy\/wp-json\/wp\/v2\/tags?post=433745"}],"curies":[{"name":"wp","href":"https:\/\/api.w.org\/{rel}","templated":true}]}}