{"id":433622,"date":"2025-09-25T12:53:30","date_gmt":"2025-09-25T15:53:30","guid":{"rendered":"https:\/\/notinor.com\/jujuy\/?p=433622"},"modified":"2025-09-25T12:53:30","modified_gmt":"2025-09-25T12:53:30","slug":"san-salvador-de-jujuy-celebra-el-dia-mundial-del-turismo-con-actividades-culturales-y-recreativas","status":"publish","type":"post","link":"https:\/\/notinor.com\/jujuy\/san-salvador-de-jujuy-celebra-el-dia-mundial-del-turismo-con-actividades-culturales-y-recreativas\/","title":{"rendered":"San Salvador de Jujuy celebra el D\u00eda Mundial del Turismo con actividades culturales y recreativas"},"content":{"rendered":"\n<p class=\"has-medium-font-size\"><strong><em>En el marco del D\u00eda Mundial del Turismo, que se conmemora cada 27 de septiembre, la Municipalidad de San Salvador de Jujuy organiz\u00f3 una amplia agenda de propuestas culturales, recreativas y de esparcimiento bajo el lema \u201cTurismo y Transformaci\u00f3n Sostenible\u201d.<\/em><\/strong><\/p>\n\n\n\n<p>Las actividades se desarrollan en el marco de la Semana del Turismo, que se extiende del 22 al 26 de septiembre, e invitan a vecinos y visitantes a redescubrir la ciudad desde distintas perspectivas.<\/p>\n\n\n\n<h4>Guiado por el Centro Hist\u00f3rico<\/h4>\n\n\n\n<p>Del lunes 22 al viernes 26, a las 10:00 y 16:00, y el s\u00e1bado 27 a las 10:00, se llevar\u00e1n a cabo recorridos guiados por el casco hist\u00f3rico de la ciudad, con salida desde el Paseo de Artesanos (Av. Urquiza 410). La duraci\u00f3n aproximada es de una hora y media y no requiere inscripci\u00f3n previa.<\/p>\n\n\n\n<h4>Tiempo de Tradici\u00f3n<\/h4>\n\n\n\n<p>El jueves 25 a las 17:00, la explanada del Centro Cultural Manuel Belgrano ser\u00e1 escenario de \u201cTiempo de Tradici\u00f3n\u201d, una propuesta que pone en valor el acervo cultural y las costumbres locales.<\/p>\n\n\n\n<h4>Noche del Turismo en la Ciudad<\/h4>\n\n\n\n<p>El viernes 26 de septiembre, a partir de las 19:30, se vivir\u00e1n experiencias especiales:<\/p>\n\n\n\n<ul>\n<li>Guiado en el Cementerio El Salvador, con punto de encuentro en el atrio del cementerio (reserva previa al 3884411891).<\/li>\n\n\n\n<li>Astro Turismo, una observaci\u00f3n astron\u00f3mica en el atrio de la Catedral, ideal para disfrutar del cielo juje\u00f1o y conocer m\u00e1s sobre los astros.<\/li>\n<\/ul>\n\n\n\n<figure class=\"wp-block-image\"><img decoding=\"async\" src=\"https:\/\/www.sansalvadordejujuy.gob.ar\/wp-content\/uploads\/2025\/09\/Semana-del-Turismo-Prensa-Muni-Jujuy-3-819x1024.jpeg\" alt=\"\" class=\"wp-image-94078\"\/><\/figure>\n","protected":false},"excerpt":{"rendered":"<p>En el marco del D\u00eda Mundial del Turismo, que se conmemora cada 27 de septiembre, la Municipalidad de San Salvador de Jujuy organiz\u00f3 una amplia agenda de propuestas culturales, recreativas y de esparcimiento bajo el lema \u201cTurismo y Transformaci\u00f3n Sostenible\u201d. Las actividades se desarrollan en el marco de la Semana del Turismo, que se extiende [&hellip;]<\/p>\n","protected":false},"author":5,"featured_media":433623,"comment_status":"open","ping_status":"open","sticky":false,"template":"","format":"standard","meta":{"_stopmodifiedupdate":false,"_modified_date":"","inline_featured_image":false,"spay_email":"","jetpack_publicize_message":""},"categories":[514],"tags":[],"jetpack_featured_media_url":"https:\/\/notinor.com\/jujuy\/wp-content\/uploads\/2025\/09\/TURISMO-1.jpg","jetpack_publicize_connections":[],"_links":{"self":[{"href":"https:\/\/notinor.com\/jujuy\/wp-json\/wp\/v2\/posts\/433622"}],"collection":[{"href":"https:\/\/notinor.com\/jujuy\/wp-json\/wp\/v2\/posts"}],"about":[{"href":"https:\/\/notinor.com\/jujuy\/wp-json\/wp\/v2\/types\/post"}],"author":[{"embeddable":true,"href":"https:\/\/notinor.com\/jujuy\/wp-json\/wp\/v2\/users\/5"}],"replies":[{"embeddable":true,"href":"https:\/\/notinor.com\/jujuy\/wp-json\/wp\/v2\/comments?post=433622"}],"version-history":[{"count":1,"href":"https:\/\/notinor.com\/jujuy\/wp-json\/wp\/v2\/posts\/433622\/revisions"}],"predecessor-version":[{"id":433624,"href":"https:\/\/notinor.com\/jujuy\/wp-json\/wp\/v2\/posts\/433622\/revisions\/433624"}],"wp:featuredmedia":[{"embeddable":true,"href":"https:\/\/notinor.com\/jujuy\/wp-json\/wp\/v2\/media\/433623"}],"wp:attachment":[{"href":"https:\/\/notinor.com\/jujuy\/wp-json\/wp\/v2\/media?parent=433622"}],"wp:term":[{"taxonomy":"category","embeddable":true,"href":"https:\/\/notinor.com\/jujuy\/wp-json\/wp\/v2\/categories?post=433622"},{"taxonomy":"post_tag","embeddable":true,"href":"https:\/\/notinor.com\/jujuy\/wp-json\/wp\/v2\/tags?post=433622"}],"curies":[{"name":"wp","href":"https:\/\/api.w.org\/{rel}","templated":true}]}}