{"id":433575,"date":"2025-09-25T23:50:00","date_gmt":"2025-09-26T02:50:00","guid":{"rendered":"https:\/\/notinor.com\/jujuy\/?p=433575"},"modified":"2025-09-25T23:50:02","modified_gmt":"2025-09-26T02:50:02","slug":"mas-de-30-000-almas-dijeron-presentes-en-ciudad-cultural-para-el-ultimo-desfile-de-carrozas","status":"publish","type":"post","link":"https:\/\/notinor.com\/jujuy\/mas-de-30-000-almas-dijeron-presentes-en-ciudad-cultural-para-el-ultimo-desfile-de-carrozas\/","title":{"rendered":"M\u00e1s de 30.000 almas dijeron presentes en Ciudad Cultural para el \u00faltimo desfile de carrozas"},"content":{"rendered":"\n<p class=\"has-medium-font-size\"><strong><em>La edici\u00f3n 2025 de la Fiesta Nacional de los Estudiantes vive sus \u00faltimos momentos y miles de personas siguen colmando la Ciudad Cultural.<\/em><\/strong><\/p>\n\n\n\n<p><\/p>\n\n\n<div class=\"wp-block-image\">\n<figure class=\"aligncenter size-full\"><img decoding=\"async\" loading=\"lazy\" width=\"800\" height=\"450\" src=\"https:\/\/notinor.com\/jujuy\/wp-content\/uploads\/2025\/09\/desfile-de-carrozas.jpg\" alt=\"\" class=\"wp-image-433576\" srcset=\"https:\/\/notinor.com\/jujuy\/wp-content\/uploads\/2025\/09\/desfile-de-carrozas.jpg 800w, https:\/\/notinor.com\/jujuy\/wp-content\/uploads\/2025\/09\/desfile-de-carrozas-649x365.jpg 649w, https:\/\/notinor.com\/jujuy\/wp-content\/uploads\/2025\/09\/desfile-de-carrozas-500x280.jpg 500w, https:\/\/notinor.com\/jujuy\/wp-content\/uploads\/2025\/09\/desfile-de-carrozas-768x432.jpg 768w, https:\/\/notinor.com\/jujuy\/wp-content\/uploads\/2025\/09\/desfile-de-carrozas-750x422.jpg 750w\" sizes=\"(max-width: 800px) 100vw, 800px\" \/><\/figure><\/div>\n\n\n<p><\/p>\n\n\n\n<p><strong>La Fiesta Nacional de los Estudiantes 2025 (FNE 2025) contin\u00faa a pleno en Jujuy y este jueves se realiza el \u00faltimo desfile doble de carrozas, uno de los eventos m\u00e1s convocantes del calendario.<\/strong><\/p>\n\n\n\n<p>El desfile doble reuni\u00f3 a las carrozas de ambos grupos en una noche cargada de color, m\u00fasica y alegr\u00eda, que se vivi\u00f3 como una verdadera fiesta popular. Con esta jornada, se da cierre a los desfiles de la presente edici\u00f3n, antesala de la elecci\u00f3n de la Reina Nacional.<\/p>\n\n\n\n<p><strong>Cabe destacar que en el primer desfile doble de carrozas asistieron tambi\u00e9n m\u00e1s de 30 mil y unas 12 mil personas en la elecci\u00f3n del Paje 10 que fue el domingo pasado.<\/strong> Mientras que el lunes, fueron m\u00e1s de 25 mil a la Elecci\u00f3n Provincial.<\/p>\n\n\n\n<p class=\"has-medium-font-size\"><strong>\u00daltimos d\u00edas<\/strong><\/p>\n\n\n\n<ul>\n<li>Viernes 26 de septiembre \u2013 21:00 hs. Elecci\u00f3n Representante Nacional en el Estadio 23 de Agosto.<\/li>\n\n\n\n<li>S\u00e1bado 27 de septiembre \u2013 17:00 hs. Entrega de Premios en Ciudad Cultural.<\/li>\n<\/ul>\n\n\n\n<p class=\"has-medium-font-size\"><strong>Este viernes ser\u00e1 la Elecci\u00f3n Nacional<\/strong><\/p>\n\n\n\n<p><strong>En el marco de la agenda de la FNE 2025, el pr\u00f3ximo viernes 26 de septiembre se conocer\u00e1 a la nueva Representante de la Fiesta Nacional de los Estudiantes.<\/strong> Es por eso, que este martes se realiz\u00f3 la presentaci\u00f3n de las 24 candidatas que buscar\u00e1n ser la sucesora de Martina Rauschenberger.<\/p>\n","protected":false},"excerpt":{"rendered":"<p>La edici\u00f3n 2025 de la Fiesta Nacional de los Estudiantes vive sus \u00faltimos momentos y miles de personas siguen colmando la Ciudad Cultural. La Fiesta Nacional de los Estudiantes 2025 (FNE 2025) contin\u00faa a pleno en Jujuy y este jueves se realiza el \u00faltimo desfile doble de carrozas, uno de los eventos m\u00e1s convocantes del [&hellip;]<\/p>\n","protected":false},"author":49,"featured_media":433576,"comment_status":"open","ping_status":"open","sticky":false,"template":"","format":"standard","meta":{"_stopmodifiedupdate":false,"_modified_date":"","inline_featured_image":false,"spay_email":"","jetpack_publicize_message":""},"categories":[2,594,514],"tags":[],"jetpack_featured_media_url":"https:\/\/notinor.com\/jujuy\/wp-content\/uploads\/2025\/09\/desfile-de-carrozas.jpg","jetpack_publicize_connections":[],"_links":{"self":[{"href":"https:\/\/notinor.com\/jujuy\/wp-json\/wp\/v2\/posts\/433575"}],"collection":[{"href":"https:\/\/notinor.com\/jujuy\/wp-json\/wp\/v2\/posts"}],"about":[{"href":"https:\/\/notinor.com\/jujuy\/wp-json\/wp\/v2\/types\/post"}],"author":[{"embeddable":true,"href":"https:\/\/notinor.com\/jujuy\/wp-json\/wp\/v2\/users\/49"}],"replies":[{"embeddable":true,"href":"https:\/\/notinor.com\/jujuy\/wp-json\/wp\/v2\/comments?post=433575"}],"version-history":[{"count":1,"href":"https:\/\/notinor.com\/jujuy\/wp-json\/wp\/v2\/posts\/433575\/revisions"}],"predecessor-version":[{"id":433577,"href":"https:\/\/notinor.com\/jujuy\/wp-json\/wp\/v2\/posts\/433575\/revisions\/433577"}],"wp:featuredmedia":[{"embeddable":true,"href":"https:\/\/notinor.com\/jujuy\/wp-json\/wp\/v2\/media\/433576"}],"wp:attachment":[{"href":"https:\/\/notinor.com\/jujuy\/wp-json\/wp\/v2\/media?parent=433575"}],"wp:term":[{"taxonomy":"category","embeddable":true,"href":"https:\/\/notinor.com\/jujuy\/wp-json\/wp\/v2\/categories?post=433575"},{"taxonomy":"post_tag","embeddable":true,"href":"https:\/\/notinor.com\/jujuy\/wp-json\/wp\/v2\/tags?post=433575"}],"curies":[{"name":"wp","href":"https:\/\/api.w.org\/{rel}","templated":true}]}}