{"id":433552,"date":"2025-09-25T13:12:49","date_gmt":"2025-09-25T16:12:49","guid":{"rendered":"https:\/\/notinor.com\/jujuy\/?p=433552"},"modified":"2025-09-25T13:15:10","modified_gmt":"2025-09-25T16:15:10","slug":"quien-es-el-sanguinario-pequeno-j-el-narco-peruano-que-habria-ordenado-la-ejecucion-de-morena-brenda-y-lara","status":"publish","type":"post","link":"https:\/\/notinor.com\/jujuy\/quien-es-el-sanguinario-pequeno-j-el-narco-peruano-que-habria-ordenado-la-ejecucion-de-morena-brenda-y-lara\/","title":{"rendered":"Qui\u00e9n es el sanguinario \u201cPeque\u00f1o J\u201d, el narco peruano que habr\u00eda ordenado la ejecuci\u00f3n de Morena, Brenda y Lara"},"content":{"rendered":"\n<p class=\"has-medium-font-size\"><strong><em>El narco, tambi\u00e9n llamado \u201cJulito\u201d, habr\u00eda dado la orden de secuestrar, torturar y asesinar a Lara Guti\u00e9rrez (15), Brenda del Castillo (20), Morena Verdi (20)<\/em><\/strong>.<\/p>\n\n\n<div class=\"wp-block-image\">\n<figure class=\"aligncenter size-full\"><img decoding=\"async\" loading=\"lazy\" width=\"840\" height=\"464\" src=\"https:\/\/notinor.com\/jujuy\/wp-content\/uploads\/2025\/09\/CHICAS.jpg\" alt=\"\" class=\"wp-image-433475\" srcset=\"https:\/\/notinor.com\/jujuy\/wp-content\/uploads\/2025\/09\/CHICAS.jpg 840w, https:\/\/notinor.com\/jujuy\/wp-content\/uploads\/2025\/09\/CHICAS-660x365.jpg 660w, https:\/\/notinor.com\/jujuy\/wp-content\/uploads\/2025\/09\/CHICAS-768x424.jpg 768w, https:\/\/notinor.com\/jujuy\/wp-content\/uploads\/2025\/09\/CHICAS-750x414.jpg 750w\" sizes=\"(max-width: 840px) 100vw, 840px\" \/><figcaption class=\"wp-element-caption\">Villa Zavaleta, se llen\u00f3 de polic\u00edas con una orden espec\u00edfica: encontrar a \u201cPeque\u00f1o J\u201d, el supuesto jefe narco que habr\u00eda ordenado el secuestro, mutilaci\u00f3n y ejecuci\u00f3n de Lara Guti\u00e9rrez, Brenda del Castillo, Morena Verdi<\/figcaption><\/figure><\/div>\n\n\n<p>Este mi\u00e9rcoles la&nbsp;<strong>Villa Zavaleta<\/strong>, en la zona sur de la Ciudad de Buenos Aires, se llen\u00f3 de polic\u00edas bonaerenses con una orden espec\u00edfica: encontrar a \u201c<strong>Peque\u00f1o J<\/strong>\u201d, el supuesto jefe narco que habr\u00eda ordenado el secuestro, mutilaci\u00f3n y ejecuci\u00f3n de <strong>Lara Guti\u00e9rrez<\/strong> (15), <strong>Brenda del Castillo<\/strong> (20), <strong>Morena Verd<\/strong>i (20).<\/p>\n\n\n\n<p>Los efectivos se dirigieron a dos objetivos: una parrilla y una propiedad ubicada en un tercer piso, en la que, seg\u00fan indicaron fuentes del caso a&nbsp;<strong>Infobae<\/strong>, habr\u00eda estado -momentos antes de la llegada policial- el l\u00edder de la organizaci\u00f3n criminal buscado.<\/p>\n\n\n\n<p>La hoja que gui\u00f3 a los polic\u00edas llevaba tambi\u00e9n el nombre de M.A.O. y de \u201cPeque\u00f1o J\u201d, tambi\u00e9n llamado \u201cJulito\u201d. Se trata de un hombre identificado, a la vez, como<strong>&nbsp;Julio Valverde y Julio Noguera,<\/strong>&nbsp;de 23 a\u00f1os. No aportaron DNI, pero sab\u00edan que el pr\u00f3fugo, con orden de captura,<strong>&nbsp;tiene 23 a\u00f1os y es peruano.&nbsp;<\/strong>Lo describen como \u201csanguinario\u201d, aunque no dieron mayores detalles.<\/p>\n\n\n\n<p class=\"has-text-align-center\"><a rel=\"noreferrer noopener\" href=\"https:\/\/www.infobae.com\/sociedad\/policiales\/2025\/09\/25\/video-asi-es-la-casa-del-horror-donde-hallaron-descuartizadas-a-las-tres-jovenes-asesinadas-en-florencio-varela\/\" target=\"_blank\"><\/a><img decoding=\"async\" loading=\"lazy\" height=\"1080\" width=\"1920\" src=\"https:\/\/www.infobae.com\/resizer\/v2\/AECP4EAQTJANBL5OJ2ITJG7A3I.jpg?auth=2c2abec19665554ad37b86a4b2cc6aa8439a4fba1c020f57209c904a711bd40f&amp;smart=true&amp;width=350&amp;height=197&amp;quality=85\" alt=\"Triple crimen narco en Florencio\">Triple crimen narco en Florencio Varela: im\u00e1genes del interior de la casa donde hallaron los cuerpos de Brenda, Morena y Lara<\/p>\n\n\n\n<p>La hip\u00f3tesis es que<strong>&nbsp;contrat\u00f3 sicarios para llevar a cabo el crimen premeditado,<\/strong>&nbsp;tras el supuesto robo de dinero y coca\u00edna. Incluso, las fuentes sostienen que tambi\u00e9n plane\u00f3 la transmisi\u00f3n en vivo a un grupo cerrado por redes sociales en el que<strong>&nbsp;dej\u00f3 un claro mensaje con las muertes.<\/strong><\/p>\n\n\n\n<p>Fuentes que conocen de cerca a los clanes que operan en la Villa 1-11-14 y la Villa Zavaleta&nbsp;<strong>desconocen la actividad en ese territorio de este l\u00edder narco.<\/strong><\/p>\n\n\n\n<p>La Polic\u00eda de la Ciudad, que se despleg\u00f3 en esos barrios tras la salida de las fuerzas federales, tienen un mapeo muy aceitado de las organizaciones y sus comandantes.&nbsp;<strong>No conocen ni escucharon hablar de \u201cPeque\u00f1o J\u201d.<\/strong>&nbsp;Tampoco los federales que corrieron el dominio del peruano<strong>&nbsp;Marco Antonio Gonz\u00e1lez<\/strong>, alias \u201cMarcos\u201d, quien mantiene algunos sectores bajo su ala, pese a haber sido expulsado a Per\u00fa.<\/p>\n\n\n\n<p>Reconocen, sin embargo, que hay grupos de narcos peruanos a los que todav\u00eda no logran tener acceso. Sospechan que podr\u00eda tener nexos en los barrios del&nbsp;<strong>Bajo Flores y Barracas<\/strong>, pero que&nbsp;<strong>su zona de influencia sea el sur del conurbano<\/strong>, donde masacraron a las v\u00edctimas del narcofemicidio.<\/p>\n\n\n\n<p>Por otro lado, el fiscal de La Matanza,&nbsp;<strong>Gast\u00f3n Dupla\u00e1<\/strong>, que lleva adelante la causa hasta el momento, pidi\u00f3 la colaboraci\u00f3n de la PROCUNAR, a cargo de Diego Iglesias, y de la fiscal<strong>&nbsp;Cecilia Amil,<\/strong>&nbsp;titular de la Unidad Fiscal Especializada en la Investigaci\u00f3n de Delitos vinculados a Estupefacientes del Ministerio P\u00fablico porte\u00f1o.<strong>&nbsp;No hay expedientes,<\/strong>&nbsp;por el momento, vinculados a los cuatro detenidos en Florencio Varela. Uno de ellos ser\u00eda familiar de \u201cPeque\u00f1o J.\u201d.<\/p>\n\n\n\n<p><img decoding=\"async\" loading=\"lazy\" height=\"1080\" width=\"1920\" src=\"https:\/\/www.infobae.com\/resizer\/v2\/ZTKK4VZLFRH7ZKYMX3URK5MB74.jpg?auth=b51334a49a59a31bfa752b74048b06c02e9a08961fd12209b79b79b030753672&amp;smart=true&amp;width=350&amp;height=197&amp;quality=85\" alt=\"La emotiva despedida de la\">La emotiva despedida de la hermana mayor de Lara Guti\u00e9rrez, una de las chicas asesinadas en Florencio Varela portada<\/p>\n\n\n\n<p>Todos ser\u00e1n indagados como&nbsp;<strong>part\u00edcipes necesarios de los homicidios<\/strong>, en tanto que los demorados ayer en la villa Zavaleta por la bonaerense,<strong>&nbsp;no tendr\u00edan ning\u00fan v\u00ednculo al caso.<\/strong><\/p>\n\n\n\n<p>Hay una sospecha que apunta a&nbsp;<strong>\u201cLos Cabral\u201d<\/strong>, un clan que recibi\u00f3 un duro golpe en julio de este a\u00f1o, cuando la Polic\u00eda de la Ciudad detuvo a sus l\u00edderes. No obstante, los investigadores destacan que est\u00e1 integrado por personas de nacionalidad argentina y no peruanos.<\/p>\n\n\n\n<p>El viernes por noche, Lara, Morena y Brenda subieron a una<strong>\u00a0Chevrolet Tracker blanca con patente adulterada.<\/strong>\u00a0Iban a una fiesta que nunca existi\u00f3. Sus cuerpos aparecieron enterrados en una casa de Florencio Varela este mi\u00e9rcoles.<\/p>\n\n\n\n<p>Fuente Infobae<\/p>\n","protected":false},"excerpt":{"rendered":"<p>El narco, tambi\u00e9n llamado \u201cJulito\u201d, habr\u00eda dado la orden de secuestrar, torturar y asesinar a Lara Guti\u00e9rrez (15), Brenda del Castillo (20), Morena Verdi (20). Este mi\u00e9rcoles la&nbsp;Villa Zavaleta, en la zona sur de la Ciudad de Buenos Aires, se llen\u00f3 de polic\u00edas bonaerenses con una orden espec\u00edfica: encontrar a \u201cPeque\u00f1o J\u201d, el supuesto jefe [&hellip;]<\/p>\n","protected":false},"author":5,"featured_media":433475,"comment_status":"open","ping_status":"open","sticky":false,"template":"","format":"standard","meta":{"_stopmodifiedupdate":false,"_modified_date":"","inline_featured_image":false,"spay_email":"","jetpack_publicize_message":""},"categories":[3],"tags":[],"jetpack_featured_media_url":"https:\/\/notinor.com\/jujuy\/wp-content\/uploads\/2025\/09\/CHICAS.jpg","jetpack_publicize_connections":[],"_links":{"self":[{"href":"https:\/\/notinor.com\/jujuy\/wp-json\/wp\/v2\/posts\/433552"}],"collection":[{"href":"https:\/\/notinor.com\/jujuy\/wp-json\/wp\/v2\/posts"}],"about":[{"href":"https:\/\/notinor.com\/jujuy\/wp-json\/wp\/v2\/types\/post"}],"author":[{"embeddable":true,"href":"https:\/\/notinor.com\/jujuy\/wp-json\/wp\/v2\/users\/5"}],"replies":[{"embeddable":true,"href":"https:\/\/notinor.com\/jujuy\/wp-json\/wp\/v2\/comments?post=433552"}],"version-history":[{"count":3,"href":"https:\/\/notinor.com\/jujuy\/wp-json\/wp\/v2\/posts\/433552\/revisions"}],"predecessor-version":[{"id":433555,"href":"https:\/\/notinor.com\/jujuy\/wp-json\/wp\/v2\/posts\/433552\/revisions\/433555"}],"wp:featuredmedia":[{"embeddable":true,"href":"https:\/\/notinor.com\/jujuy\/wp-json\/wp\/v2\/media\/433475"}],"wp:attachment":[{"href":"https:\/\/notinor.com\/jujuy\/wp-json\/wp\/v2\/media?parent=433552"}],"wp:term":[{"taxonomy":"category","embeddable":true,"href":"https:\/\/notinor.com\/jujuy\/wp-json\/wp\/v2\/categories?post=433552"},{"taxonomy":"post_tag","embeddable":true,"href":"https:\/\/notinor.com\/jujuy\/wp-json\/wp\/v2\/tags?post=433552"}],"curies":[{"name":"wp","href":"https:\/\/api.w.org\/{rel}","templated":true}]}}