{"id":433535,"date":"2025-09-24T21:55:00","date_gmt":"2025-09-25T00:55:00","guid":{"rendered":"https:\/\/notinor.com\/jujuy\/?p=433535"},"modified":"2025-09-24T09:55:15","modified_gmt":"2025-09-24T09:55:15","slug":"cambios-en-la-circulacion-en-av-azopardo-y-eva-peron","status":"publish","type":"post","link":"https:\/\/notinor.com\/jujuy\/cambios-en-la-circulacion-en-av-azopardo-y-eva-peron\/","title":{"rendered":"Cambios en la circulaci\u00f3n en Av. Azopardo y Eva Per\u00f3n"},"content":{"rendered":"\n<p class=\"has-medium-font-size\"><strong><em>La Secretar\u00eda de Servicios P\u00fablicos de la Municipalidad de San Salvador de Jujuy, a trav\u00e9s de la Direcci\u00f3n General de Tr\u00e1nsito y Transporte, informa a la poblaci\u00f3n en general, y a los conductores en particular, que con motivo de la puesta en funcionamiento del sem\u00e1foro ubicado en la intersecci\u00f3n de Av. Azopardo y Av. Eva Per\u00f3n, desde este mi\u00e9rcoles 24 a las 17 horas se dispusieron nuevas medidas de tr\u00e1nsito.<\/em><\/strong><\/p>\n\n\n<div class=\"wp-block-image\">\n<figure class=\"aligncenter size-full\"><img decoding=\"async\" loading=\"lazy\" width=\"750\" height=\"282\" src=\"https:\/\/notinor.com\/jujuy\/wp-content\/uploads\/2025\/09\/CALLE-GUATIMOZIN-Y-QUICHAGUA.jpg\" alt=\"\" class=\"wp-image-433537\" srcset=\"https:\/\/notinor.com\/jujuy\/wp-content\/uploads\/2025\/09\/CALLE-GUATIMOZIN-Y-QUICHAGUA.jpg 750w, https:\/\/notinor.com\/jujuy\/wp-content\/uploads\/2025\/09\/CALLE-GUATIMOZIN-Y-QUICHAGUA-660x248.jpg 660w\" sizes=\"(max-width: 750px) 100vw, 750px\" \/><\/figure><\/div>\n\n\n<p><strong>Las disposiciones son las siguientes:<\/strong><\/p>\n\n\n\n<ul>\n<li>La calle Quichagua pasar\u00e1 a tener un solo sentido de circulaci\u00f3n, desde Av. Azopardo hacia Cerro Labrado.<\/li>\n\n\n\n<li>Las unidades de transporte urbano de pasajeros que se dirijan hacia la zona sur circular\u00e1n por: Moctezuma, Incahuasi, Av. Azopardo, Av. Eva Per\u00f3n y luego continuar\u00e1n por su recorrido habitual.<\/li>\n\n\n\n<li>Dichas unidades que se dirijan hacia el casco c\u00e9ntrico fijar\u00e1n parada en Quichagua, entre Av. Azopardo y Guatimozin; mientras que las que se dirijan hacia la zona sur lo har\u00e1n en Incahuasi y Av. Azopardo.<\/li>\n<\/ul>\n\n\n\n<p>Por tal motivo, se recomienda a los conductores y peatones prestar especial atenci\u00f3n a la carteler\u00eda y al personal de tr\u00e1nsito apostado en el lugar.<\/p>\n\n\n\n<figure class=\"wp-block-image\"><img decoding=\"async\" src=\"https:\/\/www.sansalvadordejujuy.gob.ar\/wp-content\/uploads\/2025\/09\/transito-1024x1024.jpeg\" alt=\"\" class=\"wp-image-93852\"\/><\/figure>\n","protected":false},"excerpt":{"rendered":"<p>La Secretar\u00eda de Servicios P\u00fablicos de la Municipalidad de San Salvador de Jujuy, a trav\u00e9s de la Direcci\u00f3n General de Tr\u00e1nsito y Transporte, informa a la poblaci\u00f3n en general, y a los conductores en particular, que con motivo de la puesta en funcionamiento del sem\u00e1foro ubicado en la intersecci\u00f3n de Av. Azopardo y Av. Eva [&hellip;]<\/p>\n","protected":false},"author":5,"featured_media":433536,"comment_status":"open","ping_status":"open","sticky":false,"template":"","format":"standard","meta":{"_stopmodifiedupdate":false,"_modified_date":"","inline_featured_image":false,"spay_email":"","jetpack_publicize_message":""},"categories":[514],"tags":[],"jetpack_featured_media_url":"https:\/\/notinor.com\/jujuy\/wp-content\/uploads\/2025\/09\/AV-EVA-PERON-Y-AZOPARDO.jpg","jetpack_publicize_connections":[],"_links":{"self":[{"href":"https:\/\/notinor.com\/jujuy\/wp-json\/wp\/v2\/posts\/433535"}],"collection":[{"href":"https:\/\/notinor.com\/jujuy\/wp-json\/wp\/v2\/posts"}],"about":[{"href":"https:\/\/notinor.com\/jujuy\/wp-json\/wp\/v2\/types\/post"}],"author":[{"embeddable":true,"href":"https:\/\/notinor.com\/jujuy\/wp-json\/wp\/v2\/users\/5"}],"replies":[{"embeddable":true,"href":"https:\/\/notinor.com\/jujuy\/wp-json\/wp\/v2\/comments?post=433535"}],"version-history":[{"count":1,"href":"https:\/\/notinor.com\/jujuy\/wp-json\/wp\/v2\/posts\/433535\/revisions"}],"predecessor-version":[{"id":433538,"href":"https:\/\/notinor.com\/jujuy\/wp-json\/wp\/v2\/posts\/433535\/revisions\/433538"}],"wp:featuredmedia":[{"embeddable":true,"href":"https:\/\/notinor.com\/jujuy\/wp-json\/wp\/v2\/media\/433536"}],"wp:attachment":[{"href":"https:\/\/notinor.com\/jujuy\/wp-json\/wp\/v2\/media?parent=433535"}],"wp:term":[{"taxonomy":"category","embeddable":true,"href":"https:\/\/notinor.com\/jujuy\/wp-json\/wp\/v2\/categories?post=433535"},{"taxonomy":"post_tag","embeddable":true,"href":"https:\/\/notinor.com\/jujuy\/wp-json\/wp\/v2\/tags?post=433535"}],"curies":[{"name":"wp","href":"https:\/\/api.w.org\/{rel}","templated":true}]}}