{"id":433532,"date":"2025-09-24T21:42:00","date_gmt":"2025-09-25T00:42:00","guid":{"rendered":"https:\/\/notinor.com\/jujuy\/?p=433532"},"modified":"2025-09-24T09:42:16","modified_gmt":"2025-09-24T09:42:16","slug":"el-emprendedurismo-presente-en-la-nueva-edicion-nacional-del-congreso-nacional-de-la-juventud","status":"publish","type":"post","link":"https:\/\/notinor.com\/jujuy\/el-emprendedurismo-presente-en-la-nueva-edicion-nacional-del-congreso-nacional-de-la-juventud\/","title":{"rendered":"El emprendedurismo presente en la nueva edici\u00f3n nacional del Congreso Nacional de la Juventud"},"content":{"rendered":"\n<p class=\"has-medium-font-size\"><strong><em>La Municipalidad de San Salvador de Jujuy a trav\u00e9s del Club de Emprendedores, particip\u00f3 activamente del acto inaugural de la 41\u00aa edici\u00f3n del Congreso Nacional de la Juventud, realizado en las instalaciones del Centro de Innovaci\u00f3n Educativa de Ciudad Cultural. Durante la jornada, el equipo municipal present\u00f3 herramientas, ideas y programas orientados a fomentar el esp\u00edritu emprendedor en los j\u00f3venes, generando espacios de reflexi\u00f3n y formaci\u00f3n para quienes buscan transformar sus proyectos en realidades concretas<\/em><\/strong>.<\/p>\n\n\n<div class=\"wp-block-image\">\n<figure class=\"aligncenter\"><img decoding=\"async\" src=\"https:\/\/www.sansalvadordejujuy.gob.ar\/wp-content\/uploads\/2025\/09\/Congreso-de-la-juventud-Infinito-por-descubrir-Prensa-Muni-Jujuy-1024x683.jpg\" alt=\"\" class=\"wp-image-93770\"\/><\/figure><\/div>\n\n\n<p>El acto inaugural de la nueva edici\u00f3n del congreso estudiantil, cont\u00f3 con la presencia de la Ministra de Educaci\u00f3n de Jujuy, <strong>Mirian Serrano<\/strong>; el Presidente del Ente Aut\u00e1rquico Permanente, <strong>Martin Meyer<\/strong>, comisiones estudiantiles de los diferentes colegios e invitados especiales. Tambi\u00e9n la presencia de la directora general de Desarrolllo de la Secretaria de Planificaci\u00f3n y Ambiente del municipio; <strong>Jimena Jurado <\/strong>y del Club de Emprendedores, el coordinador <strong>Gast\u00f3n Aguilera<\/strong>, quienes fueron moderadores en una de las mesas de disertaci\u00f3n del congreso estudiantil, \u00a0acompa\u00f1ando el intercambio de ideas entre los expositores y los j\u00f3venes participantes. \u00a0\u00a0\u00a0\u00a0<\/p>\n\n\n<div class=\"wp-block-image\">\n<figure class=\"aligncenter\"><img decoding=\"async\" src=\"https:\/\/www.sansalvadordejujuy.gob.ar\/wp-content\/uploads\/2025\/09\/Congreso-de-la-juventud-Infinito-por-descubrir-Prensa-Muni-Jujuy1-1024x661.jpg\" alt=\"\" class=\"wp-image-93771\"\/><\/figure><\/div>\n\n\n<p>Consultada sobre su participaci\u00f3n, Jimena Jurado expres\u00f3 \u201cestamos muy contentos por la participaci\u00f3n, puesto que hace cuatro a\u00f1os venimos trabajando junto al Ente Aut\u00e1rquico Permanente, quienes nos convocaron para colaborar en el desarrollo de los proyectos que se presentan en el Congreso Estudiantil. La verdad es que venimos construyendo un trabajo conjunto muy positivo y enriquecedor\u201d.<\/p>\n\n\n\n<p>A\u00f1adi\u00f3 Jurado en este contexto, \u201ceste a\u00f1o tuvimos una participaci\u00f3n muy activa, donde los chicos del Club de Emprendedores contaron c\u00f3mo es la din\u00e1mica en la ejecuci\u00f3n de alg\u00fan emprendimiento, especialmente en este hackat\u00f3n de ideas; gracias al Ente que siempre nos brinda la posibilidad de ser parte y de acercar el esp\u00edritu emprendedor a los estudiantes, que es lo que m\u00e1s nos interesa y motiva\u201d.<\/p>\n\n\n<div class=\"wp-block-image\">\n<figure class=\"aligncenter\"><img decoding=\"async\" src=\"https:\/\/www.sansalvadordejujuy.gob.ar\/wp-content\/uploads\/2025\/09\/Congreso-de-la-juventud-Infinito-por-descubrir-Prensa-Muni-Jujuy2-1024x688.jpg\" alt=\"\" class=\"wp-image-93772\"\/><\/figure><\/div>\n\n\n<p>Al destacar el entusiasmo de trabajar junto al EAP desde hace cuatro a\u00f1os, \u201cestamos muy contentos de poder integrarnos y llevar adelante todo lo relacionado al emprendedurismo. Tambi\u00e9n impulsamos este trabajo a trav\u00e9s del programa ABC Emprendedor, que acercamos a los distintos colegios. Creemos en la importancia de trabajar en sinergia con diversas instituciones, ya que los j\u00f3venes son verdaderos protagonistas de este proceso, con sus ideas y creatividad, ya que representan un semillero con enorme potencial para generar emprendimientos s\u00f3lidos en el futuro\u201d.<\/p>\n\n\n\n<p>Luego prosigui\u00f3 Gaston Aguilera, quien explic\u00f3 \u201cvenimos colaborando activamente con el Ente Aut\u00e1rquico Permanente, no solo en el Congreso de la Juventud, sino tambi\u00e9n trabajando junto a la Comisi\u00f3n Estudiantil. En a\u00f1os anteriores brindamos capacitaciones y talleres enfocados en el desarrollo de habilidades blandas, acompa\u00f1ando la formaci\u00f3n integral de los j\u00f3venes. Este a\u00f1o, tenemos el rol de moderadores en el Congreso de la Juventud, donde explicamos la din\u00e1mica de trabajo a todos los estudiantes participantes, fortaleciendo su participaci\u00f3n activa y el esp\u00edritu emprendedor\u201d.<\/p>\n\n\n\n<p>Y agreg\u00f3 finalmente, \u201clo positivo de este espacio es que siempre contamos con la participaci\u00f3n de j\u00f3venes de distintas provincias, as\u00ed como de nuestra propia provincia y municipio. Desde el Club de Emprendedores, buscamos acercarles herramientas concretas, modelos de negocio y recursos \u00fatiles que les permitan fortalecer su esp\u00edritu emprendedor. La idea es que puedan comenzar a proyectar sus propios emprendimientos y crecer personal y profesionalmente a partir de estas experiencias formativas\u201d.<\/p>\n\n\n\n<p><strong>Nota audiovisual:<\/strong>&nbsp;<a href=\"https:\/\/youtu.be\/Sm4-WMY_iBA\">https:\/\/youtu.be\/Sm4-WMY_iBA<\/a><\/p>\n","protected":false},"excerpt":{"rendered":"<p>La Municipalidad de San Salvador de Jujuy a trav\u00e9s del Club de Emprendedores, particip\u00f3 activamente del acto inaugural de la 41\u00aa edici\u00f3n del Congreso Nacional de la Juventud, realizado en las instalaciones del Centro de Innovaci\u00f3n Educativa de Ciudad Cultural. Durante la jornada, el equipo municipal present\u00f3 herramientas, ideas y programas orientados a fomentar el [&hellip;]<\/p>\n","protected":false},"author":5,"featured_media":433533,"comment_status":"open","ping_status":"open","sticky":false,"template":"","format":"standard","meta":{"_stopmodifiedupdate":false,"_modified_date":"","inline_featured_image":false,"spay_email":"","jetpack_publicize_message":""},"categories":[594],"tags":[],"jetpack_featured_media_url":"https:\/\/notinor.com\/jujuy\/wp-content\/uploads\/2025\/09\/CONGRESO.jpg","jetpack_publicize_connections":[],"_links":{"self":[{"href":"https:\/\/notinor.com\/jujuy\/wp-json\/wp\/v2\/posts\/433532"}],"collection":[{"href":"https:\/\/notinor.com\/jujuy\/wp-json\/wp\/v2\/posts"}],"about":[{"href":"https:\/\/notinor.com\/jujuy\/wp-json\/wp\/v2\/types\/post"}],"author":[{"embeddable":true,"href":"https:\/\/notinor.com\/jujuy\/wp-json\/wp\/v2\/users\/5"}],"replies":[{"embeddable":true,"href":"https:\/\/notinor.com\/jujuy\/wp-json\/wp\/v2\/comments?post=433532"}],"version-history":[{"count":1,"href":"https:\/\/notinor.com\/jujuy\/wp-json\/wp\/v2\/posts\/433532\/revisions"}],"predecessor-version":[{"id":433534,"href":"https:\/\/notinor.com\/jujuy\/wp-json\/wp\/v2\/posts\/433532\/revisions\/433534"}],"wp:featuredmedia":[{"embeddable":true,"href":"https:\/\/notinor.com\/jujuy\/wp-json\/wp\/v2\/media\/433533"}],"wp:attachment":[{"href":"https:\/\/notinor.com\/jujuy\/wp-json\/wp\/v2\/media?parent=433532"}],"wp:term":[{"taxonomy":"category","embeddable":true,"href":"https:\/\/notinor.com\/jujuy\/wp-json\/wp\/v2\/categories?post=433532"},{"taxonomy":"post_tag","embeddable":true,"href":"https:\/\/notinor.com\/jujuy\/wp-json\/wp\/v2\/tags?post=433532"}],"curies":[{"name":"wp","href":"https:\/\/api.w.org\/{rel}","templated":true}]}}