{"id":433474,"date":"2025-09-24T12:25:47","date_gmt":"2025-09-24T15:25:47","guid":{"rendered":"https:\/\/notinor.com\/jujuy\/?p=433474"},"modified":"2025-09-24T12:25:49","modified_gmt":"2025-09-24T15:25:49","slug":"encontraron-asesinadas-y-descuartizadas-a-las-tres-chicas-que-habian-desaparecido-en-la-matanza","status":"publish","type":"post","link":"https:\/\/notinor.com\/jujuy\/encontraron-asesinadas-y-descuartizadas-a-las-tres-chicas-que-habian-desaparecido-en-la-matanza\/","title":{"rendered":"Encontraron asesinadas y descuartizadas a las tres chicas que hab\u00edan desaparecido en La Matanza"},"content":{"rendered":"\n<p><strong><em>Lo confirm\u00f3 el abuelo de una de las v\u00edctimas. Se sospecha que Brenda del Castillo, Morena Verdi y Lara Guti\u00e9rrez habr\u00edan sido asesinadas por una banda de narcotraficantes de la Villa 1-11-14.<\/em><\/strong><\/p>\n\n\n\n<p class=\"has-text-align-center\"><img decoding=\"async\" loading=\"lazy\" height=\"1080\" width=\"1920\" src=\"https:\/\/www.infobae.com\/resizer\/v2\/PPZDE6276VFDXGQPQ26W5EMHSE.jpg?auth=e9d5e6850a321ec5cf23fac450538988324e79e511fd1c499dd94e87acf69847&amp;smart=true&amp;width=350&amp;height=197&amp;quality=85\" alt=\"Brenda, Morena y Lara, las\">Brenda, Morena y Lara, las v\u00edctimas<\/p>\n\n\n\n<p><strong>La b\u00fasqueda de Brenda del Castillo, Morena Verdi y Lara Guti\u00e9rrez<\/strong>, las tres mujeres vistas por \u00faltima vez el viernes pasado en la rotonda de La Tablada mientras sub\u00edan a una camioneta blanca, dio un macabro giro: este mi\u00e9rcoles fueron halladas asesinadas y descuartizadas\u00a0<strong>en una casa allanada en la zona de Villa Vatteone, Florencio Varela<\/strong>.<\/p>\n\n\n\n<p>La DDI de La Matanza de la Polic\u00eda Bonaerense<strong>&nbsp;hall\u00f3 los tres cad\u00e1veres&nbsp;<\/strong>en la vivienda a la que se arrib\u00f3 por el impacto del celular de una de las v\u00edctimas en una antena de la zona y a m\u00e1s de 30 kil\u00f3metros de distancia de donde las mujeres fueron vistas por \u00faltima vez.<\/p>\n\n\n\n<p>La casa era&nbsp;<strong>ocupada por dos personas que limpiaban el lugar<\/strong>, en medio de un fuerte olor a lavandina, aseguraron fuentes policiales a&nbsp;<strong>Infobae<\/strong>. All\u00ed, se hallaron rastros de sangre.<\/p>\n\n\n\n<p><img decoding=\"async\" loading=\"lazy\" height=\"523\" width=\"389\" src=\"https:\/\/www.infobae.com\/resizer\/v2\/BYFPBSZXE5A7NJHB6GJRF2PXXU.jpeg?auth=a4b43b13a55ccdc459127dbe042a9e8ae222ce35cfbdbbf7c774027f7e58e536&amp;smart=true&amp;width=350&amp;height=471&amp;quality=85\" alt=\"Brenda del Castillo y Morena\"><\/p>\n\n\n\n<p>Brenda del Castillo y Morena Verdi<\/p>\n\n\n\n<p>La confirmaci\u00f3n de que se trataba de las j\u00f3venes buscadas la dio Antonio, el abuelo de Morena y Brenda, quien en di\u00e1logo con la prensa declar\u00f3: \u201cSon pocas palabras las que me salen en este momento. Pas\u00f3 el desenlace que no quer\u00edamos, pero tambi\u00e9n nos \u00edbamos a preocupar si no las ve\u00edamos m\u00e1s. Si se las llevaban a otro lugar, como lo que pas\u00f3 con Loan, que no aparece. Pero bueno, es lo que nos toc\u00f3 vivir a nuestra familia.&nbsp;<strong>Los investigadores nos confirmaron que s\u00ed, son ellas\"<\/strong><\/p>\n\n\n\n<p>Y agreg\u00f3: \u201cAhora lo que sigue es una autopsia y nosotros nos reuniremos para ver qu\u00e9 es lo que hacemos. Ese es el gran drama que estamos atravesando ahora. Ella (su esposa) es una mujer que yo s\u00e9 que si la descuidamos, capaz hace cualquier cosa\u201d.<\/p>\n\n\n\n<p>Hay cuatro personas arrestadas por el caso, entre ellos&nbsp;<strong>una pareja de nacionalidad peruana<\/strong>, que cayeron en un hotel alojamiento de la zona. Son, se cree,&nbsp;<strong>los due\u00f1os de la casa allanada<\/strong>; la pareja encontrada en el allanamiento se habr\u00eda encargado de limpiar el lugar.<\/p>\n\n\n\n<p>La nueva hip\u00f3tesis del caso, seg\u00fan indicaron fuentes policiales a\u00a0<strong>Infobae<\/strong>, es que las mujeres habr\u00edan sido asesinadas en el lugar en el contexto de<strong>\u00a0una fiesta organizada por una banda vinculada a narcos de la Villa 1-11-14 del Bajo Flores<\/strong>, zona donde tambi\u00e9n apuntaron los celulares de las v\u00edctimas. Brenda y Morena ten\u00edan 20 a\u00f1os.<strong>\u00a0Lara, apenas 15.\u00a0<\/strong>El caso, por el momento, es\u00a0<strong>investigado por el fiscal Gast\u00f3n Dupl\u00e1a<\/strong>, con asiento en La Matanza, jurisdicci\u00f3n donde las mujeres fueron vistas por \u00faltima vez.<\/p>\n\n\n\n<p class=\"has-text-align-center\"><img decoding=\"async\" loading=\"lazy\" height=\"4024\" width=\"6048\" src=\"https:\/\/www.infobae.com\/resizer\/v2\/SH2GUHZZKFGVRLQM5POJTLIQDA.jpg?auth=c7afe7cd89e3e3594d210ecf10a6e74582085a326c5f6e2f5d0d4b541dd1f6eb&amp;smart=true&amp;width=350&amp;height=233&amp;quality=85\" alt=\"Vecinos en la zona donde\">Vecinos en la zona donde se encontraron los cuerpos<\/p>\n\n\n\n<p>Horas antes de la identificaci\u00f3n de los cuerpos, el abuelode las v\u00edctimas cont\u00f3: \u201cMe enter\u00e9 por mi yerno, que lo vio en la televisi\u00f3n. Yo me quedo ac\u00e1, tampoco quiero recibir una muy mala noticia.&nbsp;<strong>Eran las 4 de la ma\u00f1ana y estaba arrodillado en la cama. Lo \u00fanico que ped\u00eda era que aparezcan las nenas.<\/strong>&nbsp;No s\u00e9 en qu\u00e9 andaban. Yo tengo 30 a\u00f1os, no dispongo de decirte a mi hijo a mis nietos en qu\u00e9 andan o de qu\u00e9 trabajan. Morena siempre me dec\u00eda que trabajaba de camarera\u201d.<\/p>\n\n\n\n<p>Un vecino de la casa allanada complet\u00f3: \u201cEs una casa grande y tiene patio,\u00a0<strong>no es un aguantadero<\/strong>. M\u00e1s que nada vengo a dar la cara porque este es un lugar tranquilo.\u00a0<strong>Estamos todos consternados.\u00a0<\/strong>Es como que ustedes ma\u00f1ana salgan a la vereda y se encuentran con una escena como esta\u201d.<\/p>\n\n\n\n<p><strong>La desaparici\u00f3n y el reclamo de justicia<\/strong><\/p>\n\n\n\n<p>El martes \u00faltimo,&nbsp;<strong>familiares y vecinos de las j\u00f3venes desaparecidas se reunieron para manifestarse en la rotonda de La Tablada<\/strong>, en el cruce de Monse\u00f1or Bufano y Crovara, el mismo punto donde fueron vistas por \u00faltima vez, para exigir su hallazgo.<\/p>\n\n\n\n<p><strong>Norma<\/strong>, la madrina de Lara, la menor de las tres, dialog\u00f3 con\u00a0<em>LN+\u00a0<\/em>durante la manifestaci\u00f3n. \u201cSi est\u00e1, que vuelva, si puede volver, que vuelva. Si la tienen secuestrada que la devuelvan.\u00a0<strong>Me puedo esperar lo peor de este mundo, de este pa\u00eds<\/strong>. Nos vamos a quedar hasta que aparezcan las tres chicas. Hoy, ma\u00f1ana, pasado\u201d, asever\u00f3.<\/p>\n\n\n\n<p class=\"has-text-align-center\"><img decoding=\"async\" loading=\"lazy\" height=\"1080\" width=\"1920\" src=\"https:\/\/www.infobae.com\/resizer\/v2\/US2E4UHUWVBTDPJKCOY3NLHOFA.jpg?auth=4c32acb2f080cfb60c82639282a5edbc6fd94eefa23b7e494c03a5bbc5a08f07&amp;smart=true&amp;width=350&amp;height=197&amp;quality=85\" alt=\"El reclamo de las familias\">El reclamo de las familias de Brenda del Castillo, Morena Verdi y Lara Guti\u00e9rrez, desaparecidas en La Matanza<\/p>\n\n\n\n<p>\u201cHay muchas versiones. Muchas cosas se dicen, algunas verdades, otras mentiras. M\u00e1s all\u00e1 de lo que hayan hecho las chicas, si eran prostitutas o lo que sea, me pongo en el lugar de hermana, de prima, y&nbsp;<strong>no tengo palabras para decir lo que sentimos nosotros que somos de ac\u00e1, que las vemos siempre<\/strong>\u201d, finaliz\u00f3 Norma.<\/p>\n\n\n\n<p>Por lo pronto, fuentes judiciales estiman que\u00a0<strong>el control de la investigaci\u00f3n podr\u00eda pasar a manos de una fiscal\u00eda de Florencio Varela<\/strong>, la posible zona donde se cometi\u00f3 el crimen. Sin embargo, altos funcionarios en la jurisdicci\u00f3n de Quilmes consultado por este medio aseguraron no tener informaci\u00f3n al respecto.<\/p>\n\n\n\n<p class=\"has-text-align-center\"><img decoding=\"async\" loading=\"lazy\" height=\"4024\" width=\"6048\" src=\"https:\/\/www.infobae.com\/resizer\/v2\/HYFEU7TWU5CZRGJWRMYW3EXTPY.jpg?auth=b2975abbf6f032306b09f2570ac1afde0cdec0ea59c01edb44a3bf09f731d647&amp;smart=true&amp;width=350&amp;height=233&amp;quality=85\" alt=\"El lugar donde encontraron los\">El lugar donde encontraron los cuerpos<\/p>\n\n\n\n<p>Fuente Infobae<\/p>\n","protected":false},"excerpt":{"rendered":"<p>Lo confirm\u00f3 el abuelo de una de las v\u00edctimas. Se sospecha que Brenda del Castillo, Morena Verdi y Lara Guti\u00e9rrez habr\u00edan sido asesinadas por una banda de narcotraficantes de la Villa 1-11-14. Brenda, Morena y Lara, las v\u00edctimas La b\u00fasqueda de Brenda del Castillo, Morena Verdi y Lara Guti\u00e9rrez, las tres mujeres vistas por \u00faltima [&hellip;]<\/p>\n","protected":false},"author":5,"featured_media":433475,"comment_status":"open","ping_status":"open","sticky":false,"template":"","format":"standard","meta":{"_stopmodifiedupdate":false,"_modified_date":"","inline_featured_image":false,"spay_email":"","jetpack_publicize_message":""},"categories":[3],"tags":[],"jetpack_featured_media_url":"https:\/\/notinor.com\/jujuy\/wp-content\/uploads\/2025\/09\/CHICAS.jpg","jetpack_publicize_connections":[],"_links":{"self":[{"href":"https:\/\/notinor.com\/jujuy\/wp-json\/wp\/v2\/posts\/433474"}],"collection":[{"href":"https:\/\/notinor.com\/jujuy\/wp-json\/wp\/v2\/posts"}],"about":[{"href":"https:\/\/notinor.com\/jujuy\/wp-json\/wp\/v2\/types\/post"}],"author":[{"embeddable":true,"href":"https:\/\/notinor.com\/jujuy\/wp-json\/wp\/v2\/users\/5"}],"replies":[{"embeddable":true,"href":"https:\/\/notinor.com\/jujuy\/wp-json\/wp\/v2\/comments?post=433474"}],"version-history":[{"count":1,"href":"https:\/\/notinor.com\/jujuy\/wp-json\/wp\/v2\/posts\/433474\/revisions"}],"predecessor-version":[{"id":433476,"href":"https:\/\/notinor.com\/jujuy\/wp-json\/wp\/v2\/posts\/433474\/revisions\/433476"}],"wp:featuredmedia":[{"embeddable":true,"href":"https:\/\/notinor.com\/jujuy\/wp-json\/wp\/v2\/media\/433475"}],"wp:attachment":[{"href":"https:\/\/notinor.com\/jujuy\/wp-json\/wp\/v2\/media?parent=433474"}],"wp:term":[{"taxonomy":"category","embeddable":true,"href":"https:\/\/notinor.com\/jujuy\/wp-json\/wp\/v2\/categories?post=433474"},{"taxonomy":"post_tag","embeddable":true,"href":"https:\/\/notinor.com\/jujuy\/wp-json\/wp\/v2\/tags?post=433474"}],"curies":[{"name":"wp","href":"https:\/\/api.w.org\/{rel}","templated":true}]}}