{"id":433466,"date":"2025-09-24T11:49:36","date_gmt":"2025-09-24T14:49:36","guid":{"rendered":"https:\/\/notinor.com\/jujuy\/?p=433466"},"modified":"2025-09-24T11:51:10","modified_gmt":"2025-09-24T14:51:10","slug":"flybondi-suma-un-30-de-vuelos-a-jujuy-desde-octubre","status":"publish","type":"post","link":"https:\/\/notinor.com\/jujuy\/flybondi-suma-un-30-de-vuelos-a-jujuy-desde-octubre\/","title":{"rendered":"Flybondi suma un 30% de vuelos a Jujuy desde octubre"},"content":{"rendered":"\n<p class=\"has-medium-font-size\"><strong><em>La low cost ampl\u00eda su frecuencia entre Buenos Aires y Jujuy, ofreciendo m\u00e1s horarios y conectividad de cara a la temporada de verano 2025\/2026.<\/em><\/strong><\/p>\n\n\n<div class=\"wp-block-image\">\n<figure class=\"aligncenter\"><img decoding=\"async\" src=\"https:\/\/media.prensa.jujuy.gob.ar\/p\/edae32ebf6f3181ec1e2c2cc48c73ee7\/adjuntos\/301\/imagenes\/000\/417\/0000417504\/1200x0\/smart\/captura-pantalla-2025-09-22-las-233817.png\" alt=\"Flybondi suma un 30% de vuelos a Jujuy desde octubre\" title=\"Flybondi suma un 30% de vuelos a Jujuy desde octubre\"\/><figcaption class=\"wp-element-caption\">A pasrtir de octubre Flybondi incrementar\u00e1 sus vuelos a Jujuy<\/figcaption><\/figure><\/div>\n\n\n<p>Quienes elijan viajar a Jujuy tendr\u00e1n m\u00e1s alternativas a partir de octubre: Flybondi incrementar\u00e1 en un 30% la frecuencia de su ruta Buenos Aires\u2013Jujuy, que pasar\u00e1 de 14 a 18 vuelos semanales.<\/p>\n\n\n\n<p>La medida responde a la estrategia de la compa\u00f1\u00eda de reforzar su operaci\u00f3n en v\u00edsperas de la temporada alta de verano y facilitar el acceso a uno de los destinos m\u00e1s atractivos del Noroeste Argentino, reconocido por su diversidad cultural, sus paisajes \u00fanicos y su creciente propuesta gastron\u00f3mica y tur\u00edstica.<a href=\"https:\/\/media.prensa.jujuy.gob.ar\/p\/edae32ebf6f3181ec1e2c2cc48c73ee7\/adjuntos\/301\/imagenes\/000\/417\/0000417504\/1200x0\/smart\/captura-pantalla-2025-09-22-las-233817.png\"><\/a><\/p>\n\n\n\n<figure class=\"wp-block-image\"><img decoding=\"async\" src=\"https:\/\/media.prensa.jujuy.gob.ar\/p\/17e0394e3f7a6223ed3faa910dbc7b7a\/adjuntos\/301\/imagenes\/000\/417\/0000417505\/1200x0\/smart\/captura-pantalla-2025-09-22-las-233828.png\" alt=\"Flybondi suma un 30% de vuelos a Jujuy desde octubre\" title=\"Flybondi suma un 30% de vuelos a Jujuy desde octubre\"\/><\/figure>\n\n\n\n<p>\"Este refuerzo en la conectividad es fundamental para seguir potenciando el turismo en nuestra provincia. M\u00e1s vuelos significan m\u00e1s visitantes, m\u00e1s oportunidades para nuestros emprendedores y m\u00e1s desarrollo para todo el sector tur\u00edstico\", destac\u00f3 Federico Posadas, ministro de Cultura y Turismo de Jujuy.<\/p>\n\n\n\n<p>Para celebrar este aumento de frecuencias, Flybondi lanz\u00f3 el c\u00f3digo promocional exclusivo \"FLYJUJUY\", que ofrece un 20% de descuento en todas las rutas desde y hacia Jujuy. La promoci\u00f3n es v\u00e1lida para compras hasta el 15 de octubre y aplica a todos los vuelos publicados en el calendario de la aerol\u00ednea, sin incluir tasas e impuestos.<\/p>\n\n\n\n<figure class=\"wp-block-image\"><img decoding=\"async\" src=\"https:\/\/media.prensa.jujuy.gob.ar\/p\/ca7b3df7e3952bcf00d2b28e234cfdc2\/adjuntos\/301\/imagenes\/000\/417\/0000417503\/1200x0\/smart\/captura-pantalla-2025-09-22-las-233648.png\" alt=\"Flybondi suma un 30% de vuelos a Jujuy desde octubre\" title=\"Flybondi suma un 30% de vuelos a Jujuy desde octubre\"\/><\/figure>\n\n\n\n<p>Las nuevas frecuencias ya est\u00e1n disponibles para reserva en la web de la aerol\u00ednea y brindar\u00e1n mayor flexibilidad horaria para quienes deseen explorar el norte argentino.<\/p>\n\n\n\n<p>El aumento de vuelos hacia Jujuy forma parte de un plan m\u00e1s amplio que incluye refuerzos en otras ocho rutas nacionales estrat\u00e9gicas, como Mendoza, Salta, Tucum\u00e1n y Puerto Iguaz\u00fa, consolidando a Flybondi como uno de los jugadores clave de la conectividad dom\u00e9stica.<\/p>\n\n\n\n<p>Flybondi comenz\u00f3 a operar en Argentina en enero de 2018. Con una flota de 15 aeronaves, conecta 17 destinos nacionales y 8 internacionales.<\/p>\n\n\n\n<p>Desde su inicio, transport\u00f3 m\u00e1s de 16 millones de pasajeros y actualmente mantiene una participaci\u00f3n del 17% en el mercado dom\u00e9stico.<\/p>\n\n\n\n<p>Para comprar los pasajes, ingresar a: https:\/\/flybondi.com\/ar<\/p>\n","protected":false},"excerpt":{"rendered":"<p>La low cost ampl\u00eda su frecuencia entre Buenos Aires y Jujuy, ofreciendo m\u00e1s horarios y conectividad de cara a la temporada de verano 2025\/2026. Quienes elijan viajar a Jujuy tendr\u00e1n m\u00e1s alternativas a partir de octubre: Flybondi incrementar\u00e1 en un 30% la frecuencia de su ruta Buenos Aires\u2013Jujuy, que pasar\u00e1 de 14 a 18 vuelos [&hellip;]<\/p>\n","protected":false},"author":5,"featured_media":433467,"comment_status":"open","ping_status":"open","sticky":false,"template":"","format":"standard","meta":{"_stopmodifiedupdate":false,"_modified_date":"","inline_featured_image":false,"spay_email":"","jetpack_publicize_message":""},"categories":[2],"tags":[],"jetpack_featured_media_url":"https:\/\/notinor.com\/jujuy\/wp-content\/uploads\/2025\/09\/FLYBONDI.jpg","jetpack_publicize_connections":[],"_links":{"self":[{"href":"https:\/\/notinor.com\/jujuy\/wp-json\/wp\/v2\/posts\/433466"}],"collection":[{"href":"https:\/\/notinor.com\/jujuy\/wp-json\/wp\/v2\/posts"}],"about":[{"href":"https:\/\/notinor.com\/jujuy\/wp-json\/wp\/v2\/types\/post"}],"author":[{"embeddable":true,"href":"https:\/\/notinor.com\/jujuy\/wp-json\/wp\/v2\/users\/5"}],"replies":[{"embeddable":true,"href":"https:\/\/notinor.com\/jujuy\/wp-json\/wp\/v2\/comments?post=433466"}],"version-history":[{"count":2,"href":"https:\/\/notinor.com\/jujuy\/wp-json\/wp\/v2\/posts\/433466\/revisions"}],"predecessor-version":[{"id":433470,"href":"https:\/\/notinor.com\/jujuy\/wp-json\/wp\/v2\/posts\/433466\/revisions\/433470"}],"wp:featuredmedia":[{"embeddable":true,"href":"https:\/\/notinor.com\/jujuy\/wp-json\/wp\/v2\/media\/433467"}],"wp:attachment":[{"href":"https:\/\/notinor.com\/jujuy\/wp-json\/wp\/v2\/media?parent=433466"}],"wp:term":[{"taxonomy":"category","embeddable":true,"href":"https:\/\/notinor.com\/jujuy\/wp-json\/wp\/v2\/categories?post=433466"},{"taxonomy":"post_tag","embeddable":true,"href":"https:\/\/notinor.com\/jujuy\/wp-json\/wp\/v2\/tags?post=433466"}],"curies":[{"name":"wp","href":"https:\/\/api.w.org\/{rel}","templated":true}]}}