{"id":433343,"date":"2025-09-22T13:00:28","date_gmt":"2025-09-22T16:00:28","guid":{"rendered":"https:\/\/notinor.com\/jujuy\/?p=433343"},"modified":"2025-09-22T13:00:30","modified_gmt":"2025-09-22T16:00:30","slug":"pampita-hablo-del-robo-a-su-casa-se-llevaron-fotos-de-un-valor-incalculable","status":"publish","type":"post","link":"https:\/\/notinor.com\/jujuy\/pampita-hablo-del-robo-a-su-casa-se-llevaron-fotos-de-un-valor-incalculable\/","title":{"rendered":"Pampita habl\u00f3 del robo a su casa: \u201cSe llevaron fotos de un valor incalculable\u201d"},"content":{"rendered":"\n<p class=\"has-medium-font-size\"><strong><em>La modelo se mostr\u00f3 muy dolida tras el asalto que sufri\u00f3 cuando estaba de viaje.<\/em><\/strong><\/p>\n\n\n<div class=\"wp-block-image\">\n<figure class=\"aligncenter size-full\"><img decoding=\"async\" loading=\"lazy\" width=\"763\" height=\"429\" src=\"https:\/\/notinor.com\/jujuy\/wp-content\/uploads\/2025\/09\/PAMPA.jpg\" alt=\"\" class=\"wp-image-433344\" srcset=\"https:\/\/notinor.com\/jujuy\/wp-content\/uploads\/2025\/09\/PAMPA.jpg 763w, https:\/\/notinor.com\/jujuy\/wp-content\/uploads\/2025\/09\/PAMPA-649x365.jpg 649w, https:\/\/notinor.com\/jujuy\/wp-content\/uploads\/2025\/09\/PAMPA-500x280.jpg 500w, https:\/\/notinor.com\/jujuy\/wp-content\/uploads\/2025\/09\/PAMPA-750x422.jpg 750w\" sizes=\"(max-width: 763px) 100vw, 763px\" \/><figcaption class=\"wp-element-caption\">Pampita se mostr\u00f3 consternada por el asalto a su casa<\/figcaption><\/figure><\/div>\n\n\n<p>Tras el robo que <strong>Pampita Ardohain<\/strong> sufri\u00f3 en su casa de\u00a0<strong>Barrio Parque<\/strong>, la conductora habl\u00f3 del hecho y se mostr\u00f3 muy dolida por lo que ocurri\u00f3. Entre las cosas que se llevaron hab\u00eda\u00a0<strong>varios tel\u00e9fonos celulares con im\u00e1genes que su hija Blanca,<\/strong>\u00a0que muri\u00f3 en 2012.<\/p>\n\n\n\n<p>\u201cLo \u00fanico que me da much\u00edsima tristeza es no tener esos videos y fotos, que&nbsp;<strong>tienen un valor incalculable para m\u00ed<\/strong>\u201d, asegur\u00f3.<\/p>\n\n\n\n<p>La modelo, adem\u00e1s, dijo que le agradeci\u00f3 a Dios porque nadie de su familia estaba en la casa cuando se produjo el asalto. \u201cEs en lo \u00fanico que pens\u00e9 en estas horas porque no est\u00e1bamos ni nosotros ni nadie de la gente que trabaja conmigo.<strong>&nbsp;Podr\u00eda haber sido un muy mal momento para todos<\/strong>\u201d, afirm\u00f3.<\/p>\n\n\n\n<p>La conductora de&nbsp;<em>Los 8 Escalones<\/em>&nbsp;(<em>eltrece<\/em>) asegur\u00f3 que no pod\u00eda dar muchos datos m\u00e1s porque en la causa hay secreto de sumario. \u201cNo puedo decir nada del tema.&nbsp;<strong>Solo agradecer a Dios y pedir por esos tel\u00e9fonos<\/strong>&nbsp;(que se llevaron). No puedo encontrar ese material en ning\u00fan otro lado\u201d, remarc\u00f3.<\/p>\n\n\n\n<p>Pampita explic\u00f3 que las im\u00e1genes m\u00e1s importantes que perdi\u00f3 el robo eran de Blanca, la hija que tuvo con Benjam\u00edn Vicu\u00f1a y que muri\u00f3 en 2012.<\/p>\n\n\n\n<p>\u201cLes ofrezco recompensa, obviamente, porque hace muchos a\u00f1os me hackearon el mail y no tengo acceso al iCloud de esas fotos y videos de los 6 a\u00f1os de la vida de mi hija. Est\u00e1n en esos tel\u00e9fonos. Es lo \u00fanico importante para m\u00ed\u201d, manifest\u00f3.<\/p>\n\n\n\n<p><strong>\u201c\u00bfTe sent\u00eds insegura ahora?\u201c,<\/strong>&nbsp;pregunt\u00f3 uno de los cronistas que hablaban con la modelo, mientras estaba sentada en el asiento del acompa\u00f1ante de un auto.<\/p>\n\n\n\n<p>\u201d\u00bfCu\u00e1ntas veces les dije que no enfoquen la puerta de mi casa? Lo dije reiteradas veces. Cuando me mud\u00e9, cuando, cuando tuve problemas personales.&nbsp;<strong>Hay que cuidar la intimidad de la vivienda. Es peligroso<\/strong>\u201c, respondi\u00f3.<\/p>\n\n\n\n<p><strong>C\u00f3mo fue el robo a la casa de Pampita<\/strong><\/p>\n\n\n\n<p>La conductora televisiva <strong>Pampita Ardohai<\/strong>n sufri\u00f3 un robo en su casa mientras estaba de viaje en Espa\u00f1a, de acuerdo a lo que confirm\u00f3<strong>\u00a0TN Show<\/strong>\u00a0con fuentes policiales.<\/p>\n\n\n\n<p>Seg\u00fan la informaci\u00f3n que trascendi\u00f3 los ladrones se habr\u00edan llevado joyas y dinero de una caja fuerte de la vivienda que<strong>&nbsp;la modelo tiene en Barrio Parque.&nbsp;<\/strong>Pampita confirm\u00f3 que tambi\u00e9n le robaron tel\u00e9fonos con fotos y videos familiares.<\/p>\n\n\n<div class=\"wp-block-image\">\n<figure class=\"aligncenter\"><img decoding=\"async\" src=\"https:\/\/tn.com.ar\/resizer\/v2\/pampita-durante-el-evento-al-que-asistio-en-espana-foto-instagrampampitaoficial-XJYAGVTQJ5AXLHAPIENJLQ33BE.png?auth=3ae7ab37f81778963fe26bb28dd78970c0133f861458af6b306b430d1d02c10b&amp;width=767\" alt=\"Pampita, durante el evento al que asisti\u00f3 en Espa\u00f1a. (Foto: Instagram\/pampitaoficial)\"\/><figcaption class=\"wp-element-caption\">Pampita, durante el evento al que asisti\u00f3 en Espa\u00f1a<\/figcaption><\/figure><\/div>\n\n\n<p>Los ladrones aprovecharon que la famosa presentadora no estaba en el pa\u00eds para irrumpir en la casa y llevarse diversos objetos de valor. Hab\u00eda viajado a Espa\u00f1a para un evento de la empresa Carolina Herrera, que por primera vez en 40 a\u00f1os traslad\u00f3 su desfile de Nueva York a la&nbsp;<strong>Plaza Mayor de Madrid.<\/strong><\/p>\n\n\n\n<p>Pampita vive en uno de los<strong>&nbsp;barrios de lujo m\u00e1s importantes de la Ciudad de Buenos Aires&nbsp;<\/strong>en donde no es com\u00fan que ocurran este tipo de robos.<\/p>\n","protected":false},"excerpt":{"rendered":"<p>La modelo se mostr\u00f3 muy dolida tras el asalto que sufri\u00f3 cuando estaba de viaje. Tras el robo que Pampita Ardohain sufri\u00f3 en su casa de\u00a0Barrio Parque, la conductora habl\u00f3 del hecho y se mostr\u00f3 muy dolida por lo que ocurri\u00f3. Entre las cosas que se llevaron hab\u00eda\u00a0varios tel\u00e9fonos celulares con im\u00e1genes que su hija [&hellip;]<\/p>\n","protected":false},"author":5,"featured_media":433344,"comment_status":"open","ping_status":"open","sticky":false,"template":"","format":"standard","meta":{"_stopmodifiedupdate":false,"_modified_date":"","inline_featured_image":false,"spay_email":"","jetpack_publicize_message":""},"categories":[21],"tags":[],"jetpack_featured_media_url":"https:\/\/notinor.com\/jujuy\/wp-content\/uploads\/2025\/09\/PAMPA.jpg","jetpack_publicize_connections":[],"_links":{"self":[{"href":"https:\/\/notinor.com\/jujuy\/wp-json\/wp\/v2\/posts\/433343"}],"collection":[{"href":"https:\/\/notinor.com\/jujuy\/wp-json\/wp\/v2\/posts"}],"about":[{"href":"https:\/\/notinor.com\/jujuy\/wp-json\/wp\/v2\/types\/post"}],"author":[{"embeddable":true,"href":"https:\/\/notinor.com\/jujuy\/wp-json\/wp\/v2\/users\/5"}],"replies":[{"embeddable":true,"href":"https:\/\/notinor.com\/jujuy\/wp-json\/wp\/v2\/comments?post=433343"}],"version-history":[{"count":1,"href":"https:\/\/notinor.com\/jujuy\/wp-json\/wp\/v2\/posts\/433343\/revisions"}],"predecessor-version":[{"id":433345,"href":"https:\/\/notinor.com\/jujuy\/wp-json\/wp\/v2\/posts\/433343\/revisions\/433345"}],"wp:featuredmedia":[{"embeddable":true,"href":"https:\/\/notinor.com\/jujuy\/wp-json\/wp\/v2\/media\/433344"}],"wp:attachment":[{"href":"https:\/\/notinor.com\/jujuy\/wp-json\/wp\/v2\/media?parent=433343"}],"wp:term":[{"taxonomy":"category","embeddable":true,"href":"https:\/\/notinor.com\/jujuy\/wp-json\/wp\/v2\/categories?post=433343"},{"taxonomy":"post_tag","embeddable":true,"href":"https:\/\/notinor.com\/jujuy\/wp-json\/wp\/v2\/tags?post=433343"}],"curies":[{"name":"wp","href":"https:\/\/api.w.org\/{rel}","templated":true}]}}