{"id":433340,"date":"2025-09-22T12:41:47","date_gmt":"2025-09-22T15:41:47","guid":{"rendered":"https:\/\/notinor.com\/jujuy\/?p=433340"},"modified":"2025-09-22T12:41:49","modified_gmt":"2025-09-22T15:41:49","slug":"el-campo-respaldo-la-eliminacion-de-retenciones-pero-le-pidio-al-gobierno-que-sea-una-medida-permanente","status":"publish","type":"post","link":"https:\/\/notinor.com\/jujuy\/el-campo-respaldo-la-eliminacion-de-retenciones-pero-le-pidio-al-gobierno-que-sea-una-medida-permanente\/","title":{"rendered":"El campo respald\u00f3 la eliminaci\u00f3n de retenciones, pero le pidi\u00f3 al Gobierno que sea una medida permanente"},"content":{"rendered":"\n<p class=\"has-medium-font-size\"><strong><em>En di\u00e1logo con TN, el presidente de la Sociedad Rural Argentina destac\u00f3 la medida. \u201cSeguramente la liquidaci\u00f3n ser\u00e1 de un monto importante de dinero\u201d, afirm<\/em><\/strong>\u00f3.<\/p>\n\n\n<div class=\"wp-block-image\">\n<figure class=\"aligncenter size-full is-resized\"><img decoding=\"async\" loading=\"lazy\" src=\"https:\/\/notinor.com\/jujuy\/wp-content\/uploads\/2025\/09\/CAMPO.jpg\" alt=\"\" class=\"wp-image-433341\" width=\"776\" height=\"514\" srcset=\"https:\/\/notinor.com\/jujuy\/wp-content\/uploads\/2025\/09\/CAMPO.jpg 681w, https:\/\/notinor.com\/jujuy\/wp-content\/uploads\/2025\/09\/CAMPO-551x365.jpg 551w\" sizes=\"(max-width: 776px) 100vw, 776px\" \/><figcaption class=\"wp-element-caption\">El Presidente Javier Milei junto al Ministro de Econom\u00eda Luis Caputo y la Secretaria Gral de Presidencia Karina Milei en la apertura de la Exhibici\u00f3n Anual en la Sociedad Rural<\/figcaption><\/figure><\/div>\n\n\n<p>El campo respald\u00f3 al Gobierno tras la\u00a0<strong>eliminaci\u00f3n de retenciones a todos los granos<\/strong> hasta el 31 de octubre, pero le pidi\u00f3 que la medida se transforme en permanente.<\/p>\n\n\n\n<p>El presidente de la Sociedad Rural Argentina (SRA),&nbsp;<strong>Nicol\u00e1s Pino,&nbsp;<\/strong>fue el primero en destacar la decisi\u00f3n tomada por el Gobierno y anunciada por el vocero presidencial, Manuel Adorni.<\/p>\n\n\n\n<p>\u201cLa primera lectura es que el Gobierno tom\u00f3 una medida que&nbsp;<strong>el campo viene pidiendo hace un mont\u00f3n de a\u00f1os<\/strong>\u201c,se\u00f1al\u00f3 Pino, en di\u00e1logo exclusivo con&nbsp;<strong>TN.<\/strong><\/p>\n\n\n\n<p>El titular de <strong>la entidad rural<\/strong> advirti\u00f3 que<strong>\u00a0\u201clas medidas temporales no son del todo justas<\/strong>\u201d, en relaci\u00f3n con los productores rurales que vendieron durante las \u00faltimas semanas.<\/p>\n\n\n\n<p>A su vez, insisti\u00f3 en que la medida tomada por el Gobierno se establezca de manera permanente: \u201cVeamos c\u00f3mo podemos lograr que esta temporalidad pase a ser permanente\u201d.<\/p>\n\n\n\n<p>\u201cSe entiende que sea hasta el 31 por esa necesidad del Banco Central. Sobre esa necesidad del Gobierno, nosotros tenemos que tener la capacidad y la tenacidad de mostrar que&nbsp;<strong>retenciones cero son virtuosas no solo para los productores sino para la Argentina\u201d,&nbsp;<\/strong>se\u00f1al\u00f3 en un mensaje dirigido a la Sociedad Rural.<\/p>\n\n\n\n<figure class=\"wp-block-image\"><img decoding=\"async\" src=\"https:\/\/tn.com.ar\/resizer\/v2\/argentinas-president-javier-milei-gestures-next-to-argentine-economy-minister-luis-caputo-and-general-secretary-of-the-presidency-of-argentina-karina-milei-during-the-official-opening-ceremony-of-the-rural-societys-137th-annual-exhibition-in-buenos-aires-argentina-july-26-2025-reutersmatias-baglietto-IH2XCECJLJ5VPKPXPXJIHYNIBM.jpg?auth=6969b3553200acc664f5ace574bd80f0a6ed6e5afcefc36e9ce097c428fdda18&amp;width=767\" alt=\"Argentina's President Javier Milei gestures next to Argentine Economy Minister Luis Caputo and General Secretary of the Presidency of Argentina Karina Milei during the official opening ceremony of the Rural Society's 137th annual exhibition, in Buenos Aires, Argentina, July 26, 2025. REUTERS\/Matias Baglietto\"\/><figcaption class=\"wp-element-caption\">Argentina's President Javier Milei gestures next to Argentine Economy Minister Luis Caputo and General Secretary of the Presidency of Argentina Karina Milei during the official opening ceremony of the Rural Society's 137th annual exhibition, in Buenos Aires, Argentina, July 26, 2025. REUTERS\/Matias Baglietto<\/figcaption><\/figure>\n\n\n\n<p>El <strong>presidente de la SRA<\/strong> adelant\u00f3 que la liquidaci\u00f3n hasta fin de octubre \"<strong>ser\u00e1 de un monto importante de dinero\"\u00a0<\/strong>y revel\u00f3 que la quita de retenciones es uno de los principales temas que trata con el presidente.<\/p>\n\n\n\n<p>\u201cCuando nos encontramos, lo primero que les decimos es sobre los derechos de exportaci\u00f3n.&nbsp;<strong>Es el impuesto m\u00e1s nefasto de todos,<\/strong>&nbsp;disminuye la capacidad productiva y la inversi\u00f3n, es todo para atr\u00e1s. Lo ven\u00edamos hablando permanente con Milei\u201d, se\u00f1al\u00f3 Pino.<\/p>\n\n\n\n<p>En esa l\u00ednea, agreg\u00f3: \u201cLos tiempos y necesidades del orden econ\u00f3mico llevan a que el Gobierno vaya tomando medidas como las va tomando, pero no me cabe duda que&nbsp;<strong>el destino que plantea el Gobierno para este impuesto nefasto es llegar a lo que tenemos ahora,<\/strong>&nbsp;que es retenciones cero\u201d<\/p>\n\n\n\n<p>La presidente de la Federaci\u00f3n Agraria Argentina (FAA),&nbsp;<strong>Andrea Sarnari<\/strong>, fue mucho m\u00e1s dura con el Gobierno que Nicol\u00e1s Pino y apunt\u00f3 a los motivos detr\u00e1s de la medida.<\/p>\n\n\n\n<p>\u201cHemos dicho incansablemente que las medidas de car\u00e1cter transitorio&nbsp;<strong>no benefician al sector productivo<\/strong>, que no nos dan esa previsibilidad que los productores necesitamos al momento de encarar una inversi\u00f3n para una pr\u00f3xima cosecha\", plante\u00f3 en un inicio.<\/p>\n\n\n\n<p>Sarnari reclam\u00f3 que los productores de peque\u00f1a y mediana escala ya vendieron sus granos y no ser\u00e1n beneficiados por la decisi\u00f3n del Gobierno.<\/p>\n\n\n\n<p>\u201cSeguramente&nbsp;<strong>los beneficiados ser\u00e1n quienes pudieron y tuvieron la espalda para guardar los granos<\/strong>, especialmente los exportadores y no los productores que necesitamos de los recursos para poder volver a invertir\u201d, agreg\u00f3.<\/p>\n\n\n\n<figure class=\"wp-block-image\"><img decoding=\"async\" src=\"https:\/\/tn.com.ar\/resizer\/v2\/el-vocero-presidencial-manuel-adorni-anuncio-la-quita-de-retenciones-a-todos-los-granos-hasta-el-31-de-octubre-foto-xmadorni-COR6ZO72MVEKBD2VRDOP42K5U4.jpg?auth=c6c1ec698b57f4551b414b8aad572c7780b5158d88207d35f24c29e3beedd241&amp;width=767\" alt=\"El vocero presidencial, Manuel Adorni, anunci\u00f3 la quita de retenciones a todos los granos hasta el 31 de octubre. (Foto: X\/@MAdorni).\"\/><figcaption class=\"wp-element-caption\">El vocero presidencial, Manuel Adorni, anunci\u00f3 la quita de retenciones a todos los granos hasta el 31 de octubre. (Foto: X\/@MAdorni).<\/figcaption><\/figure>\n\n\n\n<p>A su vez, la titular de la FAA aclar\u00f3 que necesitan \u201cque la presi\u00f3n impositiva ceda, que las retenciones vayan bajando\u201d, pero insisti\u00f3 en que&nbsp;<strong>la baja \u201csea gradual, por el impacto que va a tener intrasector\u201d.<\/strong><\/p>\n\n\n\n<p>La <strong>productora agropecuaria\u00a0<\/strong>remarc\u00f3 en que los productores de carne y de l\u00e1cteos \u201cvan a sentir un cimbronazo en el costo que tiene el alimento para los animales\u201d.<\/p>\n\n\n\n<p>En ese sentido, sentenci\u00f3:&nbsp;<strong>\u201cNo parece ser una medida que est\u00e9 pensada en el sector productivo&nbsp;<\/strong>y en lo que necesita el campo para poder pegar un salto y tener rentabilidad y poder seguir produciendo mucho mejor\".<\/p>\n\n\n\n<p>El presidente de la Confederaci\u00f3n Rural Argentina (CRA),&nbsp;<strong>Carlos Castignani,&nbsp;<\/strong>reconoci\u00f3 estar sorprendido por la decisi\u00f3n dispuesta por el Gobierno. \u201cEs un reclamo que ven\u00edamos haciendo\u201d, se\u00f1al\u00f3.<\/p>\n\n\n\n<p>\u201cQuiz\u00e1s los motivos que han llevado a tomar esta medida sean otros, pero creo que<strong>&nbsp;para el sector es una noticia importante\u201d,&nbsp;<\/strong>dijo Castignani, en di\u00e1logo con&nbsp;<em>Urbana Play.<\/em><\/p>\n\n\n\n<p>El titular de la CRA explic\u00f3 que los productores de carne tienen un 5% de retenciones y que la eliminaci\u00f3n de este impuesto \u201ces volver a la normalidad\u201d.<\/p>\n\n\n\n<p>Castignani aclar\u00f3 que desde su sector no fueron convocados a una reuni\u00f3 con el Gobierno y descart\u00f3 una suba de precios en la carne: \u201cEl impacto es en los granos, no deber\u00eda impactar en la carne porque el precio internacional es el de exportaci\u00f3n\u201d<\/p>\n\n\n\n<p>Fuente TN<\/p>\n","protected":false},"excerpt":{"rendered":"<p>En di\u00e1logo con TN, el presidente de la Sociedad Rural Argentina destac\u00f3 la medida. \u201cSeguramente la liquidaci\u00f3n ser\u00e1 de un monto importante de dinero\u201d, afirm\u00f3. El campo respald\u00f3 al Gobierno tras la\u00a0eliminaci\u00f3n de retenciones a todos los granos hasta el 31 de octubre, pero le pidi\u00f3 que la medida se transforme en permanente. El presidente [&hellip;]<\/p>\n","protected":false},"author":5,"featured_media":433341,"comment_status":"open","ping_status":"open","sticky":false,"template":"","format":"standard","meta":{"_stopmodifiedupdate":false,"_modified_date":"","inline_featured_image":false,"spay_email":"","jetpack_publicize_message":""},"categories":[2542],"tags":[],"jetpack_featured_media_url":"https:\/\/notinor.com\/jujuy\/wp-content\/uploads\/2025\/09\/CAMPO.jpg","jetpack_publicize_connections":[],"_links":{"self":[{"href":"https:\/\/notinor.com\/jujuy\/wp-json\/wp\/v2\/posts\/433340"}],"collection":[{"href":"https:\/\/notinor.com\/jujuy\/wp-json\/wp\/v2\/posts"}],"about":[{"href":"https:\/\/notinor.com\/jujuy\/wp-json\/wp\/v2\/types\/post"}],"author":[{"embeddable":true,"href":"https:\/\/notinor.com\/jujuy\/wp-json\/wp\/v2\/users\/5"}],"replies":[{"embeddable":true,"href":"https:\/\/notinor.com\/jujuy\/wp-json\/wp\/v2\/comments?post=433340"}],"version-history":[{"count":1,"href":"https:\/\/notinor.com\/jujuy\/wp-json\/wp\/v2\/posts\/433340\/revisions"}],"predecessor-version":[{"id":433342,"href":"https:\/\/notinor.com\/jujuy\/wp-json\/wp\/v2\/posts\/433340\/revisions\/433342"}],"wp:featuredmedia":[{"embeddable":true,"href":"https:\/\/notinor.com\/jujuy\/wp-json\/wp\/v2\/media\/433341"}],"wp:attachment":[{"href":"https:\/\/notinor.com\/jujuy\/wp-json\/wp\/v2\/media?parent=433340"}],"wp:term":[{"taxonomy":"category","embeddable":true,"href":"https:\/\/notinor.com\/jujuy\/wp-json\/wp\/v2\/categories?post=433340"},{"taxonomy":"post_tag","embeddable":true,"href":"https:\/\/notinor.com\/jujuy\/wp-json\/wp\/v2\/tags?post=433340"}],"curies":[{"name":"wp","href":"https:\/\/api.w.org\/{rel}","templated":true}]}}